{"id":802,"date":"2025-04-28T12:51:55","date_gmt":"2025-04-28T17:51:55","guid":{"rendered":"https:\/\/radiomiaboyaca.com\/?p=802"},"modified":"2025-04-28T12:52:34","modified_gmt":"2025-04-28T17:52:34","slug":"red-movil-mejorada-acompano-a-cientos-de-ciclistas-en-la-ruta-de-la-cronoescalada-las-palmas-en-medellin-ruta-colombia-movistar","status":"publish","type":"post","link":"https:\/\/radiomiaboyaca.com\/index.php\/2025\/04\/28\/red-movil-mejorada-acompano-a-cientos-de-ciclistas-en-la-ruta-de-la-cronoescalada-las-palmas-en-medellin-ruta-colombia-movistar\/","title":{"rendered":"Red M\u00f3vil mejorada acompa\u00f1\u00f3 a cientos de ciclistas en la ruta de la Cronoescalada las Palmas en Medell\u00edn Ruta Colombia Movistar."},"content":{"rendered":"<figure class=\"wp-block-post-featured-image\"><img width=\"1068\" height=\"713\" src=\"https:\/\/radiomiaboyaca.com\/wp-content\/uploads\/2025\/04\/491424618_18497757436019228_7382328609694178386_n.jpg\" class=\"attachment-post-thumbnail size-post-thumbnail wp-post-image\" alt=\"Red M\u00f3vil mejorada acompa\u00f1\u00f3 a cientos de ciclistas en la ruta de la Cronoescalada las Palmas en Medell\u00edn Ruta Colombia Movistar.\" loading=\"lazy\" srcset=\"https:\/\/radiomiaboyaca.com\/wp-content\/uploads\/2025\/04\/491424618_18497757436019228_7382328609694178386_n.jpg 1068w, https:\/\/radiomiaboyaca.com\/wp-content\/uploads\/2025\/04\/491424618_18497757436019228_7382328609694178386_n-300x200.jpg 300w, https:\/\/radiomiaboyaca.com\/wp-content\/uploads\/2025\/04\/491424618_18497757436019228_7382328609694178386_n-1024x684.jpg 1024w, https:\/\/radiomiaboyaca.com\/wp-content\/uploads\/2025\/04\/491424618_18497757436019228_7382328609694178386_n-768x513.jpg 768w\" sizes=\"(max-width: 1068px) 100vw, 1068px\" \/><\/figure>\n\n\n<p>Cortes\u00eda: Oficina de Comunicaciones Telef\u00f3nica Movistar Colombia.<\/p>\n","protected":false},"excerpt":{"rendered":"<p>Cortes\u00eda: Oficina de Comunicaciones Telef\u00f3nica Movistar Colombia.<\/p>\n","protected":false},"author":1,"featured_media":803,"comment_status":"open","ping_status":"open","sticky":false,"template":"","format":"standard","meta":{"om_disable_all_campaigns":false,"_monsterinsights_skip_tracking":false,"_monsterinsights_sitenote_active":false,"_monsterinsights_sitenote_note":"","_monsterinsights_sitenote_category":0},"categories":[3,9,1],"tags":[],"_links":{"self":[{"href":"https:\/\/radiomiaboyaca.com\/index.php\/wp-json\/wp\/v2\/posts\/802"}],"collection":[{"href":"https:\/\/radiomiaboyaca.com\/index.php\/wp-json\/wp\/v2\/posts"}],"about":[{"href":"https:\/\/radiomiaboyaca.com\/index.php\/wp-json\/wp\/v2\/types\/post"}],"author":[{"embeddable":true,"href":"https:\/\/radiomiaboyaca.com\/index.php\/wp-json\/wp\/v2\/users\/1"}],"replies":[{"embeddable":true,"href":"https:\/\/radiomiaboyaca.com\/index.php\/wp-json\/wp\/v2\/comments?post=802"}],"version-history":[{"count":1,"href":"https:\/\/radiomiaboyaca.com\/index.php\/wp-json\/wp\/v2\/posts\/802\/revisions"}],"predecessor-version":[{"id":804,"href":"https:\/\/radiomiaboyaca.com\/index.php\/wp-json\/wp\/v2\/posts\/802\/revisions\/804"}],"wp:featuredmedia":[{"embeddable":true,"href":"https:\/\/radiomiaboyaca.com\/index.php\/wp-json\/wp\/v2\/media\/803"}],"wp:attachment":[{"href":"https:\/\/radiomiaboyaca.com\/index.php\/wp-json\/wp\/v2\/media?parent=802"}],"wp:term":[{"taxonomy":"category","embeddable":true,"href":"https:\/\/radiomiaboyaca.com\/index.php\/wp-json\/wp\/v2\/categories?post=802"},{"taxonomy":"post_tag","embeddable":true,"href":"https:\/\/radiomiaboyaca.com\/index.php\/wp-json\/wp\/v2\/tags?post=802"}],"curies":[{"name":"wp","href":"https:\/\/api.w.org\/{rel}","templated":true}]}}