{"id":2688,"date":"2026-09-05T02:12:09","date_gmt":"2026-09-05T07:12:09","guid":{"rendered":"https:\/\/radiomiaboyaca.com\/?p=2688"},"modified":"2026-09-06T01:42:35","modified_gmt":"2026-09-06T06:42:35","slug":"vuelta-a-espana-la-subida-a-la-pandera-territorio-para-que-se-luzcan-los-mas-grandes","status":"publish","type":"post","link":"https:\/\/radiomiaboyaca.com\/index.php\/2026\/09\/05\/vuelta-a-espana-la-subida-a-la-pandera-territorio-para-que-se-luzcan-los-mas-grandes\/","title":{"rendered":"Vuelta a Espa\u00f1a: la subida a La Pandera, territorio para que se luzcan los m\u00e1s grandes"},"content":{"rendered":"<p>La Vuelta a Espa\u00f1a de 2026 sigue en territorio monta\u00f1oso. Y no hay mejor final que el de La Pandera, un puerto muy utilizado en los \u00faltimos a\u00f1os por parte de Unipublic y que refleja muy bien lo que la organizaci\u00f3n desea: concentrar la emoci\u00f3n en la subida final. Ah\u00ed veremos a los grandes nombres de la ronda espa\u00f1ola pelear por el maillot rojo y, tal vez, incluso tambi\u00e9n por el triunfo parcial.<\/p>\n<p>La etapa arrancar\u00e1 desde <strong>Ja\u00e9n<\/strong> y finalizar\u00e1 en <strong>Sierra de la Pandera<\/strong>. En total, son 155 kil\u00f3metros con tres altos puntuables, dos de ellos de 2\u00aa categor\u00eda y uno de 1\u00aa, el ya citado Sierra de la Pandera. Sin embargo, la etapa incluye muchas m\u00e1s ascensiones que no han sido consideradas como altos puntuables, pero que dejar\u00e1n las secuelas en las piernas de los corredores en una jornada que obligar\u00e1 a los ciclistas a superar los <strong>4.000 metros de desnivel acumulado<\/strong>.<\/p>\n<p>Puertoviejo (2\u00aa), con 10,5 kil\u00f3mertros al 5,4% de pendiente media es la primera toma de contacto. La segunda es el Puerto de Locub\u00edn, con 8,8 kil\u00f3metros al 5,1% de pendiente media. Esa es la zona m\u00e1s caliente del d\u00eda, puesto que casi en el final de la bajada&#8230; comenzamos con la subida final, un puerto que arranca con el famoso muro de <strong>Valdepe\u00f1as de Ja\u00e9n<\/strong>, con 600 metros al 10% de pendiente media, un calentamiento m\u00e1s que serio antes de la ascensi\u00f3n final, <strong>La Pandera<\/strong>, con casi 12 kil\u00f3metros al 7,5% de pendiente media, es decir, territorio m\u00e1s que suficiente para dinamitar todo el pelot\u00f3n.<\/p>\n<p>FOTO: PROCYCLINGSTATS.COM<\/p>\n<p>La entrada <a rel=\"nofollow\" href=\"https:\/\/www.zikloland.com\/vuelta-a-espana-la-subida-a-la-pandera-territorio-para-que-se-luzcan-los-mas-grandes\/\">Vuelta a Espa\u00f1a: la subida a La Pandera, territorio para que se luzcan los m\u00e1s grandes<\/a> aparece primero en <a rel=\"nofollow\" href=\"https:\/\/www.zikloland.com\">Zikloland<\/a>.<\/p>\n","protected":false},"excerpt":{"rendered":"<p>La Vuelta a Espa\u00f1a de 2026 sigue en territorio monta\u00f1oso. Y no hay mejor final que el de La Pandera, un puerto muy utilizado en los \u00faltimos a\u00f1os por parte&hellip; <\/p>\n","protected":false},"author":1,"featured_media":0,"comment_status":"open","ping_status":"closed","sticky":false,"template":"Default","format":"standard","meta":{"om_disable_all_campaigns":false,"_monsterinsights_skip_tracking":false,"fifu_image_url":"","fifu_image_alt":"","footnotes":""},"categories":[9,1],"tags":[],"class_list":["post-2688","post","type-post","status-publish","format-standard","hentry","category-deportes","category-sin-categoria"],"_links":{"self":[{"href":"https:\/\/radiomiaboyaca.com\/index.php\/wp-json\/wp\/v2\/posts\/2688","targetHints":{"allow":["GET"]}}],"collection":[{"href":"https:\/\/radiomiaboyaca.com\/index.php\/wp-json\/wp\/v2\/posts"}],"about":[{"href":"https:\/\/radiomiaboyaca.com\/index.php\/wp-json\/wp\/v2\/types\/post"}],"author":[{"embeddable":true,"href":"https:\/\/radiomiaboyaca.com\/index.php\/wp-json\/wp\/v2\/users\/1"}],"replies":[{"embeddable":true,"href":"https:\/\/radiomiaboyaca.com\/index.php\/wp-json\/wp\/v2\/comments?post=2688"}],"version-history":[{"count":1,"href":"https:\/\/radiomiaboyaca.com\/index.php\/wp-json\/wp\/v2\/posts\/2688\/revisions"}],"predecessor-version":[{"id":2689,"href":"https:\/\/radiomiaboyaca.com\/index.php\/wp-json\/wp\/v2\/posts\/2688\/revisions\/2689"}],"wp:attachment":[{"href":"https:\/\/radiomiaboyaca.com\/index.php\/wp-json\/wp\/v2\/media?parent=2688"}],"wp:term":[{"taxonomy":"category","embeddable":true,"href":"https:\/\/radiomiaboyaca.com\/index.php\/wp-json\/wp\/v2\/categories?post=2688"},{"taxonomy":"post_tag","embeddable":true,"href":"https:\/\/radiomiaboyaca.com\/index.php\/wp-json\/wp\/v2\/tags?post=2688"}],"curies":[{"name":"wp","href":"https:\/\/api.w.org\/{rel}","templated":true}]}}