{"id":2686,"date":"2026-09-05T02:19:29","date_gmt":"2026-09-05T07:19:29","guid":{"rendered":"https:\/\/radiomiaboyaca.com\/?p=2686"},"modified":"2026-09-06T01:42:35","modified_gmt":"2026-09-06T06:42:35","slug":"vuelta-a-cantabria-junior-stan-vernaillen-se-lleva-la-primera-etapa-de-la-prueba-uci","status":"publish","type":"post","link":"https:\/\/radiomiaboyaca.com\/index.php\/2026\/09\/05\/vuelta-a-cantabria-junior-stan-vernaillen-se-lleva-la-primera-etapa-de-la-prueba-uci\/","title":{"rendered":"Vuelta a Cantabria j\u00fanior: Stan Vernaillen se lleva la primera etapa de la prueba UCI"},"content":{"rendered":"<p>El belga Stan Vernaillen (Wielerclub Onder Ons Parike) se ha impuesto en solitario en la localidad c\u00e1ntabra de Puente Viesgo y es el primer l\u00edder de la Vuelta a Cantabria Junior, prueba perteneciente al calendario de la Uni\u00f3n Ciclista Internacional y que arranc\u00f3 el pasado viernes y no finalizar\u00e1 hasta el domingo.<\/p>\n<p><strong>Bral y Eliano (Onder Ons Parike) y Kuitenov (Kazajist\u00e1n)<\/strong> compusieron la primera escapada de la jornada, seg\u00fan recompone la organizaci\u00f3n. Tambi\u00e9n <strong>Hugo Mu\u00f1oz (Picusa Academy)<\/strong> sumaba los puntos de la meta volante de Puente Viesgo mostrando su ambici\u00f3n. En una nueva situaci\u00f3n de carrera ya en Sar\u00f3n, los cuatro de cabeza pasaron a ser <strong>Gimeno (Baqu\u00e9), Blanco (Picusa), Mart\u00edn Fern\u00e1ndez (MMR Academy) y Verheughe (Wielersclub Onder Ons Parike)<\/strong>, quienes llegaron al sprint especial donde se impuso Gimeno. A ese grupo se a\u00f1adi\u00f3 Van de Walle, tambi\u00e9n del Wielersclub, con la persecuci\u00f3n de Jos\u00e9 Vega (Electromercantil GR100) que lleg\u00f3 para completar el sexteto ya en la subida al Alto de San Mart\u00edn, que conquist\u00f3 de nuevo Gimeno.<\/p>\n<p>La meta volante de Puente Viesgo cont\u00f3 con <strong>Lucas Blanco (Picusa)<\/strong> en primera posici\u00f3n, a la vez que otros siete corredores se un\u00edan a cabeza de carrera con m\u00ednima ventaja. Restaban menos de 30 kil\u00f3metros y pese a las dudas delante, falt\u00f3 tambi\u00e9n organizaci\u00f3n por detr\u00e1s. Consigui\u00f3 situarse en cabeza en solitario <strong>Alex Box (Harrogate Nova)<\/strong> con gran ritmo atravesando el esprint especial de Sar\u00f3n en primera posici\u00f3n con m\u00e1s de 25 segundos sobre los perseguidores.<\/p>\n<p>Con todo neutralizado, justo antes de la \u00faltima subida al Alto de San Mart\u00edn se movieron <strong>Cutillas (Pinda DqAgro) y Vernaillen (Wielerclub Onder Ons Parike)<\/strong>, a los que se juntaron <strong>Delmiro (MMR) y Almir Valiyev (Selecci\u00f3n de Kazajist\u00e1n)<\/strong> logrando a acumular 40 segundos de ventaja con 15 kil\u00f3metros a meta. Arrancaron m\u00e1s ciclistas por detr\u00e1s, formando en la ascensi\u00f3n un terceto con <strong>Vernaillen, Delmiro y Valiyev<\/strong>, a los que llegaron <strong>Perdersoli (Region Sud) y Verheughe (Wielersclub Onder Ons Parike)<\/strong> al inicio de la subida.<\/p>\n<p>Pr\u00e1cticamente coronando, <strong>Pedersoli<\/strong> consigui\u00f3 zafarse en solitario en cabeza y lanzarse a toda velocidad en busca de la l\u00ednea de meta. La persecuci\u00f3n corri\u00f3 a cargo de <strong>Mart\u00edn Fern\u00e1ndez (MMR)<\/strong> acompa\u00f1ado de <strong>Crommelinck (R\u00e9gion Sud)<\/strong>, aunque la cabeza de carrera volvi\u00f3 a agruparse con <strong>Vernaillen<\/strong> aprovechando ese mismo instante para conseguir llegar destacado a meta, con diferencias m\u00ednimas para vestirse de l\u00edder con su compa\u00f1ero <strong>Verheughe<\/strong> logrando el doblete.<\/p>\n<p>En la entrega de premios se reconoci\u00f3 al vencedor de la etapa y primer l\u00edder de la general <strong>Stan Vernaillen (Wielerclub Onder Ons Parike)<\/strong> con el maillot amarillo del Gobierno de Cantabria, as\u00ed como el maillot verde de Cantabria Deporte; a <strong>Nolan Pedersoli (R\u00e9gion Sud)<\/strong> con el maillot de la monta\u00f1a de SPIUK; a <strong>Hugo Mu\u00f1oz (Picusa)<\/strong> con el maillot azul de las metas volantes patrocinada por Cantabria Infinita; a <strong>Mart\u00edn Fern\u00e1ndez (MMR)<\/strong> con el maillot rojo de los esprints especiales patrocinado por Sportpublic TV; y a <strong>Mauro Iglesias (Bathco)<\/strong> con el maillot blanco de mejor c\u00e1ntabro patrocinado por la Sociedad Regional de Cultura y Deporte. Ropaciclista<\/p>\n<p>La Vuelta a Cantabria afronta el s\u00e1bado su segunda jornada a las 16h con un recorrido de <strong>120 kil\u00f3metros<\/strong> que tendr\u00e1 salida y meta en <strong>Vio\u00f1o de Pi\u00e9lagos<\/strong>, superar\u00e1 hasta en cuatro ocasiones el <strong>Alto de La Monta\u00f1a<\/strong> y buscar\u00e1 en los metros finales la subida al Cementerio de Salcedo, punto que puede decidir con sus duras rampas un cambio en la clasificaci\u00f3n de la carrera.<\/p>\n<p>TEXTO &#8211; FOTO: VUELTA A CANTABRIA<\/p>\n<p>La entrada <a rel=\"nofollow\" href=\"https:\/\/www.zikloland.com\/vuelta-a-cantabria-junior-stan-vernaillen-se-lleva-la-primera-etapa-de-la-prueba-uci\/\">Vuelta a Cantabria j\u00fanior: Stan Vernaillen se lleva la primera etapa de la prueba UCI<\/a> aparece primero en <a rel=\"nofollow\" href=\"https:\/\/www.zikloland.com\">Zikloland<\/a>.<\/p>\n","protected":false},"excerpt":{"rendered":"<p>El belga Stan Vernaillen (Wielerclub Onder Ons Parike) se ha impuesto en solitario en la localidad c\u00e1ntabra de Puente Viesgo y es el primer l\u00edder de la Vuelta a Cantabria&hellip; <\/p>\n","protected":false},"author":1,"featured_media":0,"comment_status":"open","ping_status":"closed","sticky":false,"template":"Default","format":"standard","meta":{"om_disable_all_campaigns":false,"_monsterinsights_skip_tracking":false,"fifu_image_url":"","fifu_image_alt":"","footnotes":""},"categories":[9,1],"tags":[],"class_list":["post-2686","post","type-post","status-publish","format-standard","hentry","category-deportes","category-sin-categoria"],"_links":{"self":[{"href":"https:\/\/radiomiaboyaca.com\/index.php\/wp-json\/wp\/v2\/posts\/2686","targetHints":{"allow":["GET"]}}],"collection":[{"href":"https:\/\/radiomiaboyaca.com\/index.php\/wp-json\/wp\/v2\/posts"}],"about":[{"href":"https:\/\/radiomiaboyaca.com\/index.php\/wp-json\/wp\/v2\/types\/post"}],"author":[{"embeddable":true,"href":"https:\/\/radiomiaboyaca.com\/index.php\/wp-json\/wp\/v2\/users\/1"}],"replies":[{"embeddable":true,"href":"https:\/\/radiomiaboyaca.com\/index.php\/wp-json\/wp\/v2\/comments?post=2686"}],"version-history":[{"count":1,"href":"https:\/\/radiomiaboyaca.com\/index.php\/wp-json\/wp\/v2\/posts\/2686\/revisions"}],"predecessor-version":[{"id":2687,"href":"https:\/\/radiomiaboyaca.com\/index.php\/wp-json\/wp\/v2\/posts\/2686\/revisions\/2687"}],"wp:attachment":[{"href":"https:\/\/radiomiaboyaca.com\/index.php\/wp-json\/wp\/v2\/media?parent=2686"}],"wp:term":[{"taxonomy":"category","embeddable":true,"href":"https:\/\/radiomiaboyaca.com\/index.php\/wp-json\/wp\/v2\/categories?post=2686"},{"taxonomy":"post_tag","embeddable":true,"href":"https:\/\/radiomiaboyaca.com\/index.php\/wp-json\/wp\/v2\/tags?post=2686"}],"curies":[{"name":"wp","href":"https:\/\/api.w.org\/{rel}","templated":true}]}}