{"id":2683,"date":"2026-09-05T08:00:00","date_gmt":"2026-09-05T13:00:00","guid":{"rendered":"https:\/\/radiomiaboyaca.com\/?p=2683"},"modified":"2026-09-06T01:42:34","modified_gmt":"2026-09-06T06:42:34","slug":"podio-suramericano-eduardo-sepulveda-conquista-la-dhofar-classic-con-nicolas-sessler-2-y-alejandro-callejas-3","status":"publish","type":"post","link":"https:\/\/radiomiaboyaca.com\/index.php\/2026\/09\/05\/podio-suramericano-eduardo-sepulveda-conquista-la-dhofar-classic-con-nicolas-sessler-2-y-alejandro-callejas-3\/","title":{"rendered":"\u00a1Podio suramericano! Eduardo Sep\u00falveda conquista la Dhofar Classic con Nicol\u00e1s Sessler 2\u00b0 y Alejandro Callejas 3\u00b0"},"content":{"rendered":"<div id=\"modal-ready\">\n<p>\u00a1Celebra Suram\u00e9rica! El argentino <strong>Eduardo Sep\u00falveda<\/strong>, del equipo chino<strong> Li Ning Star<\/strong>, gan\u00f3 la segunda edici\u00f3n de la <strong>Dhofar Classic<\/strong>, carrera oman\u00ed (1.2)<strong>,<\/strong> que cont\u00f3 con un recorrido de 98 kil\u00f3metros. La prueba del <strong>calendario UCI<\/strong> se disput\u00f3 entre la localidad de Al Haffa Souq y la aldea de Hajif, al sur de Om\u00e1n.<\/p>\n<p>El podio de la carrera asi\u00e1tica, que fue totalmente suramericano, lo completaron el brasilero <strong>Nicol\u00e1s Sessler (Victoria Sports Pro Cycling) <\/strong>y el colombiano <strong>Alejandro Callejas (Roojai Insurance Winspace)<\/strong>, quienes ocuparon el 2\u00b0 y 3\u00b0 puesto respectivamente.<\/p>\n<\/p>\n<figure class=\"wp-block-image size-large\"><img loading=\"lazy\" decoding=\"async\" width=\"1024\" height=\"684\" src=\"https:\/\/www.revistamundociclistico.com\/wp-content\/uploads\/2026\/09\/Alejandro-Callejas-Podio-Dhofar-Classic-2026-1024x684.jpg\" alt=\"\" class=\"wp-image-214999\" srcset=\"https:\/\/www.revistamundociclistico.com\/wp-content\/uploads\/2026\/09\/Alejandro-Callejas-Podio-Dhofar-Classic-2026-1024x684.jpg 1024w, https:\/\/www.revistamundociclistico.com\/wp-content\/uploads\/2026\/09\/Alejandro-Callejas-Podio-Dhofar-Classic-2026-300x201.jpg 300w, https:\/\/www.revistamundociclistico.com\/wp-content\/uploads\/2026\/09\/Alejandro-Callejas-Podio-Dhofar-Classic-2026-768x513.jpg 768w, https:\/\/www.revistamundociclistico.com\/wp-content\/uploads\/2026\/09\/Alejandro-Callejas-Podio-Dhofar-Classic-2026.jpg 1200w\" sizes=\"auto, (max-width: 1024px) 100vw, 1024px\" \/><figcaption class=\"wp-element-caption\"><em>Alejandro Callejas, en el podio de la Dhofar Classic 2026. (Foto \u00a9 Roojai Insurance Winspace)<\/em><\/figcaption><\/figure>\n<p>El top cinco de la exigente competencia , que termin\u00f3 en un premio de monta\u00f1a de primera categor\u00eda, lo cerraron el suizo <strong>Simon Pellaud (Li Ning Star) <\/strong>quien vive en Medell\u00edn y el mongol <strong>Tegshbayar Batsaikhan (Roojai Insurance Winspace).<\/strong><\/p>\n<p>Esta cl\u00e1sica oman\u00ed, que se corri\u00f3 por primera vez al a\u00f1o pasado, tuvo como primer ganador al emirat\u00ed <strong>Mohammad Almutaiwei<\/strong>, quien actualmente corre para el equipo de desarrollo del <strong>UAE Team Emirates<\/strong>.<\/p>\n<p class=\"has-medium-font-size\"><strong><a href=\"https:\/\/www.procyclingstats.com\/rider\/eduardo-sepulveda\"><\/a>Resultados Dhofar Classic (1.2)<\/strong><br \/><strong>Al Haffa Souq &#8211; Hajif (98 km)<\/strong><\/p>\n<figure class=\"wp-block-table\">\n<table>\n<tbody>\n<tr>\n<td>1<\/td>\n<td>Eduardo Sep\u00falveda <\/td>\n<td>Li Ning Star<\/td>\n<td><\/td>\n<td><\/td>\n<td>2:11:22<\/td>\n<\/tr>\n<tr>\n<td>2<\/td>\n<td>Nicolas Sessler <\/td>\n<td>Victoria Sports Pro Cycling<\/td>\n<td><\/td>\n<td><\/td>\n<td>0:35<\/td>\n<\/tr>\n<tr>\n<td><strong>3<\/strong><\/td>\n<td><strong>Alejandro Callejas <\/strong><\/td>\n<td><strong>Roojai Insurance Winspace<\/strong><\/td>\n<td><\/td>\n<td><\/td>\n<td><strong>0:52<\/strong><\/td>\n<\/tr>\n<tr>\n<td>4<\/td>\n<td>Simon Pellaud <\/td>\n<td>Li Ning Star<\/td>\n<td><\/td>\n<td><\/td>\n<td>1:17<\/td>\n<\/tr>\n<tr>\n<td>5<\/td>\n<td>Tegshbayar Batsaikhan <\/td>\n<td>Roojai Insurance Winspace<\/td>\n<td><\/td>\n<td><\/td>\n<td>1:39<\/td>\n<\/tr>\n<tr>\n<td>6<\/td>\n<td>Callum Ormiston <\/td>\n<td>The Joyrun &amp; Hurricane Cycling Team<\/td>\n<td><\/td>\n<td><\/td>\n<td>2:04<\/td>\n<\/tr>\n<tr>\n<td>7<\/td>\n<td>Carter Bettles <\/td>\n<td>Roojai Insurance Winspace<\/td>\n<td><\/td>\n<td><\/td>\n<td>2:34<\/td>\n<\/tr>\n<tr>\n<td>8<\/td>\n<td>Jeroen Meijers <\/td>\n<td>Victoria Sports Pro Cycling<\/td>\n<td><\/td>\n<td><\/td>\n<td>2:40<\/td>\n<\/tr>\n<tr>\n<td>9<\/td>\n<td>Calum Johnston <\/td>\n<td>Li Ning Star<\/td>\n<td><\/td>\n<td><\/td>\n<td>2:54<\/td>\n<\/tr>\n<tr>\n<td>10<\/td>\n<td>Antoine Huby <\/td>\n<td>7Eleven Cliqq Roadbike Philippines<\/td>\n<td><\/td>\n<td><\/td>\n<td>3:04<\/td>\n<\/tr>\n<\/tbody>\n<\/table>\n<\/figure>\n<\/div>\n","protected":false},"excerpt":{"rendered":"<p>\u00a1Celebra Suram\u00e9rica! El argentino Eduardo Sep\u00falveda, del equipo chino Li Ning Star, gan\u00f3 la segunda edici\u00f3n de la Dhofar Classic, carrera oman\u00ed (1.2), que cont\u00f3 con un recorrido de 98&hellip; <\/p>\n","protected":false},"author":1,"featured_media":2684,"comment_status":"open","ping_status":"closed","sticky":false,"template":"Default","format":"standard","meta":{"om_disable_all_campaigns":false,"_monsterinsights_skip_tracking":false,"fifu_image_url":"https:\/\/www.revistamundociclistico.com\/wp-content\/uploads\/2026\/09\/Alejandro-Callejas-Podio-Dhofar-Classic-2026-1024x684.jpg","fifu_image_alt":"","footnotes":""},"categories":[9],"tags":[],"class_list":["post-2683","post","type-post","status-publish","format-standard","has-post-thumbnail","hentry","category-deportes"],"_links":{"self":[{"href":"https:\/\/radiomiaboyaca.com\/index.php\/wp-json\/wp\/v2\/posts\/2683","targetHints":{"allow":["GET"]}}],"collection":[{"href":"https:\/\/radiomiaboyaca.com\/index.php\/wp-json\/wp\/v2\/posts"}],"about":[{"href":"https:\/\/radiomiaboyaca.com\/index.php\/wp-json\/wp\/v2\/types\/post"}],"author":[{"embeddable":true,"href":"https:\/\/radiomiaboyaca.com\/index.php\/wp-json\/wp\/v2\/users\/1"}],"replies":[{"embeddable":true,"href":"https:\/\/radiomiaboyaca.com\/index.php\/wp-json\/wp\/v2\/comments?post=2683"}],"version-history":[{"count":1,"href":"https:\/\/radiomiaboyaca.com\/index.php\/wp-json\/wp\/v2\/posts\/2683\/revisions"}],"predecessor-version":[{"id":2685,"href":"https:\/\/radiomiaboyaca.com\/index.php\/wp-json\/wp\/v2\/posts\/2683\/revisions\/2685"}],"wp:featuredmedia":[{"embeddable":true,"href":"https:\/\/radiomiaboyaca.com\/index.php\/wp-json\/wp\/v2\/media\/2684"}],"wp:attachment":[{"href":"https:\/\/radiomiaboyaca.com\/index.php\/wp-json\/wp\/v2\/media?parent=2683"}],"wp:term":[{"taxonomy":"category","embeddable":true,"href":"https:\/\/radiomiaboyaca.com\/index.php\/wp-json\/wp\/v2\/categories?post=2683"},{"taxonomy":"post_tag","embeddable":true,"href":"https:\/\/radiomiaboyaca.com\/index.php\/wp-json\/wp\/v2\/tags?post=2683"}],"curies":[{"name":"wp","href":"https:\/\/api.w.org\/{rel}","templated":true}]}}