{"id":2681,"date":"2026-09-05T09:00:21","date_gmt":"2026-09-05T14:00:21","guid":{"rendered":"https:\/\/radiomiaboyaca.com\/?p=2681"},"modified":"2026-09-06T01:42:34","modified_gmt":"2026-09-06T06:42:34","slug":"tadej-pogacar-no-corre-mas-este-ano-y-extiende-contrato-hasta-2032-con-el-uae","status":"publish","type":"post","link":"https:\/\/radiomiaboyaca.com\/index.php\/2026\/09\/05\/tadej-pogacar-no-corre-mas-este-ano-y-extiende-contrato-hasta-2032-con-el-uae\/","title":{"rendered":"Tadej Pogacar no corre m\u00e1s este a\u00f1o y extiende contrato hasta 2032 con el UAE"},"content":{"rendered":"<div id=\"modal-ready\">\n<p>Poniendo punto final a las especulaciones en torno a su recuperaci\u00f3n y retorno a las competencias despu\u00e9s de su abandono en la <strong>Vuelta a Espa\u00f1a <\/strong>por ca\u00edda, el gran campe\u00f3n esloveno <strong>Tadej Pogacar<\/strong> y su equipo UAE Team Emirates &#8211; XRG se han pronunciado oficialmente en torno al futuro inmediato del mejor ciclista de los \u00faltimos tiempos.<\/p>\n<p>Las informaciones oficiales en torno al tema dan cuenta de<strong> la decisi\u00f3n en cuanto a no competir este a\u00f1o<\/strong> y <strong>focalizar todo el tiempo necesario en la total recuperaci\u00f3n<\/strong>, luego de la violenta ca\u00edda que le oblig\u00f3 al retiro de la ronda espa\u00f1ola y que dej\u00f3 como consecuencia serias lesiones a nivel de clav\u00edcula y v\u00e9rtebra cervical.<\/p>\n<p>\u201c<strong>Por supuesto, esta no es la manera en que quer\u00eda que terminara mi temporada<\/strong>. Ahora mismo, lo m\u00e1s importante es recuperarme adecuadamente y darle a mi cuerpo el tiempo que necesita\u201d, dijo Pogacar, en un comunicado emitido por su equipo.<\/p>\n<p>Adem\u00e1s, <strong>se confirm\u00f3 la renovaci\u00f3n del contrato entre el ciclista y su equipo UAE hasta el a\u00f1o 2032<\/strong>, esto es, por seis a\u00f1os y terminar\u00e1 cuando el ciclista est\u00e9 cumpliendo 34 a\u00f1os (hoy tiene 28) lo que le asegura en tiempo y seguridad el espacio necesario para<strong> proseguir su brillante carrera<\/strong> y enriquecer su hoja deportiva.<\/p>\n<p>\u201c<strong>Desde el principio, me he sentido como en mi casa<\/strong>. Hemos crecido juntos a lo largo de los a\u00f1os y compartido momentos incre\u00edbles, as\u00ed que estoy muy feliz de ampliar mi contrato hasta 2032. <strong>Todav\u00eda tengo mucho por dar en el ciclismo <\/strong>y creo que este es el lugar adecuado para hacerlo. Estoy muy ilusionado por todo lo que podemos seguir construyendo juntos\u201d, indic\u00f3 el cinco veces ganador del Tour de Francia que se recupera de la ca\u00edda sufrida cuando era l\u00edder de la Vuelta a Espa\u00f1a.<\/p>\n<\/div>\n","protected":false},"excerpt":{"rendered":"<p>Poniendo punto final a las especulaciones en torno a su recuperaci\u00f3n y retorno a las competencias despu\u00e9s de su abandono en la Vuelta a Espa\u00f1a por ca\u00edda, el gran campe\u00f3n&hellip; <\/p>\n","protected":false},"author":1,"featured_media":0,"comment_status":"open","ping_status":"closed","sticky":false,"template":"Default","format":"standard","meta":{"om_disable_all_campaigns":false,"_monsterinsights_skip_tracking":false,"fifu_image_url":"","fifu_image_alt":"","footnotes":""},"categories":[9],"tags":[],"class_list":["post-2681","post","type-post","status-publish","format-standard","hentry","category-deportes"],"_links":{"self":[{"href":"https:\/\/radiomiaboyaca.com\/index.php\/wp-json\/wp\/v2\/posts\/2681","targetHints":{"allow":["GET"]}}],"collection":[{"href":"https:\/\/radiomiaboyaca.com\/index.php\/wp-json\/wp\/v2\/posts"}],"about":[{"href":"https:\/\/radiomiaboyaca.com\/index.php\/wp-json\/wp\/v2\/types\/post"}],"author":[{"embeddable":true,"href":"https:\/\/radiomiaboyaca.com\/index.php\/wp-json\/wp\/v2\/users\/1"}],"replies":[{"embeddable":true,"href":"https:\/\/radiomiaboyaca.com\/index.php\/wp-json\/wp\/v2\/comments?post=2681"}],"version-history":[{"count":1,"href":"https:\/\/radiomiaboyaca.com\/index.php\/wp-json\/wp\/v2\/posts\/2681\/revisions"}],"predecessor-version":[{"id":2682,"href":"https:\/\/radiomiaboyaca.com\/index.php\/wp-json\/wp\/v2\/posts\/2681\/revisions\/2682"}],"wp:attachment":[{"href":"https:\/\/radiomiaboyaca.com\/index.php\/wp-json\/wp\/v2\/media?parent=2681"}],"wp:term":[{"taxonomy":"category","embeddable":true,"href":"https:\/\/radiomiaboyaca.com\/index.php\/wp-json\/wp\/v2\/categories?post=2681"},{"taxonomy":"post_tag","embeddable":true,"href":"https:\/\/radiomiaboyaca.com\/index.php\/wp-json\/wp\/v2\/tags?post=2681"}],"curies":[{"name":"wp","href":"https:\/\/api.w.org\/{rel}","templated":true}]}}