{"id":2678,"date":"2026-09-05T10:00:00","date_gmt":"2026-09-05T15:00:00","guid":{"rendered":"https:\/\/radiomiaboyaca.com\/?p=2678"},"modified":"2026-09-06T01:42:34","modified_gmt":"2026-09-06T06:42:34","slug":"oficial-confirmada-la-nomina-de-la-seleccion-colombia-para-el-campeonato-mundial-de-ruta-montreal-2026","status":"publish","type":"post","link":"https:\/\/radiomiaboyaca.com\/index.php\/2026\/09\/05\/oficial-confirmada-la-nomina-de-la-seleccion-colombia-para-el-campeonato-mundial-de-ruta-montreal-2026\/","title":{"rendered":"Oficial: confirmada la n\u00f3mina de la Selecci\u00f3n Colombia para el Campeonato Mundial de Ruta Montreal 2026"},"content":{"rendered":"<div id=\"modal-ready\">\n<p>La <strong>Federaci\u00f3n Colombiana de Ciclismo<\/strong> confirm\u00f3 la n\u00f3mina oficial de la<strong> Selecci\u00f3n Colombia <\/strong>para el <strong>Campeonato Mundial de Ruta Montreal 2026<\/strong>, una de las grandes citas del calendario internacional, que reunir\u00e1 a los mejores especialistas del mundo en las pruebas de contrarreloj y ruta.<\/p>\n<p>Colombia acudir\u00e1 al certamen con una delegaci\u00f3n de <strong>24 corredores<\/strong>, distribuidos en seis categor\u00edas, combinando la experiencia de sus principales referentes internacionales con <strong>una importante representaci\u00f3n de las nuevas generaciones del ciclismo nacional<\/strong>.<\/p>\n<p>En la categor\u00eda \u00e9lite masculina, la Selecci\u00f3n Colombia estar\u00e1 encabezada por <strong>Nairo Quintana, Egan Bernal, Santiago Buitrago, Harold Tejada, Sergio Higuita, Brandon Rivera<\/strong> y <strong>Walter Vargas<\/strong>.<\/p>\n<p>La convocatoria re\u00fane a corredores con amplia experiencia en grandes vueltas y competencias de un d\u00eda, adem\u00e1s de la presencia de <strong>Walter Vargas<\/strong>, m\u00faltiple campe\u00f3n panamericano de la contrarreloj. Para<strong> Nairo Quintana<\/strong>, el <strong>Mundial de Montreal <\/strong>tendr\u00e1 adem\u00e1s un significado especial, pues la prueba de ruta del domingo 27 de septiembre <strong>marcar\u00e1 su \u00faltima competencia como ciclista profesional<\/strong>, tras una trayectoria en la que conquist\u00f3 el Giro de Italia y la Vuelta a Espa\u00f1a, entre otros grandes t\u00edtulos.<\/p>\n<\/p>\n<figure class=\"wp-block-image size-large\"><img loading=\"lazy\" decoding=\"async\" width=\"1024\" height=\"683\" src=\"https:\/\/www.revistamundociclistico.com\/wp-content\/uploads\/2022\/08\/Nairo-Quintana-Colombia-Mundial-1024x683.jpg\" alt=\"\" class=\"wp-image-128508\" srcset=\"https:\/\/www.revistamundociclistico.com\/wp-content\/uploads\/2022\/08\/Nairo-Quintana-Colombia-Mundial-1024x683.jpg 1024w, https:\/\/www.revistamundociclistico.com\/wp-content\/uploads\/2022\/08\/Nairo-Quintana-Colombia-Mundial-300x200.jpg 300w, https:\/\/www.revistamundociclistico.com\/wp-content\/uploads\/2022\/08\/Nairo-Quintana-Colombia-Mundial-768x512.jpg 768w, https:\/\/www.revistamundociclistico.com\/wp-content\/uploads\/2022\/08\/Nairo-Quintana-Colombia-Mundial.jpg 1200w\" sizes=\"auto, (max-width: 1024px) 100vw, 1024px\" \/><figcaption class=\"wp-element-caption\"><em>El boyacense Nairo Quintana correr\u00e1 el Mundial de Montreal. (Foto \u00a9 FCC)<\/em><\/figcaption><\/figure>\n<p>La representaci\u00f3n colombiana tambi\u00e9n contar\u00e1 con cinco corredores en la categor\u00eda Sub-23 masculina: <strong>Juan Diego Quintero<\/strong>, <strong>Miguel \u00c1ngel Mar\u00edn<\/strong>, <strong>Jaider Mu\u00f1oz<\/strong>, <strong>William Colorado<\/strong> y <strong>Robert Andr\u00e9s Plazas<\/strong>.<\/p>\n<p>En la categor\u00eda juvenil masculina, los seleccionados ser\u00e1n <strong>Juan Esteban S\u00e1nchez<\/strong>,<strong> Jos\u00e9 Manuel Posada<\/strong> y <strong>Alejandro Pamplona<\/strong>.<\/p>\n<p>Por su parte, la \u00e9lite femenina estar\u00e1 representada por <strong>Diana Carolina Pe\u00f1uela<\/strong>, <strong>Paula Andrea Pati\u00f1o<\/strong> y <strong>Laura Daniela Rojas<\/strong>.<\/p>\n<p>En Sub-23 femenina, Colombia contar\u00e1 con <strong>Juliana Londo\u00f1o<\/strong>, <strong>Angie Mariana Londo\u00f1o<\/strong> y <strong>Natalia Garz\u00f3n<\/strong>, mientras que la categor\u00eda juvenil femenina tendr\u00e1 como representantes a <strong>Salom\u00e9 Vargas<\/strong>, <strong>Zara Sof\u00eda Lamprea<\/strong> y<strong> Estefan\u00eda Castillo<\/strong>.<\/p>\n<\/p>\n<figure class=\"wp-block-image size-large\"><img loading=\"lazy\" decoding=\"async\" width=\"1024\" height=\"767\" src=\"https:\/\/www.revistamundociclistico.com\/wp-content\/uploads\/2025\/08\/Juliana-Londono-Tour-de-lAvenir-Femmes-2025-1024x767.jpg\" alt=\"\" class=\"wp-image-195199\" srcset=\"https:\/\/www.revistamundociclistico.com\/wp-content\/uploads\/2025\/08\/Juliana-Londono-Tour-de-lAvenir-Femmes-2025-1024x767.jpg 1024w, https:\/\/www.revistamundociclistico.com\/wp-content\/uploads\/2025\/08\/Juliana-Londono-Tour-de-lAvenir-Femmes-2025-300x225.jpg 300w, https:\/\/www.revistamundociclistico.com\/wp-content\/uploads\/2025\/08\/Juliana-Londono-Tour-de-lAvenir-Femmes-2025-768x575.jpg 768w, https:\/\/www.revistamundociclistico.com\/wp-content\/uploads\/2025\/08\/Juliana-Londono-Tour-de-lAvenir-Femmes-2025-500x375.jpg 500w, https:\/\/www.revistamundociclistico.com\/wp-content\/uploads\/2025\/08\/Juliana-Londono-Tour-de-lAvenir-Femmes-2025-700x524.jpg 700w, https:\/\/www.revistamundociclistico.com\/wp-content\/uploads\/2025\/08\/Juliana-Londono-Tour-de-lAvenir-Femmes-2025.jpg 1200w\" sizes=\"auto, (max-width: 1024px) 100vw, 1024px\" \/><figcaption class=\"wp-element-caption\"><em>Juliana Londo\u00f1o, una de las cartas colombianas en la categor\u00eda sub-23.  (Foto \u00a9 FCC)<\/em><\/figcaption><\/figure>\n<p>La Selecci\u00f3n Colombia estar\u00e1 bajo la orientaci\u00f3n del seleccionador nacional <strong>David Vargas<\/strong>, quien tendr\u00e1 a su cargo la direcci\u00f3n deportiva del combinado nacional durante el campeonato. Adem\u00e1s brindar\u00e1n apoyo durante la competencia en la parte mec\u00e1nica<strong> \u00d3scar Guiral <\/strong>y <strong>Zimael Mej\u00eda<\/strong>, y en la fisioterapia<strong> Daniel Rinc\u00f3n <\/strong>y<strong> Danilo Su\u00e1rez<\/strong> .<\/p>\n<p>Montreal volver\u00e1 a recibir un <strong>Campeonato Mundial de Ruta<\/strong> m\u00e1s de cinco d\u00e9cadas despu\u00e9s de la edici\u00f3n de 1974, mientras que Canad\u00e1 tambi\u00e9n fue sede del Mundial de Hamilton en 2003. La edici\u00f3n 2026 contempla 13 competencias entre contrarrelojes individuales, pruebas de ruta y el relevo mixto, con participaci\u00f3n de las categor\u00edas \u00e9lite, Sub-23 y juvenil.<\/p>\n<p class=\"has-medium-font-size\"><strong>Programaci\u00f3n del Campeonato Mundial de Ruta Montreal 2026<\/strong><\/p>\n<p>El <strong>programa oficial<\/strong> contempla competencias desde el s\u00e1bado 19 de septiembre, jornada destinada a entrenamientos y reuniones t\u00e9cnicas, hasta el domingo 27, cuando se disputar\u00e1 la prueba de ruta \u00e9lite masculina.<\/p>\n<p class=\"has-medium-font-size\"><strong>S\u00e1bado 19 de septiembre<\/strong><\/p>\n<p>Entrenamiento de contrarreloj individual.<br \/>Confirmaci\u00f3n de corredores de contrarreloj.<br \/>Congreso t\u00e9cnico de las pruebas de contrarreloj.<br \/>Reuni\u00f3n informativa de conductores.<\/p>\n<p class=\"has-medium-font-size\"><strong>Domingo 20 de septiembre<\/strong><\/p>\n<p>Contrarreloj Individual Femenina \u00c9lite. \u2013 Diana Pe\u00f1uela<br \/>Contrarreloj Individual Masculina \u00c9lite. \u2013 Walter Vargas y Brandon Rivera<\/p>\n<p class=\"has-medium-font-size\"><strong>Lunes 21 de septiembre<\/strong><\/p>\n<p>Contrarreloj Individual Femenina Sub-23. \u2013 Angie Londo\u00f1o y Natalia Garz\u00f3n<br \/>Contrarreloj Individual Masculina Sub-23. \u2013 Juan Diego Quintero y Robert Andr\u00e9s Plazas<\/p>\n<p class=\"has-medium-font-size\"><strong>Martes 22 de septiembre<\/strong><\/p>\n<p>Contrarreloj Individual Masculina Juvenil. \u2013 Juan Esteban S\u00e1nchez y Jos\u00e9 Manuel Posada<br \/>Contrarreloj Individual Femenina Juvenil. \u2013 Estefan\u00eda Castillo y Zara Lamprea<\/p>\n<p class=\"has-medium-font-size\"><strong>Mi\u00e9rcoles 23 de septiembre<\/strong><\/p>\n<p>Entrenamiento de ruta en el circuito de Mont Royal.<br \/>Confirmaci\u00f3n de corredores para las pruebas de ruta.<br \/>Reuni\u00f3n de equipos y reuni\u00f3n informativa de conductores.<\/p>\n<p class=\"has-medium-font-size\"><strong>Jueves 24 de septiembre<\/strong><\/p>\n<p>Ruta Femenina Sub-23.<br \/>Ruta Masculina Juvenil.<\/p>\n<p class=\"has-medium-font-size\"><strong>Viernes 25 de septiembre<\/strong><\/p>\n<p>Ruta Masculina Sub-23.<br \/>Ruta Femenina Juvenil.<br \/>Presentaci\u00f3n del Mundial de Francia 2027.<\/p>\n<p class=\"has-medium-font-size\"><strong>S\u00e1bado 26 de septiembre<\/strong><\/p>\n<p>Ruta Femenina \u00c9lite.<br \/>Gala UCI.<\/p>\n<p class=\"has-medium-font-size\"><strong>Domingo 27 de septiembre<\/strong><\/p>\n<p>Ruta Masculina \u00c9lite<\/p>\n<p class=\"has-medium-font-size\"><strong>N\u00f3mina oficial \u2013 Selecci\u00f3n Colombia, Mundial de Ruta Montreal 2026<\/strong><\/p>\n<p class=\"has-medium-font-size\"><strong>\u00c9lite masculina<\/strong><\/p>\n<p>Walter Alejandro Vargas Alzate<br \/>Harold Alfonso Tejada Canacue<br \/>Egan Arley Bernal G\u00f3mez<br \/>Brandon Smith Rivera Vargas<br \/>Sergio Andr\u00e9s Higuita Garc\u00eda<br \/>Santiago Andr\u00e9s Buitrago S\u00e1nchez<br \/>Nairo Alexander Quintana Rojas<\/p>\n<p class=\"has-medium-font-size\"><strong>Sub-23 masculina<\/strong><\/p>\n<p>Juan Diego Quintero Osorno<br \/>Miguel \u00c1ngel Mar\u00edn Mart\u00ednez<br \/>Jaider Mu\u00f1oz Restrepo<br \/>William Colorado Osorio<br \/>Robert Andr\u00e9s Plazas Fonseca<\/p>\n<p class=\"has-medium-font-size\"><strong>Juvenil masculina<\/strong><\/p>\n<p>Juan Esteban S\u00e1nchez S\u00e1nchez<br \/>Jos\u00e9 Manuel Posada Franco<br \/>Alejandro Stiven Pamplona Echeverr\u00eda<\/p>\n<p class=\"has-medium-font-size\"><strong>\u00c9lite femenina<\/strong><\/p>\n<p>Diana Carolina Pe\u00f1uela Mart\u00ednez<br \/>Paula Andrea Pati\u00f1o Bedoya<br \/>Laura Daniela Rojas Capera<\/p>\n<p class=\"has-medium-font-size\"><strong>Sub-23 femenina<\/strong><\/p>\n<p>Juliana Londo\u00f1o David<br \/>Angie Mariana Londo\u00f1o Posada<br \/>Natalia Garz\u00f3n Cifuentes<\/p>\n<p class=\"has-medium-font-size\"><strong>Juvenil femenina<\/strong><\/p>\n<p>Salom\u00e9 Vargas Alzate<br \/>Zara Sof\u00eda Lamprea Morales<br \/>Estefan\u00eda Castillo L\u00f3pez<\/p>\n<p class=\"has-medium-font-size\"><strong><em>*Con Informaci\u00f3n de Fedeciclismo<\/em><\/strong><\/p>\n<\/div>\n","protected":false},"excerpt":{"rendered":"<p>La Federaci\u00f3n Colombiana de Ciclismo confirm\u00f3 la n\u00f3mina oficial de la Selecci\u00f3n Colombia para el Campeonato Mundial de Ruta Montreal 2026, una de las grandes citas del calendario internacional, que&hellip; <\/p>\n","protected":false},"author":1,"featured_media":2679,"comment_status":"open","ping_status":"closed","sticky":false,"template":"Default","format":"standard","meta":{"om_disable_all_campaigns":false,"_monsterinsights_skip_tracking":false,"fifu_image_url":"https:\/\/www.revistamundociclistico.com\/wp-content\/uploads\/2022\/08\/Nairo-Quintana-Colombia-Mundial-1024x683.jpg","fifu_image_alt":"","footnotes":""},"categories":[9],"tags":[],"class_list":["post-2678","post","type-post","status-publish","format-standard","has-post-thumbnail","hentry","category-deportes"],"_links":{"self":[{"href":"https:\/\/radiomiaboyaca.com\/index.php\/wp-json\/wp\/v2\/posts\/2678","targetHints":{"allow":["GET"]}}],"collection":[{"href":"https:\/\/radiomiaboyaca.com\/index.php\/wp-json\/wp\/v2\/posts"}],"about":[{"href":"https:\/\/radiomiaboyaca.com\/index.php\/wp-json\/wp\/v2\/types\/post"}],"author":[{"embeddable":true,"href":"https:\/\/radiomiaboyaca.com\/index.php\/wp-json\/wp\/v2\/users\/1"}],"replies":[{"embeddable":true,"href":"https:\/\/radiomiaboyaca.com\/index.php\/wp-json\/wp\/v2\/comments?post=2678"}],"version-history":[{"count":1,"href":"https:\/\/radiomiaboyaca.com\/index.php\/wp-json\/wp\/v2\/posts\/2678\/revisions"}],"predecessor-version":[{"id":2680,"href":"https:\/\/radiomiaboyaca.com\/index.php\/wp-json\/wp\/v2\/posts\/2678\/revisions\/2680"}],"wp:featuredmedia":[{"embeddable":true,"href":"https:\/\/radiomiaboyaca.com\/index.php\/wp-json\/wp\/v2\/media\/2679"}],"wp:attachment":[{"href":"https:\/\/radiomiaboyaca.com\/index.php\/wp-json\/wp\/v2\/media?parent=2678"}],"wp:term":[{"taxonomy":"category","embeddable":true,"href":"https:\/\/radiomiaboyaca.com\/index.php\/wp-json\/wp\/v2\/categories?post=2678"},{"taxonomy":"post_tag","embeddable":true,"href":"https:\/\/radiomiaboyaca.com\/index.php\/wp-json\/wp\/v2\/tags?post=2678"}],"curies":[{"name":"wp","href":"https:\/\/api.w.org\/{rel}","templated":true}]}}