{"id":2675,"date":"2026-09-05T11:00:39","date_gmt":"2026-09-05T16:00:39","guid":{"rendered":"https:\/\/radiomiaboyaca.com\/?p=2675"},"modified":"2026-09-06T01:42:34","modified_gmt":"2026-09-06T06:42:34","slug":"giro-della-regione-friuli-juan-diego-quintero-sigue-2-en-la-general-y-tommaso-dati-gana-la-tercera-etapa","status":"publish","type":"post","link":"https:\/\/radiomiaboyaca.com\/index.php\/2026\/09\/05\/giro-della-regione-friuli-juan-diego-quintero-sigue-2-en-la-general-y-tommaso-dati-gana-la-tercera-etapa\/","title":{"rendered":"Giro della Regione Friuli: Juan Diego Quintero sigue 2\u00b0 en la general y Tommaso Dati gana la tercera etapa"},"content":{"rendered":"<div id=\"modal-ready\">\n<p>El joven vallecaucano <strong>Juan Diego Quintero (Netcompany INEOS Racing Academy)<\/strong> mantuvo su buen rendimiento en la tercera etapa del <strong>Giro della Regione Friuli 2026<\/strong> y termin\u00f3 report\u00e1ndose con los mejores en la posici\u00f3n 17\u00b0, luego de recorrer 151,7 kil\u00f3metros entre las localidades italianas de Martignacco y Ravascletto, en la provincia de Udine.<\/p>\n<p>La victoria de la etapa qued\u00f3 en manos del italiano <strong>Tommaso Dati (Team UKYO)<\/strong>, que se escap\u00f3 en la parte final y logr\u00f3 su sexto triunfo en la temporada, superando a sus compatriotas <strong>Simone Zanini (XDS Astana Development Team)<\/strong> y <strong>Nicolo Pizzi (Team Technipes #inEmiliaRomagna Caff\u00e8 Borbone)<\/strong>, quienes entraron 2\u00b0 y 3\u00b0, respectivamente.<\/p>\n<\/p>\n<figure class=\"wp-block-image size-large\"><img loading=\"lazy\" decoding=\"async\" width=\"1024\" height=\"768\" src=\"https:\/\/www.revistamundociclistico.com\/wp-content\/uploads\/2026\/09\/Podio-Tommaso-Dati-2ET-Giro-Friuli-Venezia-Giulia-2026-1024x768.jpg\" alt=\"\" class=\"wp-image-215003\" srcset=\"https:\/\/www.revistamundociclistico.com\/wp-content\/uploads\/2026\/09\/Podio-Tommaso-Dati-2ET-Giro-Friuli-Venezia-Giulia-2026-1024x768.jpg 1024w, https:\/\/www.revistamundociclistico.com\/wp-content\/uploads\/2026\/09\/Podio-Tommaso-Dati-2ET-Giro-Friuli-Venezia-Giulia-2026-300x225.jpg 300w, https:\/\/www.revistamundociclistico.com\/wp-content\/uploads\/2026\/09\/Podio-Tommaso-Dati-2ET-Giro-Friuli-Venezia-Giulia-2026-768x576.jpg 768w, https:\/\/www.revistamundociclistico.com\/wp-content\/uploads\/2026\/09\/Podio-Tommaso-Dati-2ET-Giro-Friuli-Venezia-Giulia-2026.jpg 1200w\" sizes=\"auto, (max-width: 1024px) 100vw, 1024px\" \/><figcaption class=\"wp-element-caption\"><em> <\/em><br \/><em>Podio de la la tercera etapa del Giro della Regione Friuli. (Foto \u00a9 Lo Giro Friuli Venezia Giulia)<\/em><\/figcaption><\/figure>\n<p>Con relaci\u00f3n a los  otros dos colombianos en competencia, el quindiano <strong>Diego Pescador (Movistar Team Academy) <\/strong>se report\u00f3 en la casilla 48\u00b0 y el boyacense <strong>Jonathan Guatibonza (Movistar Team Academy) <\/strong>se clasific\u00f3 en el puesto 81\u00b0.<\/p>\n<p>En lo referente a la clasificaci\u00f3n general, el italiano <strong>Nicol\u00f2 Garibbo (Team UKYO) <\/strong>mantuvo el liderato de la carrera. El segundo puesto lo ocupa el colombiano <strong>Juan Diego Quintero (Netcompany INEOS Racing Academy)<\/strong> a 1:04 del l\u00edder.<\/p>\n<p>La carrera italiana finalizar\u00e1 este domingo con la cuarta y \u00faltima etapa, una jornada ondulada de 163,8 kil\u00f3metros entre Cervignano del Friuli y Brugnera, donde conoceremos al sucesor del alem\u00e1n <strong>Lennart Jasch<\/strong>, ganador el a\u00f1o pasado. Es importante recordar que en 2018 el esloveno <strong>Tadej Poga\u010dar <\/strong>gan\u00f3 esta carrera italiana.<a href=\"https:\/\/www.procyclingstats.com\/rider\/tommaso-dati\"><\/a><\/p>\n<\/p>\n<figure class=\"wp-block-image size-large\"><img loading=\"lazy\" decoding=\"async\" width=\"1024\" height=\"768\" src=\"https:\/\/www.revistamundociclistico.com\/wp-content\/uploads\/2026\/09\/Tommaso-Dati-2ET-Giro-Friuli-Venezia-Giulia-2026-1024x768.jpg\" alt=\"\" class=\"wp-image-215004\" srcset=\"https:\/\/www.revistamundociclistico.com\/wp-content\/uploads\/2026\/09\/Tommaso-Dati-2ET-Giro-Friuli-Venezia-Giulia-2026-1024x768.jpg 1024w, https:\/\/www.revistamundociclistico.com\/wp-content\/uploads\/2026\/09\/Tommaso-Dati-2ET-Giro-Friuli-Venezia-Giulia-2026-300x225.jpg 300w, https:\/\/www.revistamundociclistico.com\/wp-content\/uploads\/2026\/09\/Tommaso-Dati-2ET-Giro-Friuli-Venezia-Giulia-2026-768x576.jpg 768w, https:\/\/www.revistamundociclistico.com\/wp-content\/uploads\/2026\/09\/Tommaso-Dati-2ET-Giro-Friuli-Venezia-Giulia-2026.jpg 1200w\" sizes=\"auto, (max-width: 1024px) 100vw, 1024px\" \/><figcaption class=\"wp-element-caption\"><em>Tommaso Dati gan\u00f3 la tercera etapa del Giro della Regione Friuli. (Foto \u00a9 Lo Giro Friuli Venezia Giulia)<\/em><\/figcaption><\/figure>\n<p class=\"has-medium-font-size\"><strong>Giro della Regione Friuli Venezia Giulia (2.2)<\/strong><br \/><strong>Resultados Etapa 3 | Latisana &#8211; Tarcento (154,4 km)<\/strong><\/p>\n<figure class=\"wp-block-table\">\n<table>\n<tbody>\n<tr>\n<td>1<\/td>\n<td>Tommaso Dati <\/td>\n<td>Team UKYO<\/td>\n<td><\/td>\n<td><\/td>\n<td><\/td>\n<td>3:30:32<\/td>\n<\/tr>\n<tr>\n<td>2<\/td>\n<td>Simone Zanini <\/td>\n<td>XDS Astana Development Team<\/td>\n<td><\/td>\n<td><\/td>\n<td><\/td>\n<td>0:01<\/td>\n<\/tr>\n<tr>\n<td>3<\/td>\n<td>Nicolo Pizzi <\/td>\n<td>Team Technipes #inEmiliaRomagna Caff\u00e8 Borbone<\/td>\n<td><\/td>\n<td><\/td>\n<td><\/td>\n<td>0:14<\/td>\n<\/tr>\n<tr>\n<td>4<\/td>\n<td>Mat\u011bj Pit\u00e1k <\/td>\n<td>Team Visma | Lease a Bike Development<\/td>\n<td><\/td>\n<td><\/td>\n<td><\/td>\n<td>0:14<\/td>\n<\/tr>\n<tr>\n<td>5<\/td>\n<td>Leonardo Consolidani <\/td>\n<td>Bahrain Victorious Development Team<\/td>\n<td><\/td>\n<td><\/td>\n<td><\/td>\n<td>0:14<\/td>\n<\/tr>\n<tr>\n<td>6<\/td>\n<td>Andrea Bruno <\/td>\n<td>Team Hoppl\u00e0<\/td>\n<td><\/td>\n<td><\/td>\n<td><\/td>\n<td>0:14<\/td>\n<\/tr>\n<tr>\n<td>7<\/td>\n<td>Luca Morlino <\/td>\n<td>Solme &#8211; Olmo &#8211; Arvedi<\/td>\n<td><\/td>\n<td><\/td>\n<td><\/td>\n<td>0:14<\/td>\n<\/tr>\n<tr>\n<td>8<\/td>\n<td>Mark Lightfoot <\/td>\n<td>AVC Aix Provence Dole<\/td>\n<td><\/td>\n<td><\/td>\n<td><\/td>\n<td>0:14<\/td>\n<\/tr>\n<tr>\n<td>9<\/td>\n<td>Nahom Zeray <\/td>\n<td>Team UKYO<\/td>\n<td><\/td>\n<td><\/td>\n<td><\/td>\n<td>0:14<\/td>\n<\/tr>\n<tr>\n<td>10<\/td>\n<td>Michele Bicelli <\/td>\n<td>Biesse &#8211; Carrera &#8211; Premac<\/td>\n<td><\/td>\n<td><\/td>\n<td><\/td>\n<td>0:14<\/td>\n<\/tr>\n<\/tbody>\n<\/table>\n<\/figure>\n<figure class=\"wp-block-table\">\n<table>\n<tbody>\n<tr>\n<td><strong>17<\/strong><\/td>\n<td><strong>Juan Diego Quintero <\/strong><\/td>\n<td><strong>Netcompany INEOS Racing Academy<\/strong><\/td>\n<td><\/td>\n<td><\/td>\n<td><\/td>\n<td><strong>0:14<\/strong><\/td>\n<\/tr>\n<tr>\n<td><strong>48<\/strong><\/td>\n<td><strong>Diego Pescador <\/strong><\/td>\n<td><strong>Movistar Team Academy<\/strong><\/td>\n<td><\/td>\n<td><\/td>\n<td><\/td>\n<td><strong>4:12<\/strong><\/td>\n<\/tr>\n<tr>\n<td><strong>81<\/strong><\/td>\n<td><strong>Jonathan Guatibonza <\/strong><\/td>\n<td><strong>Movistar Team Academy<\/strong><\/td>\n<td><\/td>\n<td><\/td>\n<td><\/td>\n<td><strong>8:38<\/strong><\/td>\n<\/tr>\n<\/tbody>\n<\/table>\n<\/figure>\n<p class=\"has-medium-font-size\"><strong>Clasificaci\u00f3n General Individual<\/strong><\/p>\n<figure class=\"wp-block-table\">\n<table>\n<tbody>\n<tr>\n<td>1<\/td>\n<td><\/td>\n<td><\/td>\n<td>Nicol\u00f2 Garibbo <\/td>\n<td>Team UKYO<\/td>\n<td><\/td>\n<td>10:44:58<\/td>\n<\/tr>\n<tr>\n<td><strong>2<\/strong><\/td>\n<td><\/td>\n<td><\/td>\n<td><strong>Juan Diego Quintero <\/strong><\/td>\n<td><strong>Netcompany INEOS Racing Academy<\/strong><\/td>\n<td><\/td>\n<td><strong>1:04<\/strong><\/td>\n<\/tr>\n<tr>\n<td>3<\/td>\n<td><\/td>\n<td><\/td>\n<td>Simone Raccani <\/td>\n<td>Team UKYO<\/td>\n<td><\/td>\n<td>1:59<\/td>\n<\/tr>\n<tr>\n<td>4<\/td>\n<td><\/td>\n<td><\/td>\n<td>Tommaso Dati <\/td>\n<td>Team UKYO<\/td>\n<td><\/td>\n<td>2:12<\/td>\n<\/tr>\n<tr>\n<td>5<\/td>\n<td><\/td>\n<td><\/td>\n<td>Nicola Zumsteg <\/td>\n<td>Biesse &#8211; Carrera &#8211; Premac<\/td>\n<td><\/td>\n<td>2:21<\/td>\n<\/tr>\n<tr>\n<td>6<\/td>\n<td><\/td>\n<td><\/td>\n<td>Michele Bicelli <\/td>\n<td>Biesse &#8211; Carrera &#8211; Premac<\/td>\n<td><\/td>\n<td>2:47<\/td>\n<\/tr>\n<tr>\n<td>7<\/td>\n<td><\/td>\n<td><\/td>\n<td>Leonardo Consolidani <\/td>\n<td>Bahrain Victorious Development Team<\/td>\n<td><\/td>\n<td>3:21<\/td>\n<\/tr>\n<tr>\n<td>8<\/td>\n<td><\/td>\n<td><\/td>\n<td>Andrea Bruno <\/td>\n<td>Team Hoppl\u00e0<\/td>\n<td><\/td>\n<td>3:56<\/td>\n<\/tr>\n<tr>\n<td>9<\/td>\n<td><\/td>\n<td><\/td>\n<td>Luca Morlino <\/td>\n<td>Solme &#8211; Olmo &#8211; Arvedi<\/td>\n<td><\/td>\n<td>3:56<\/td>\n<\/tr>\n<tr>\n<td>10<\/td>\n<td><\/td>\n<td><\/td>\n<td>Milan Nijs <\/td>\n<td>DL Chemicals &#8211; Experza<\/td>\n<td><\/td>\n<td>3:56<\/td>\n<\/tr>\n<\/tbody>\n<\/table>\n<\/figure>\n<\/div>\n","protected":false},"excerpt":{"rendered":"<p>El joven vallecaucano Juan Diego Quintero (Netcompany INEOS Racing Academy) mantuvo su buen rendimiento en la tercera etapa del Giro della Regione Friuli 2026 y termin\u00f3 report\u00e1ndose con los mejores&hellip; <\/p>\n","protected":false},"author":1,"featured_media":2676,"comment_status":"open","ping_status":"closed","sticky":false,"template":"Default","format":"standard","meta":{"om_disable_all_campaigns":false,"_monsterinsights_skip_tracking":false,"fifu_image_url":"https:\/\/www.revistamundociclistico.com\/wp-content\/uploads\/2026\/09\/Podio-Tommaso-Dati-2ET-Giro-Friuli-Venezia-Giulia-2026-1024x768.jpg","fifu_image_alt":"","footnotes":""},"categories":[9],"tags":[],"class_list":["post-2675","post","type-post","status-publish","format-standard","has-post-thumbnail","hentry","category-deportes"],"_links":{"self":[{"href":"https:\/\/radiomiaboyaca.com\/index.php\/wp-json\/wp\/v2\/posts\/2675","targetHints":{"allow":["GET"]}}],"collection":[{"href":"https:\/\/radiomiaboyaca.com\/index.php\/wp-json\/wp\/v2\/posts"}],"about":[{"href":"https:\/\/radiomiaboyaca.com\/index.php\/wp-json\/wp\/v2\/types\/post"}],"author":[{"embeddable":true,"href":"https:\/\/radiomiaboyaca.com\/index.php\/wp-json\/wp\/v2\/users\/1"}],"replies":[{"embeddable":true,"href":"https:\/\/radiomiaboyaca.com\/index.php\/wp-json\/wp\/v2\/comments?post=2675"}],"version-history":[{"count":1,"href":"https:\/\/radiomiaboyaca.com\/index.php\/wp-json\/wp\/v2\/posts\/2675\/revisions"}],"predecessor-version":[{"id":2677,"href":"https:\/\/radiomiaboyaca.com\/index.php\/wp-json\/wp\/v2\/posts\/2675\/revisions\/2677"}],"wp:featuredmedia":[{"embeddable":true,"href":"https:\/\/radiomiaboyaca.com\/index.php\/wp-json\/wp\/v2\/media\/2676"}],"wp:attachment":[{"href":"https:\/\/radiomiaboyaca.com\/index.php\/wp-json\/wp\/v2\/media?parent=2675"}],"wp:term":[{"taxonomy":"category","embeddable":true,"href":"https:\/\/radiomiaboyaca.com\/index.php\/wp-json\/wp\/v2\/categories?post=2675"},{"taxonomy":"post_tag","embeddable":true,"href":"https:\/\/radiomiaboyaca.com\/index.php\/wp-json\/wp\/v2\/tags?post=2675"}],"curies":[{"name":"wp","href":"https:\/\/api.w.org\/{rel}","templated":true}]}}