{"id":2672,"date":"2026-09-05T12:00:00","date_gmt":"2026-09-05T17:00:00","guid":{"rendered":"https:\/\/radiomiaboyaca.com\/?p=2672"},"modified":"2026-09-06T01:42:33","modified_gmt":"2026-09-06T06:42:33","slug":"vuelta-a-espana-marco-brenner-le-gana-el-duelo-de-fugados-a-santiago-buitrago-en-la-decimocuarta-etapa-con-ivan-sosa-4","status":"publish","type":"post","link":"https:\/\/radiomiaboyaca.com\/index.php\/2026\/09\/05\/vuelta-a-espana-marco-brenner-le-gana-el-duelo-de-fugados-a-santiago-buitrago-en-la-decimocuarta-etapa-con-ivan-sosa-4\/","title":{"rendered":"Vuelta a Espa\u00f1a: Marco Brenner le gana el duelo de fugados a Santiago Buitrago en la decimocuarta etapa con Iv\u00e1n Sosa 4\u00b0"},"content":{"rendered":"<div id=\"modal-ready\">\n<p>La fuga volvi\u00f3 a hacer de las suyas, esta vez en la <strong>decimocuarta etapa<\/strong> <strong>de la Vuelta a Espa\u00f1a 2026<\/strong>, donde una numerosa escapada consigui\u00f3 una buena ventaja. Al final, el alem\u00e1n <strong>Marco Brenner (Tudor Pro Cycling Team) <\/strong>le agu\u00f3 la fiesta a Colombia y se qued\u00f3 con el triunfo tras recorrer 154,5 kil\u00f3metros entre las localidades de Ja\u00e9n y Sierra de la Pandera.<\/p>\n<p>Los escarabajos, que sacaron a relucir sus dotes de escaladores natos en el \u00faltimo ascenso, consiguieron llegar 2\u00b0 y 4\u00b0 con <strong>Santiago Buitrago (Bahrain &#8211; Victorious) <\/strong>e <strong>Iv\u00e1n Ramiro Sosa (Kern Pharma)<\/strong>, quienes comandaron la gran actuaci\u00f3n de los colombianos en la jornada.<\/p>\n<\/p>\n<figure class=\"wp-block-image size-large\"><img loading=\"lazy\" decoding=\"async\" width=\"1024\" height=\"683\" src=\"https:\/\/www.revistamundociclistico.com\/wp-content\/uploads\/2026\/09\/Santiago-Buitrago-ET14-Vuelta-Espana-2026-1024x683.jpg\" alt=\"\" class=\"wp-image-214976\" srcset=\"https:\/\/www.revistamundociclistico.com\/wp-content\/uploads\/2026\/09\/Santiago-Buitrago-ET14-Vuelta-Espana-2026-1024x683.jpg 1024w, https:\/\/www.revistamundociclistico.com\/wp-content\/uploads\/2026\/09\/Santiago-Buitrago-ET14-Vuelta-Espana-2026-300x200.jpg 300w, https:\/\/www.revistamundociclistico.com\/wp-content\/uploads\/2026\/09\/Santiago-Buitrago-ET14-Vuelta-Espana-2026-768x512.jpg 768w, https:\/\/www.revistamundociclistico.com\/wp-content\/uploads\/2026\/09\/Santiago-Buitrago-ET14-Vuelta-Espana-2026.jpg 1200w\" sizes=\"auto, (max-width: 1024px) 100vw, 1024px\" \/><figcaption class=\"wp-element-caption\"><em>Santiago Buitrago termin\u00f3 2\u00b0 en la la decimocuarta etapa de la Vuelta Espa\u00f1a 2026. (Foto Bahrain Victorious \u00a9 Sprint Cycling)<\/em><\/figcaption><\/figure>\n<p>Los favoritos ingresaron a la meta a m\u00e1s 4 minutos, donde el austriaco <strong>Felix Gall (Decathlon CMA CGM Team)<\/strong>, fue el mejor, llegando a su rueda, con el l\u00edder, el espa\u00f1ol <strong>Enric Mas (Movistar Team)<\/strong>, mientras que el esloveno<strong> Primo\u017e Rogli\u010d (Red Bull &#8211; BORA &#8211; hansgrohe)<\/strong> perdi\u00f3 25 segundos y baj\u00f3 un puesto en el podio.<\/p>\n<p>En cuanto a la general, el espa\u00f1ol <strong>Enric Mas (Movistar Team)<\/strong> se afianz\u00f3 en el liderato, quien mantiene una ventaja c\u00f3moda, superior a los dos minutos con <strong>Felix Gall (Decathlon CMA CGM Team)<\/strong> y con<strong> Primo\u017e Rogli\u010d (Red Bull &#8211; BORA &#8211; hansgrohe)<\/strong>.<\/p>\n<p>La ronda ib\u00e9rica continuar\u00e1 este domingo con la disputa de la <strong>decimoquinta etapa<\/strong>, que tuvo un recorte por el calor extremo y <strong>solo tendr\u00e1 110,2 kil\u00f3metros<\/strong>, con varios repechos y dos puertos categorizados.<\/p>\n<p class=\"has-medium-font-size\"><strong>La Vuelta Ciclista a Espa\u00f1a (2.UWT)<\/strong><br \/><strong>Resultados Etapa 14 | Ja\u00e9n &#8211; Sierra de la Pandera (154,5 km)<\/strong><\/p>\n<figure class=\"wp-block-table\">\n<table>\n<tbody>\n<tr>\n<td>1<\/td>\n<td><\/td>\n<td><\/td>\n<td>Marco Brenner <\/td>\n<td>Tudor Pro Cycling Team<\/td>\n<td><\/td>\n<td>4:15:09<\/td>\n<\/tr>\n<tr>\n<td><strong>2<\/strong><\/td>\n<td><\/td>\n<td><\/td>\n<td><strong>Santiago Buitrago <\/strong><\/td>\n<td><strong>Bahrain Victorious<\/strong><\/td>\n<td><\/td>\n<td>0:01<\/td>\n<\/tr>\n<tr>\n<td>3<\/td>\n<td><\/td>\n<td><\/td>\n<td>Cristian Rodriguez <\/td>\n<td>XDS Astana Team<\/td>\n<td><\/td>\n<td>0:11<\/td>\n<\/tr>\n<tr>\n<td><strong>4<\/strong><\/td>\n<td><\/td>\n<td><\/td>\n<td><strong>Iv\u00e1n Ramiro Sosa <\/strong><\/td>\n<td><strong>Equipo Kern Pharma<\/strong><\/td>\n<td><\/td>\n<td>0:14<\/td>\n<\/tr>\n<tr>\n<td>5<\/td>\n<td><\/td>\n<td><\/td>\n<td>Valentin Paret-Peintre <\/td>\n<td>Soudal Quick-Step<\/td>\n<td><\/td>\n<td>0:22<\/td>\n<\/tr>\n<tr>\n<td>6<\/td>\n<td><\/td>\n<td><\/td>\n<td>Cl\u00e9ment Berthet <\/td>\n<td>Groupama-FDJ United<\/td>\n<td><\/td>\n<td>0:27<\/td>\n<\/tr>\n<tr>\n<td>7<\/td>\n<td><\/td>\n<td><\/td>\n<td>J\u00f8rgen Nordhagen <\/td>\n<td>Team Visma | Lease a Bike<\/td>\n<td><\/td>\n<td>0:39<\/td>\n<\/tr>\n<tr>\n<td>8<\/td>\n<td><\/td>\n<td><\/td>\n<td>Filippo Zana <\/td>\n<td>Soudal Quick-Step<\/td>\n<td><\/td>\n<td>0:43<\/td>\n<\/tr>\n<tr>\n<td>9<\/td>\n<td><\/td>\n<td><\/td>\n<td>Walter Calzoni <\/td>\n<td>Pinarello-Q36.5 Pro Cycling Team<\/td>\n<td><\/td>\n<td>1:06<\/td>\n<\/tr>\n<tr>\n<td>10<\/td>\n<td><\/td>\n<td><\/td>\n<td>Jo\u00e3o Almeida <\/td>\n<td>UAE Team Emirates-XRG<\/td>\n<td><\/td>\n<td>1:09<\/td>\n<\/tr>\n<\/tbody>\n<\/table>\n<\/figure>\n<figure class=\"wp-block-table\">\n<table>\n<tbody>\n<tr>\n<td><strong>31<\/strong><\/td>\n<td><strong>Harold Tejada <\/strong><\/td>\n<td><strong>XDS Astana Team<\/strong><\/td>\n<td><\/td>\n<td><\/td>\n<td><\/td>\n<td><strong>5:27<\/strong><\/td>\n<\/tr>\n<tr>\n<td><strong>40<\/strong><\/td>\n<td><strong>Juan Felipe Rodr\u00edguez <\/strong><\/td>\n<td><strong>EF Education &#8211; EasyPost<\/strong><\/td>\n<td><\/td>\n<td><\/td>\n<td><\/td>\n<td><strong>8:02<\/strong><\/td>\n<\/tr>\n<tr>\n<td><strong>65<\/strong><\/td>\n<td><strong>Juan Guillermo Mart\u00ednez <\/strong><\/td>\n<td><strong>Team Picnic PostNL<\/strong><\/td>\n<td><\/td>\n<td><\/td>\n<td><\/td>\n<td><strong>20:16<\/strong><\/td>\n<\/tr>\n<\/tbody>\n<\/table>\n<\/figure>\n<figure class=\"wp-block-image size-large\"><img loading=\"lazy\" decoding=\"async\" width=\"1024\" height=\"783\" src=\"https:\/\/www.revistamundociclistico.com\/wp-content\/uploads\/2026\/09\/Enric-Mas-Podio-ET14-Vuelta-Espana-2026-1024x783.jpg\" alt=\"\" class=\"wp-image-214967\" srcset=\"https:\/\/www.revistamundociclistico.com\/wp-content\/uploads\/2026\/09\/Enric-Mas-Podio-ET14-Vuelta-Espana-2026-1024x783.jpg 1024w, https:\/\/www.revistamundociclistico.com\/wp-content\/uploads\/2026\/09\/Enric-Mas-Podio-ET14-Vuelta-Espana-2026-300x230.jpg 300w, https:\/\/www.revistamundociclistico.com\/wp-content\/uploads\/2026\/09\/Enric-Mas-Podio-ET14-Vuelta-Espana-2026-768x588.jpg 768w, https:\/\/www.revistamundociclistico.com\/wp-content\/uploads\/2026\/09\/Enric-Mas-Podio-ET14-Vuelta-Espana-2026.jpg 1200w\" sizes=\"auto, (max-width: 1024px) 100vw, 1024px\" \/><figcaption class=\"wp-element-caption\"><em>Enric Mas, l\u00edder de la Vuelta Espa\u00f1a 2026. (Foto \u00a9 Movistar Team)<\/em><\/figcaption><\/figure>\n<p class=\"has-medium-font-size\"><strong>Clasificaci\u00f3n General Individual<\/strong><\/p>\n<figure class=\"wp-block-table\">\n<table>\n<tbody>\n<tr>\n<td>1<\/td>\n<td><\/td>\n<td><\/td>\n<td><\/td>\n<td>Enric Mas <\/td>\n<td>Movistar Team<\/td>\n<td>49:28:12<\/td>\n<\/tr>\n<tr>\n<td>2<\/td>\n<td><\/td>\n<td><\/td>\n<td><\/td>\n<td>Felix Gall <\/td>\n<td>Decathlon CMA CGM Team<\/td>\n<td>2:06<\/td>\n<\/tr>\n<tr>\n<td>3<\/td>\n<td><\/td>\n<td><\/td>\n<td><\/td>\n<td>Primoz Roglic <\/td>\n<td>Red Bull-BORA-hansgrohe<\/td>\n<td>2:10<\/td>\n<\/tr>\n<tr>\n<td>4<\/td>\n<td><\/td>\n<td><\/td>\n<td><\/td>\n<td>Richard Carapaz <\/td>\n<td>EF Education-EasyPost<\/td>\n<td>4:24<\/td>\n<\/tr>\n<tr>\n<td>5<\/td>\n<td><\/td>\n<td><\/td>\n<td><\/td>\n<td>Oscar Onley <\/td>\n<td>Netcompany INEOS Cycling Team<\/td>\n<td>5:44<\/td>\n<\/tr>\n<tr>\n<td>6<\/td>\n<td><\/td>\n<td><\/td>\n<td><\/td>\n<td>Jakob Omrzel <\/td>\n<td>Bahrain Victorious<\/td>\n<td>6:14<\/td>\n<\/tr>\n<tr>\n<td>7<\/td>\n<td><\/td>\n<td><\/td>\n<td><\/td>\n<td>Mattias Skjelmose <\/td>\n<td>Lidl-Trek<\/td>\n<td>6:49<\/td>\n<\/tr>\n<tr>\n<td>8<\/td>\n<td><\/td>\n<td><\/td>\n<td><\/td>\n<td>Cristian Rodr\u00edguez <\/td>\n<td>XDS Astana Team<\/td>\n<td>7:01<\/td>\n<\/tr>\n<tr>\n<td>9<\/td>\n<td><\/td>\n<td><\/td>\n<td><\/td>\n<td>Cl\u00e9ment Berthet <\/td>\n<td>Groupama-FDJ United<\/td>\n<td>7:19<\/td>\n<\/tr>\n<tr>\n<td>10<\/td>\n<td><\/td>\n<td><\/td>\n<td><\/td>\n<td>Sepp Kuss <\/td>\n<td>Team Visma | Lease a Bike<\/td>\n<td>8:55<\/td>\n<\/tr>\n<tr>\n<td><strong>11<\/strong><\/td>\n<td><\/td>\n<td><\/td>\n<td><\/td>\n<td><strong>Harold Tejada <\/strong><\/td>\n<td><strong>XDS Astana Team<\/strong><\/td>\n<td><strong>9:48<\/strong><\/td>\n<\/tr>\n<\/tbody>\n<\/table>\n<\/figure>\n<figure class=\"wp-block-table\">\n<table>\n<tbody>\n<tr>\n<td><strong>15<\/strong><\/td>\n<td><\/td>\n<td><\/td>\n<td><strong>Juan Felipe Rodriguez <\/strong><\/td>\n<td><strong>EF Education &#8211; EasyPost<\/strong><\/td>\n<td><\/td>\n<td><\/td>\n<td><strong>29:46<\/strong><\/td>\n<\/tr>\n<tr>\n<td><strong>17<\/strong><\/td>\n<td><\/td>\n<td><\/td>\n<td><strong>Santiago Buitrago <\/strong><\/td>\n<td><strong>Bahrain &#8211; Victorious<\/strong><\/td>\n<td><\/td>\n<td><\/td>\n<td><strong>33:52<\/strong><\/td>\n<\/tr>\n<tr>\n<td><strong>90<\/strong><\/td>\n<td><\/td>\n<td><\/td>\n<td><strong>Iv\u00e1n Ramiro Sosa <\/strong><\/td>\n<td><strong>Equipo Kern Pharma<\/strong><\/td>\n<td><\/td>\n<td><\/td>\n<td><strong>2:27:12<\/strong><\/td>\n<\/tr>\n<tr>\n<td><strong>133<\/strong><\/td>\n<td><\/td>\n<td><\/td>\n<td><strong>Juan Guillermo Mart\u00ednez <\/strong><\/td>\n<td><strong>Team Picnic PostNL<\/strong><\/td>\n<td><\/td>\n<td><\/td>\n<td><strong>3:18:34<\/strong><\/td>\n<\/tr>\n<\/tbody>\n<\/table>\n<\/figure>\n<\/div>\n","protected":false},"excerpt":{"rendered":"<p>La fuga volvi\u00f3 a hacer de las suyas, esta vez en la decimocuarta etapa de la Vuelta a Espa\u00f1a 2026, donde una numerosa escapada consigui\u00f3 una buena ventaja. Al final,&hellip; <\/p>\n","protected":false},"author":1,"featured_media":2673,"comment_status":"open","ping_status":"closed","sticky":false,"template":"Default","format":"standard","meta":{"om_disable_all_campaigns":false,"_monsterinsights_skip_tracking":false,"fifu_image_url":"https:\/\/www.revistamundociclistico.com\/wp-content\/uploads\/2026\/09\/Santiago-Buitrago-ET14-Vuelta-Espana-2026-1024x683.jpg","fifu_image_alt":"","footnotes":""},"categories":[9],"tags":[],"class_list":["post-2672","post","type-post","status-publish","format-standard","has-post-thumbnail","hentry","category-deportes"],"_links":{"self":[{"href":"https:\/\/radiomiaboyaca.com\/index.php\/wp-json\/wp\/v2\/posts\/2672","targetHints":{"allow":["GET"]}}],"collection":[{"href":"https:\/\/radiomiaboyaca.com\/index.php\/wp-json\/wp\/v2\/posts"}],"about":[{"href":"https:\/\/radiomiaboyaca.com\/index.php\/wp-json\/wp\/v2\/types\/post"}],"author":[{"embeddable":true,"href":"https:\/\/radiomiaboyaca.com\/index.php\/wp-json\/wp\/v2\/users\/1"}],"replies":[{"embeddable":true,"href":"https:\/\/radiomiaboyaca.com\/index.php\/wp-json\/wp\/v2\/comments?post=2672"}],"version-history":[{"count":1,"href":"https:\/\/radiomiaboyaca.com\/index.php\/wp-json\/wp\/v2\/posts\/2672\/revisions"}],"predecessor-version":[{"id":2674,"href":"https:\/\/radiomiaboyaca.com\/index.php\/wp-json\/wp\/v2\/posts\/2672\/revisions\/2674"}],"wp:featuredmedia":[{"embeddable":true,"href":"https:\/\/radiomiaboyaca.com\/index.php\/wp-json\/wp\/v2\/media\/2673"}],"wp:attachment":[{"href":"https:\/\/radiomiaboyaca.com\/index.php\/wp-json\/wp\/v2\/media?parent=2672"}],"wp:term":[{"taxonomy":"category","embeddable":true,"href":"https:\/\/radiomiaboyaca.com\/index.php\/wp-json\/wp\/v2\/categories?post=2672"},{"taxonomy":"post_tag","embeddable":true,"href":"https:\/\/radiomiaboyaca.com\/index.php\/wp-json\/wp\/v2\/tags?post=2672"}],"curies":[{"name":"wp","href":"https:\/\/api.w.org\/{rel}","templated":true}]}}