{"id":2670,"date":"2026-09-05T13:00:00","date_gmt":"2026-09-05T18:00:00","guid":{"rendered":"https:\/\/radiomiaboyaca.com\/?p=2670"},"modified":"2026-09-06T01:42:33","modified_gmt":"2026-09-06T06:42:33","slug":"cochise-rodriguez-hospitalizado-en-medellin","status":"publish","type":"post","link":"https:\/\/radiomiaboyaca.com\/index.php\/2026\/09\/05\/cochise-rodriguez-hospitalizado-en-medellin\/","title":{"rendered":"Cochise Rodr\u00edguez hospitalizado en Medell\u00edn"},"content":{"rendered":"<div id=\"modal-ready\">\n<p>El formidable astro del ciclismo colombiano en los a\u00f1os 70,<strong> Mart\u00edn \u201cCochise\u201d Rodr\u00edguez<\/strong>, fue ingresado ayer en una cl\u00ednica de la ciudad de Medell\u00edn <strong>afectado por algunos problemas de orden cardiol\u00f3gico<\/strong> y una vez sometido a los ex\u00e1menes correspondientes se le ha declarado paciente estable y seguir\u00e1 bajo monitoreo permanente en la cl\u00ednica que lo atiende.<\/p>\n<p>\u201c<strong>Est\u00e1 en chequeos m\u00e9dicos por presentar mareos e insuficiencia card\u00edaca<\/strong>, seg\u00fan nos ha informado su esposa, Mar\u00eda Cristina\u201d, indic\u00f3 Jes\u00fas Piedrah\u00edta, directivo del equipo Orgullo Paisa.<\/p>\n<p>Cochise, quien fuera<strong> declarado el deportista del siglo pasado<\/strong> ha sido un referente mundial del deporte de las bielas por los logros alcanzados nacional e internacionalmente en pistas y carreteras.<\/p>\n<p><strong>Convertido en un personaje nacional<\/strong>, ha desempe\u00f1ado diversas funciones en el mundo del ciclismo y es un <strong>asiduo practicante de su deporte<\/strong> en la capital antioque\u00f1a.<\/p>\n<p>El movimiento del deporte nacional en general y del ciclismo en particular <strong>espera la recuperaci\u00f3n pronta<\/strong> y total del gran exponente del ciclismo de nuestro pa\u00eds.<\/p>\n<\/div>\n","protected":false},"excerpt":{"rendered":"<p>El formidable astro del ciclismo colombiano en los a\u00f1os 70, Mart\u00edn \u201cCochise\u201d Rodr\u00edguez, fue ingresado ayer en una cl\u00ednica de la ciudad de Medell\u00edn afectado por algunos problemas de orden&hellip; <\/p>\n","protected":false},"author":1,"featured_media":0,"comment_status":"open","ping_status":"closed","sticky":false,"template":"Default","format":"standard","meta":{"om_disable_all_campaigns":false,"_monsterinsights_skip_tracking":false,"fifu_image_url":"","fifu_image_alt":"","footnotes":""},"categories":[9],"tags":[],"class_list":["post-2670","post","type-post","status-publish","format-standard","hentry","category-deportes"],"_links":{"self":[{"href":"https:\/\/radiomiaboyaca.com\/index.php\/wp-json\/wp\/v2\/posts\/2670","targetHints":{"allow":["GET"]}}],"collection":[{"href":"https:\/\/radiomiaboyaca.com\/index.php\/wp-json\/wp\/v2\/posts"}],"about":[{"href":"https:\/\/radiomiaboyaca.com\/index.php\/wp-json\/wp\/v2\/types\/post"}],"author":[{"embeddable":true,"href":"https:\/\/radiomiaboyaca.com\/index.php\/wp-json\/wp\/v2\/users\/1"}],"replies":[{"embeddable":true,"href":"https:\/\/radiomiaboyaca.com\/index.php\/wp-json\/wp\/v2\/comments?post=2670"}],"version-history":[{"count":1,"href":"https:\/\/radiomiaboyaca.com\/index.php\/wp-json\/wp\/v2\/posts\/2670\/revisions"}],"predecessor-version":[{"id":2671,"href":"https:\/\/radiomiaboyaca.com\/index.php\/wp-json\/wp\/v2\/posts\/2670\/revisions\/2671"}],"wp:attachment":[{"href":"https:\/\/radiomiaboyaca.com\/index.php\/wp-json\/wp\/v2\/media?parent=2670"}],"wp:term":[{"taxonomy":"category","embeddable":true,"href":"https:\/\/radiomiaboyaca.com\/index.php\/wp-json\/wp\/v2\/categories?post=2670"},{"taxonomy":"post_tag","embeddable":true,"href":"https:\/\/radiomiaboyaca.com\/index.php\/wp-json\/wp\/v2\/tags?post=2670"}],"curies":[{"name":"wp","href":"https:\/\/api.w.org\/{rel}","templated":true}]}}