{"id":2667,"date":"2026-09-05T14:00:07","date_gmt":"2026-09-05T19:00:07","guid":{"rendered":"https:\/\/radiomiaboyaca.com\/?p=2667"},"modified":"2026-09-06T01:42:33","modified_gmt":"2026-09-06T06:42:33","slug":"andres-mancipe-se-mantiene-en-el-podio-de-la-vuelta-a-honduras-y-yesid-pira-sigue-en-el-top-5","status":"publish","type":"post","link":"https:\/\/radiomiaboyaca.com\/index.php\/2026\/09\/05\/andres-mancipe-se-mantiene-en-el-podio-de-la-vuelta-a-honduras-y-yesid-pira-sigue-en-el-top-5\/","title":{"rendered":"Andr\u00e9s Mancipe se mantiene en el podio de la Vuelta a Honduras y Yesid Pira sigue en el top 5"},"content":{"rendered":"<div id=\"modal-ready\">\n<p>El corredor boyacense <strong>Andr\u00e9s Mancipe <\/strong>del <strong>Team Hino One La Red Suzuki<\/strong>, se mantiene en el podio de la <strong>Vuelta a Honduras<\/strong>, luego de terminar en el top 10 de la <strong>cuarta y pen\u00faltima etapa<\/strong>, la catalogada reina, de 138 kil\u00f3metros, que se disput\u00f3 por los alrededores del municipio de Concepci\u00f3n del Sur, en el departamento de Santa B\u00e1rbara.<\/p>\n<p>El escarabajo, de 24 a\u00f1os, se encuentra 3\u00b0 detr\u00e1s de su compa\u00f1ero de equipo, el guatemalteco <strong>Mardoqueo V\u00e1squez<\/strong> y del hondure\u00f1o<strong> Fredd Matute (4WD Rentacar Facatativ\u00e1)<\/strong>, mientras que <strong>Yesid Pira (Team Hino One La Red Suzuki)<\/strong> sigue en el top 5.<\/p>\n<\/p>\n<figure class=\"wp-block-image size-large\"><img loading=\"lazy\" decoding=\"async\" width=\"1024\" height=\"683\" src=\"https:\/\/www.revistamundociclistico.com\/wp-content\/uploads\/2026\/09\/Podio-4ET-Vuelta-Honduras-2026-1024x683.jpg\" alt=\"\" class=\"wp-image-215017\" srcset=\"https:\/\/www.revistamundociclistico.com\/wp-content\/uploads\/2026\/09\/Podio-4ET-Vuelta-Honduras-2026-1024x683.jpg 1024w, https:\/\/www.revistamundociclistico.com\/wp-content\/uploads\/2026\/09\/Podio-4ET-Vuelta-Honduras-2026-300x200.jpg 300w, https:\/\/www.revistamundociclistico.com\/wp-content\/uploads\/2026\/09\/Podio-4ET-Vuelta-Honduras-2026-768x512.jpg 768w, https:\/\/www.revistamundociclistico.com\/wp-content\/uploads\/2026\/09\/Podio-4ET-Vuelta-Honduras-2026.jpg 1200w\" sizes=\"auto, (max-width: 1024px) 100vw, 1024px\" \/><figcaption class=\"wp-element-caption\"><em>Fredd, Matute, Mardoqueo V\u00e1squez y Yesid Pira, en el podio de la etapa reina de la Vuelta a Honduras. (Foto \u00a9 HINO Cycling Team)<\/em><\/figcaption><\/figure>\n<p>En lo referente a la cuarta etapa esta la gan\u00f3, el l\u00edder <strong>Mardoqueo V\u00e1squez<\/strong> (<strong>Team Hino One La Red Suzuki<\/strong>), quien super\u00f3 al hondure\u00f1o <strong>Fredd Matute (4WD Rentacar Facatativ\u00e1)<\/strong>, mientras que el mejor colombiano del d\u00eda fue <strong>Yesid Pira<\/strong> (<strong>Team Hino One La Red Suzuki<\/strong>), cerrando el top 3.<\/p>\n<p>La carrera hondure\u00f1a concluir\u00e1 este domingo con un <strong>circuito de 70 kil\u00f3metros<\/strong> en la capital, donde conoceremos al sucesor del colombiano <strong>Yesid Pira<\/strong>, campe\u00f3n del a\u00f1o pasado.<\/p>\n<\/p>\n<figure class=\"wp-block-image size-large\"><img loading=\"lazy\" decoding=\"async\" width=\"1024\" height=\"683\" src=\"https:\/\/www.revistamundociclistico.com\/wp-content\/uploads\/2026\/09\/Mardoqueo-Vasquez-Vuelta-Honduras-2026-1024x683.jpg\" alt=\"\" class=\"wp-image-215020\" srcset=\"https:\/\/www.revistamundociclistico.com\/wp-content\/uploads\/2026\/09\/Mardoqueo-Vasquez-Vuelta-Honduras-2026-1024x683.jpg 1024w, https:\/\/www.revistamundociclistico.com\/wp-content\/uploads\/2026\/09\/Mardoqueo-Vasquez-Vuelta-Honduras-2026-300x200.jpg 300w, https:\/\/www.revistamundociclistico.com\/wp-content\/uploads\/2026\/09\/Mardoqueo-Vasquez-Vuelta-Honduras-2026-768x512.jpg 768w, https:\/\/www.revistamundociclistico.com\/wp-content\/uploads\/2026\/09\/Mardoqueo-Vasquez-Vuelta-Honduras-2026.jpg 1200w\" sizes=\"auto, (max-width: 1024px) 100vw, 1024px\" \/><figcaption class=\"wp-element-caption\"><em>Mardoqueo V\u00e1squez, l\u00edder de la Vuelta a Honduras. (Foto \u00a9 HINO Cycling Team)<\/em><\/figcaption><\/figure>\n<\/div>\n","protected":false},"excerpt":{"rendered":"<p>El corredor boyacense Andr\u00e9s Mancipe del Team Hino One La Red Suzuki, se mantiene en el podio de la Vuelta a Honduras, luego de terminar en el top 10 de&hellip; <\/p>\n","protected":false},"author":1,"featured_media":2668,"comment_status":"open","ping_status":"closed","sticky":false,"template":"Default","format":"standard","meta":{"om_disable_all_campaigns":false,"_monsterinsights_skip_tracking":false,"fifu_image_url":"https:\/\/www.revistamundociclistico.com\/wp-content\/uploads\/2026\/09\/Podio-4ET-Vuelta-Honduras-2026-1024x683.jpg","fifu_image_alt":"","footnotes":""},"categories":[9],"tags":[],"class_list":["post-2667","post","type-post","status-publish","format-standard","has-post-thumbnail","hentry","category-deportes"],"_links":{"self":[{"href":"https:\/\/radiomiaboyaca.com\/index.php\/wp-json\/wp\/v2\/posts\/2667","targetHints":{"allow":["GET"]}}],"collection":[{"href":"https:\/\/radiomiaboyaca.com\/index.php\/wp-json\/wp\/v2\/posts"}],"about":[{"href":"https:\/\/radiomiaboyaca.com\/index.php\/wp-json\/wp\/v2\/types\/post"}],"author":[{"embeddable":true,"href":"https:\/\/radiomiaboyaca.com\/index.php\/wp-json\/wp\/v2\/users\/1"}],"replies":[{"embeddable":true,"href":"https:\/\/radiomiaboyaca.com\/index.php\/wp-json\/wp\/v2\/comments?post=2667"}],"version-history":[{"count":1,"href":"https:\/\/radiomiaboyaca.com\/index.php\/wp-json\/wp\/v2\/posts\/2667\/revisions"}],"predecessor-version":[{"id":2669,"href":"https:\/\/radiomiaboyaca.com\/index.php\/wp-json\/wp\/v2\/posts\/2667\/revisions\/2669"}],"wp:featuredmedia":[{"embeddable":true,"href":"https:\/\/radiomiaboyaca.com\/index.php\/wp-json\/wp\/v2\/media\/2668"}],"wp:attachment":[{"href":"https:\/\/radiomiaboyaca.com\/index.php\/wp-json\/wp\/v2\/media?parent=2667"}],"wp:term":[{"taxonomy":"category","embeddable":true,"href":"https:\/\/radiomiaboyaca.com\/index.php\/wp-json\/wp\/v2\/categories?post=2667"},{"taxonomy":"post_tag","embeddable":true,"href":"https:\/\/radiomiaboyaca.com\/index.php\/wp-json\/wp\/v2\/tags?post=2667"}],"curies":[{"name":"wp","href":"https:\/\/api.w.org\/{rel}","templated":true}]}}