{"id":2665,"date":"2026-09-05T15:00:00","date_gmt":"2026-09-05T20:00:00","guid":{"rendered":"https:\/\/radiomiaboyaca.com\/?p=2665"},"modified":"2026-09-06T01:42:33","modified_gmt":"2026-09-06T06:42:33","slug":"clasica-de-siachoque-brayan-molano-gana-la-contrarreloj-y-asume-el-liderato","status":"publish","type":"post","link":"https:\/\/radiomiaboyaca.com\/index.php\/2026\/09\/05\/clasica-de-siachoque-brayan-molano-gana-la-contrarreloj-y-asume-el-liderato\/","title":{"rendered":"Cl\u00e1sica de Siachoque: Brayan Molano gana la contrarreloj y asume el liderato"},"content":{"rendered":"<div id=\"modal-ready\">\n<p>En gran actuaci\u00f3n <strong>Brayan Molano (EBSA)<\/strong> se impuso en la segunda etapa de la <strong>Cl\u00e1sica de Siachoque<\/strong>, una <strong>contrarreloj individual <\/strong>de 7 kil\u00f3metros disputada por las calles del municipio que le pone nombre a la carrera, con final en un premio de monta\u00f1a de segunda categor\u00eda.<\/p>\n<p>El corredor boyacense, que fue el m\u00e1s r\u00e1pido de la crono, empleo 11 minutos y 32 segundos para ganarle por dos segundos a <strong>Jos\u00e9 Misael Uri\u00e1n (Team Sistecr\u00e9dito)<\/strong> y por 9 segundos a su compa\u00f1ero de equipo <strong>Michael Armando Moreno (EBSA)<\/strong>.<\/p>\n<p>El exl\u00edder <strong>Jeisson Casallas (Hino-One-La Red-Suzuki Team Hino)<\/strong> arrib\u00f3 en la 4\u00b0 posici\u00f3n y perdi\u00f3 el liderato. Ahora la clasificaci\u00f3n general la comanda <strong>Brayan Molano (EBSA)<\/strong>, que se adue\u00f1\u00f3 de la primera posici\u00f3n.<\/p>\n<p>La carrera boyacense concluir\u00e1 este domingo con la disputa de su <strong>tercera y \u00faltima etapa<\/strong>, un <strong>circuito de 82 kil\u00f3metros<\/strong> por las calles del municipio de Tunja.<\/p>\n<p class=\"has-medium-font-size\"><strong>CLASIFCACIONES COMPLETAS<\/strong><\/p>\n<div data-wp-interactive=\"\" class=\"wp-block-file\"><object data-wp-bind--hidden=\"!selectors.core.file.hasPdfPreview\" hidden class=\"wp-block-file__embed\" data=\"https:\/\/www.revistamundociclistico.com\/wp-content\/uploads\/2026\/09\/clasificacion-segunda-etapa-cri-parque-de-siachoque-alto-de-juruvita.pdf\" type=\"application\/pdf\" style=\"width:100%;height:600px\" aria-label=\"Incrustado de clasificacion-segunda-etapa-cri-parque-de-siachoque-alto-de-juruvita.\"><\/object><a id=\"wp-block-file--media-e16b8c41-8135-4c51-97e9-66d0d8877ff4\" href=\"https:\/\/www.revistamundociclistico.com\/wp-content\/uploads\/2026\/09\/clasificacion-segunda-etapa-cri-parque-de-siachoque-alto-de-juruvita.pdf\">clasificacion-segunda-etapa-cri-parque-de-siachoque-alto-de-juruvita<\/a><a href=\"https:\/\/www.revistamundociclistico.com\/wp-content\/uploads\/2026\/09\/clasificacion-segunda-etapa-cri-parque-de-siachoque-alto-de-juruvita.pdf\" class=\"wp-block-file__button wp-element-button\" download aria-describedby=\"wp-block-file--media-e16b8c41-8135-4c51-97e9-66d0d8877ff4\">Descarga<\/a><\/div>\n<\/div>\n","protected":false},"excerpt":{"rendered":"<p>En gran actuaci\u00f3n Brayan Molano (EBSA) se impuso en la segunda etapa de la Cl\u00e1sica de Siachoque, una contrarreloj individual de 7 kil\u00f3metros disputada por las calles del municipio que&hellip; <\/p>\n","protected":false},"author":1,"featured_media":0,"comment_status":"open","ping_status":"closed","sticky":false,"template":"Default","format":"standard","meta":{"om_disable_all_campaigns":false,"_monsterinsights_skip_tracking":false,"fifu_image_url":"","fifu_image_alt":"","footnotes":""},"categories":[9],"tags":[],"class_list":["post-2665","post","type-post","status-publish","format-standard","hentry","category-deportes"],"_links":{"self":[{"href":"https:\/\/radiomiaboyaca.com\/index.php\/wp-json\/wp\/v2\/posts\/2665","targetHints":{"allow":["GET"]}}],"collection":[{"href":"https:\/\/radiomiaboyaca.com\/index.php\/wp-json\/wp\/v2\/posts"}],"about":[{"href":"https:\/\/radiomiaboyaca.com\/index.php\/wp-json\/wp\/v2\/types\/post"}],"author":[{"embeddable":true,"href":"https:\/\/radiomiaboyaca.com\/index.php\/wp-json\/wp\/v2\/users\/1"}],"replies":[{"embeddable":true,"href":"https:\/\/radiomiaboyaca.com\/index.php\/wp-json\/wp\/v2\/comments?post=2665"}],"version-history":[{"count":1,"href":"https:\/\/radiomiaboyaca.com\/index.php\/wp-json\/wp\/v2\/posts\/2665\/revisions"}],"predecessor-version":[{"id":2666,"href":"https:\/\/radiomiaboyaca.com\/index.php\/wp-json\/wp\/v2\/posts\/2665\/revisions\/2666"}],"wp:attachment":[{"href":"https:\/\/radiomiaboyaca.com\/index.php\/wp-json\/wp\/v2\/media?parent=2665"}],"wp:term":[{"taxonomy":"category","embeddable":true,"href":"https:\/\/radiomiaboyaca.com\/index.php\/wp-json\/wp\/v2\/categories?post=2665"},{"taxonomy":"post_tag","embeddable":true,"href":"https:\/\/radiomiaboyaca.com\/index.php\/wp-json\/wp\/v2\/tags?post=2665"}],"curies":[{"name":"wp","href":"https:\/\/api.w.org\/{rel}","templated":true}]}}