{"id":2662,"date":"2026-09-05T16:00:00","date_gmt":"2026-09-05T21:00:00","guid":{"rendered":"https:\/\/radiomiaboyaca.com\/?p=2662"},"modified":"2026-09-06T01:42:33","modified_gmt":"2026-09-06T06:42:33","slug":"javier-jamaica-se-lleva-la-etapa-reina-y-sigue-vestido-de-amarillo-en-la-vuelta-a-santa-catarina","status":"publish","type":"post","link":"https:\/\/radiomiaboyaca.com\/index.php\/2026\/09\/05\/javier-jamaica-se-lleva-la-etapa-reina-y-sigue-vestido-de-amarillo-en-la-vuelta-a-santa-catarina\/","title":{"rendered":"Javier Jamaica se lleva la etapa reina y sigue vestido de amarillo en la Vuelta a Santa Catarina"},"content":{"rendered":"<div id=\"modal-ready\">\n<p>El pedalista bogotano <strong>Javier Jamaica<\/strong>, del <strong>NU Colombia<\/strong>, sigue l\u00edder de la <strong>Vuelta a Santa Catarina 2026<\/strong>, luego de ganar la cuarta etapa, una jornada monta\u00f1osa de 138,6 kil\u00f3metros, que se disput\u00f3 entre Orleans y Bom Jardim da Serra.<\/p>\n<p>El corredor capitalino, de 30 a\u00f1os, se afianz\u00f3 en el liderato y <strong>aument\u00f3 las diferencias con todos sus rivales<\/strong> y pr\u00e1cticamente sentenci\u00f3 la competencia a falta de un d\u00eda para el final.<\/p>\n<\/p>\n<figure class=\"wp-block-image size-large\"><img loading=\"lazy\" decoding=\"async\" width=\"1024\" height=\"683\" src=\"https:\/\/www.revistamundociclistico.com\/wp-content\/uploads\/2026\/09\/Javier-Jamaica-llegada-4ET-Vuelta-Santa-Catarina-2026-1024x683.jpg\" alt=\"\" class=\"wp-image-215009\" srcset=\"https:\/\/www.revistamundociclistico.com\/wp-content\/uploads\/2026\/09\/Javier-Jamaica-llegada-4ET-Vuelta-Santa-Catarina-2026-1024x683.jpg 1024w, https:\/\/www.revistamundociclistico.com\/wp-content\/uploads\/2026\/09\/Javier-Jamaica-llegada-4ET-Vuelta-Santa-Catarina-2026-300x200.jpg 300w, https:\/\/www.revistamundociclistico.com\/wp-content\/uploads\/2026\/09\/Javier-Jamaica-llegada-4ET-Vuelta-Santa-Catarina-2026-768x512.jpg 768w, https:\/\/www.revistamundociclistico.com\/wp-content\/uploads\/2026\/09\/Javier-Jamaica-llegada-4ET-Vuelta-Santa-Catarina-2026.jpg 1200w\" sizes=\"auto, (max-width: 1024px) 100vw, 1024px\" \/><figcaption class=\"wp-element-caption\"><em>Javier Jamaica 1\u00b0 y Diego Camargo 2\u00b0, en la etapa reina de la Vuelta a Santa Catarina 2026. (Foto \u00a9 O Pais do Ciclismo)<\/em><\/figcaption><\/figure>\n<p>El resto de escarabajos no defraudaron y <strong>Diego Camargo<\/strong> <strong>(Team Medell\u00edn-EPM) <\/strong>y <strong>Rodrigo Contreras (NU Colombia)<\/strong> escoltaron a su compatriota, completando el podio del d\u00eda y haciendo el 1-2-3 para <strong>Colombia<\/strong>.<\/p>\n<p>La carrera brasile\u00f1a finalizar\u00e1 este domingo con la disputa de la <strong>quinta y \u00faltima etapa<\/strong>, un circuito llano de 70 kil\u00f3metros con salida y llegada en la ciudad de<strong> Florian\u00f3polis<\/strong>, en el sur de Brasil, donde conoceremos al sucesor del boyacense <strong>Diego Camargo<\/strong>, campe\u00f3n el a\u00f1o pasado.<a href=\"https:\/\/www.procyclingstats.com\/rider\/javier-ernesto-jamaica\"><\/a><\/p>\n<p class=\"has-medium-font-size\"><strong>Volta Cicl\u00edstica de Santa Catarina (2.2)<\/strong><br \/><strong>Resultados Etapa 4 | Orleans &#8211; Bom Jardim da Serra (138,6 km)<\/strong><\/p>\n<figure class=\"wp-block-table\">\n<table>\n<tbody>\n<tr>\n<td><strong>1<\/strong><\/td>\n<td><strong>Javier Jamaica <\/strong><\/td>\n<td><strong>Nu Colombia<\/strong><\/td>\n<td><\/td>\n<td><\/td>\n<td><strong>3:45:51<\/strong><\/td>\n<\/tr>\n<tr>\n<td><strong>2<\/strong><\/td>\n<td><strong>Diego Camargo<\/strong><\/td>\n<td><strong>Team Medell\u00edn &#8211; EPM<\/strong><\/td>\n<td><\/td>\n<td><\/td>\n<td><strong>m.t.<\/strong><\/td>\n<\/tr>\n<tr>\n<td>3<\/td>\n<td><strong>Rodrigo Contreras <\/strong><\/td>\n<td><strong>Nu Colombia<\/strong><\/td>\n<td><\/td>\n<td><\/td>\n<td><strong>0:05<\/strong><\/td>\n<\/tr>\n<tr>\n<td>4<\/td>\n<td>Bruno Lemes <\/td>\n<td>Localiza Meoo \/ Swift Pro Cycling<\/td>\n<td><\/td>\n<td><\/td>\n<td>1:09<\/td>\n<\/tr>\n<tr>\n<td>5<\/td>\n<td>Thales Areias <\/td>\n<td>Andbank Cycling Team<\/td>\n<td><\/td>\n<td><\/td>\n<td>1:09<\/td>\n<\/tr>\n<tr>\n<td><strong>6<\/strong><\/td>\n<td><strong>Carlos Guti\u00e9rrez <\/strong><\/td>\n<td><strong>Nu Colombia<\/strong><\/td>\n<td><\/td>\n<td><\/td>\n<td><strong>1:49<\/strong><\/td>\n<\/tr>\n<tr>\n<td>7<\/td>\n<td>Gustavo De Oliveira <\/td>\n<td>Selecci\u00f3n Paranaense<\/td>\n<td><\/td>\n<td><\/td>\n<td>2:00<\/td>\n<\/tr>\n<tr>\n<td><strong>8<\/strong><\/td>\n<td><strong>Juan Diego Alba <\/strong><\/td>\n<td><strong>Nu Colombia<\/strong><\/td>\n<td><\/td>\n<td><\/td>\n<td><strong>2:02<\/strong><\/td>\n<\/tr>\n<tr>\n<td>9<\/td>\n<td>Euller Magno <\/td>\n<td>Andbank Cycling Team<\/td>\n<td><\/td>\n<td><\/td>\n<td>2:05<\/td>\n<\/tr>\n<tr>\n<td><strong>10<\/strong><\/td>\n<td><strong>Daniel M\u00e9ndez <\/strong><\/td>\n<td><strong>Team Medell\u00edn &#8211; EPM<\/strong><\/td>\n<td><\/td>\n<td><\/td>\n<td><strong>2.13<\/strong><\/td>\n<\/tr>\n<\/tbody>\n<\/table>\n<\/figure>\n<p class=\"has-medium-font-size\"><strong>Clasificaci\u00f3n General Individual<\/strong><\/p>\n<figure class=\"wp-block-table\">\n<table>\n<tbody>\n<tr>\n<td><strong>1<\/strong><\/td>\n<td><\/td>\n<td><\/td>\n<td><strong>Javier Jamaica <\/strong><\/td>\n<td><strong>Nu Colombia<\/strong><\/td>\n<td><\/td>\n<td><strong>12:35:10<\/strong><\/td>\n<\/tr>\n<tr>\n<td><strong>2<\/strong><\/td>\n<td><\/td>\n<td><\/td>\n<td><strong>Diego Camargo <\/strong><\/td>\n<td><strong>Team Medell\u00edn &#8211; EPM<\/strong><\/td>\n<td><\/td>\n<td><strong>0:30<\/strong><\/td>\n<\/tr>\n<tr>\n<td><strong>3<\/strong><\/td>\n<td><\/td>\n<td><\/td>\n<td><strong>Rodrigo Contreras <\/strong><\/td>\n<td><strong>Nu Colombia<\/strong><\/td>\n<td><\/td>\n<td><strong>0:30<\/strong><\/td>\n<\/tr>\n<tr>\n<td>4<\/td>\n<td><\/td>\n<td><\/td>\n<td>Bruno Lemes <\/td>\n<td>Localiza Meoo \/ Swift Pro Cycling<\/td>\n<td><\/td>\n<td>1:37<\/td>\n<\/tr>\n<tr>\n<td>5<\/td>\n<td><\/td>\n<td><\/td>\n<td>Thales Areias <\/td>\n<td>Andbank Cycling Team<\/td>\n<td><\/td>\n<td>2:19<\/td>\n<\/tr>\n<tr>\n<td><strong>6<\/strong><\/td>\n<td><\/td>\n<td><\/td>\n<td><strong>Carlos Guti\u00e9rrez <\/strong><\/td>\n<td><strong>Nu Colombia<\/strong><\/td>\n<td><\/td>\n<td><strong>2:41<\/strong><\/td>\n<\/tr>\n<tr>\n<td><strong>7<\/strong><\/td>\n<td><\/td>\n<td><\/td>\n<td><strong>Daniel M\u00e9ndez <\/strong><\/td>\n<td><strong>Team Medell\u00edn &#8211; EPM<\/strong><\/td>\n<td><\/td>\n<td><strong>2:54<\/strong><\/td>\n<\/tr>\n<tr>\n<td><strong>8<\/strong><\/td>\n<td><\/td>\n<td><\/td>\n<td><strong>Juan Diego Alba <\/strong><\/td>\n<td><strong>Nu Colombia<\/strong><\/td>\n<td><\/td>\n<td><strong>2:56<\/strong><\/td>\n<\/tr>\n<tr>\n<td>9<\/td>\n<td><\/td>\n<td><\/td>\n<td>Euller Magno <\/td>\n<td>Andbank Cycling Team<\/td>\n<td><\/td>\n<td>3:34<\/td>\n<\/tr>\n<tr>\n<td>10<\/td>\n<td><\/td>\n<td><\/td>\n<td>Pedro Figueiredo <\/td>\n<td>Localiza Meoo \/ Swift Pro Cycling<\/td>\n<td><\/td>\n<td>4:01<\/td>\n<\/tr>\n<\/tbody>\n<\/table>\n<\/figure>\n<p class=\"has-medium-font-size\"><strong>CLASIFICACIONES COMPLETAS<\/strong> <\/p>\n<div data-wp-interactive=\"\" class=\"wp-block-file\"><object data-wp-bind--hidden=\"!selectors.core.file.hasPdfPreview\" hidden class=\"wp-block-file__embed\" data=\"https:\/\/www.revistamundociclistico.com\/wp-content\/uploads\/2026\/09\/clasificacion-etapa-4_1.pdf\" type=\"application\/pdf\" style=\"width:100%;height:600px\" aria-label=\"Incrustado de clasificacion-etapa-4_1.\"><\/object><a id=\"wp-block-file--media-51b921a3-1693-4d01-ac61-5c39ce1b7b0b\" href=\"https:\/\/www.revistamundociclistico.com\/wp-content\/uploads\/2026\/09\/clasificacion-etapa-4_1.pdf\">clasificacion-etapa-4_1<\/a><a href=\"https:\/\/www.revistamundociclistico.com\/wp-content\/uploads\/2026\/09\/clasificacion-etapa-4_1.pdf\" class=\"wp-block-file__button wp-element-button\" download aria-describedby=\"wp-block-file--media-51b921a3-1693-4d01-ac61-5c39ce1b7b0b\">Descarga<\/a><\/div>\n<\/div>\n","protected":false},"excerpt":{"rendered":"<p>El pedalista bogotano Javier Jamaica, del NU Colombia, sigue l\u00edder de la Vuelta a Santa Catarina 2026, luego de ganar la cuarta etapa, una jornada monta\u00f1osa de 138,6 kil\u00f3metros, que&hellip; <\/p>\n","protected":false},"author":1,"featured_media":2663,"comment_status":"open","ping_status":"closed","sticky":false,"template":"Default","format":"standard","meta":{"om_disable_all_campaigns":false,"_monsterinsights_skip_tracking":false,"fifu_image_url":"https:\/\/www.revistamundociclistico.com\/wp-content\/uploads\/2026\/09\/Javier-Jamaica-llegada-4ET-Vuelta-Santa-Catarina-2026-1024x683.jpg","fifu_image_alt":"","footnotes":""},"categories":[9],"tags":[],"class_list":["post-2662","post","type-post","status-publish","format-standard","has-post-thumbnail","hentry","category-deportes"],"_links":{"self":[{"href":"https:\/\/radiomiaboyaca.com\/index.php\/wp-json\/wp\/v2\/posts\/2662","targetHints":{"allow":["GET"]}}],"collection":[{"href":"https:\/\/radiomiaboyaca.com\/index.php\/wp-json\/wp\/v2\/posts"}],"about":[{"href":"https:\/\/radiomiaboyaca.com\/index.php\/wp-json\/wp\/v2\/types\/post"}],"author":[{"embeddable":true,"href":"https:\/\/radiomiaboyaca.com\/index.php\/wp-json\/wp\/v2\/users\/1"}],"replies":[{"embeddable":true,"href":"https:\/\/radiomiaboyaca.com\/index.php\/wp-json\/wp\/v2\/comments?post=2662"}],"version-history":[{"count":1,"href":"https:\/\/radiomiaboyaca.com\/index.php\/wp-json\/wp\/v2\/posts\/2662\/revisions"}],"predecessor-version":[{"id":2664,"href":"https:\/\/radiomiaboyaca.com\/index.php\/wp-json\/wp\/v2\/posts\/2662\/revisions\/2664"}],"wp:featuredmedia":[{"embeddable":true,"href":"https:\/\/radiomiaboyaca.com\/index.php\/wp-json\/wp\/v2\/media\/2663"}],"wp:attachment":[{"href":"https:\/\/radiomiaboyaca.com\/index.php\/wp-json\/wp\/v2\/media?parent=2662"}],"wp:term":[{"taxonomy":"category","embeddable":true,"href":"https:\/\/radiomiaboyaca.com\/index.php\/wp-json\/wp\/v2\/categories?post=2662"},{"taxonomy":"post_tag","embeddable":true,"href":"https:\/\/radiomiaboyaca.com\/index.php\/wp-json\/wp\/v2\/tags?post=2662"}],"curies":[{"name":"wp","href":"https:\/\/api.w.org\/{rel}","templated":true}]}}