{"id":2659,"date":"2026-09-05T17:00:43","date_gmt":"2026-09-05T22:00:43","guid":{"rendered":"https:\/\/radiomiaboyaca.com\/?p=2659"},"modified":"2026-09-06T01:42:33","modified_gmt":"2026-09-06T06:42:33","slug":"santiago-buitrago-suma-puntos-valiosos-y-se-afianza-en-el-liderato-de-la-montana-en-la-vuelta-a-espana-2026","status":"publish","type":"post","link":"https:\/\/radiomiaboyaca.com\/index.php\/2026\/09\/05\/santiago-buitrago-suma-puntos-valiosos-y-se-afianza-en-el-liderato-de-la-montana-en-la-vuelta-a-espana-2026\/","title":{"rendered":"Santiago Buitrago suma puntos valiosos y se afianza en el liderato de la monta\u00f1a en la Vuelta a Espa\u00f1a 2026"},"content":{"rendered":"<div id=\"modal-ready\">\n<p>Emulando las grandes gestas de los <strong>escarabajos <\/strong>en la historia de la Vuelta a Espa\u00f1a, <strong>Santiago Buitrago<\/strong> se afianz\u00f3 como el <strong>mejor escalador de la tercera grande de la temporada<\/strong>, tras hacer parte de la fuga en la decimocuarta etapa y afianzarse en la clasificaci\u00f3n de los premios de monta\u00f1a.<\/p>\n<p><strong>El pedalista bogotano del Bahrain &#8211; Victorious<\/strong> logr\u00f3 sumar puntos valiosos en una de las jornadas monta\u00f1osas m\u00e1s exigentes de la carrera espa\u00f1ola para<strong> liderar con una ventaja m\u00e1s c\u00f3moda<\/strong> la clasificaci\u00f3n de la camiseta de las pepas azules, tras catorce d\u00edas de competencia.<\/p>\n<\/p>\n<figure class=\"wp-block-image size-large\"><img fetchpriority=\"high\" decoding=\"async\" width=\"1024\" height=\"684\" src=\"https:\/\/www.revistamundociclistico.com\/wp-content\/uploads\/2026\/09\/Santiago-Buitrago-ET14-Vuelta-Espana-20261-1024x684.jpg\" alt=\"\" class=\"wp-image-214997\" srcset=\"https:\/\/www.revistamundociclistico.com\/wp-content\/uploads\/2026\/09\/Santiago-Buitrago-ET14-Vuelta-Espana-20261-1024x684.jpg 1024w, https:\/\/www.revistamundociclistico.com\/wp-content\/uploads\/2026\/09\/Santiago-Buitrago-ET14-Vuelta-Espana-20261-300x200.jpg 300w, https:\/\/www.revistamundociclistico.com\/wp-content\/uploads\/2026\/09\/Santiago-Buitrago-ET14-Vuelta-Espana-20261-768x513.jpg 768w, https:\/\/www.revistamundociclistico.com\/wp-content\/uploads\/2026\/09\/Santiago-Buitrago-ET14-Vuelta-Espana-20261.jpg 1200w\" sizes=\"(max-width: 1024px) 100vw, 1024px\" \/><figcaption class=\"wp-element-caption\"><em>Santiago Buitrago se destac\u00f3 en la en la decimocuarta etapa de la Vuelta a Espa\u00f1a 2026. (Foto Bahrain &#8211; Victorious \u00a9 Sprint Cycling)<\/em><\/figcaption><\/figure>\n<p><strong>Buitrago contabiliza 69 puntos<\/strong>, 29 unidades m\u00e1s que el belga <strong>Wout van Aert (Team Visma | Lease a Bike)<\/strong> y 45 m\u00e1s que el espa\u00f1ol <strong>Enric Mas (Movistar Team)<\/strong>, l\u00edder s\u00f3lido de la carrera.<\/p>\n<p>Los escarabajos<strong> Iv\u00e1n Ramiro Sosa<\/strong> (Kern Pharma), <strong>Harold Tejada <\/strong>(XDS Astana Team) y <strong>Juan Felipe Rodr\u00edguez <\/strong>(EF Education &#8211; EasyPost), tambi\u00e9n aparecen en el escalaf\u00f3n, pero con pocos puntos.<\/p>\n<p class=\"has-medium-font-size\"><strong>Clasificaci\u00f3n de la Monta\u00f1a<\/strong><\/p>\n<figure class=\"wp-block-table\">\n<table>\n<tbody>\n<tr>\n<td><strong>1<\/strong><\/td>\n<td><\/td>\n<td><\/td>\n<td><strong>Santiago Buitrago <\/strong><\/td>\n<td><strong>Bahrain &#8211; Victorious<\/strong><\/td>\n<td><strong>69<\/strong><\/td>\n<\/tr>\n<tr>\n<td>2<\/td>\n<td><\/td>\n<td><\/td>\n<td>Wout van Aert <\/td>\n<td>Team Visma | Lease a Bike<\/td>\n<td>40<\/td>\n<\/tr>\n<tr>\n<td>3<\/td>\n<td><\/td>\n<td><\/td>\n<td>Enric Mas <\/td>\n<td>Movistar Team<\/td>\n<td>24<\/td>\n<\/tr>\n<tr>\n<td>4<\/td>\n<td><\/td>\n<td><\/td>\n<td>Lorenzo Fortunato <\/td>\n<td>XDS Astana Team<\/td>\n<td>21<\/td>\n<\/tr>\n<tr>\n<td>5<\/td>\n<td><\/td>\n<td><\/td>\n<td>Andreas Leknessund <\/td>\n<td>Uno-X Mobility<\/td>\n<td>19<\/td>\n<\/tr>\n<tr>\n<td>6<\/td>\n<td><\/td>\n<td><\/td>\n<td>Jakob Omrzel <\/td>\n<td>Bahrain &#8211; Victorious<\/td>\n<td>12<\/td>\n<\/tr>\n<tr>\n<td>7<\/td>\n<td><\/td>\n<td><\/td>\n<td>Kevin Vermaerke <\/td>\n<td>UAE Team Emirates &#8211; XRG<\/td>\n<td>11<\/td>\n<\/tr>\n<tr>\n<td>8<\/td>\n<td><\/td>\n<td><\/td>\n<td>Marco Brenner <\/td>\n<td>Decathlon CMA CGM Team<\/td>\n<td>11<\/td>\n<\/tr>\n<tr>\n<td>9<\/td>\n<td><\/td>\n<td><\/td>\n<td>Felix Gall <\/td>\n<td>Tudor Pro Cycling Team<\/td>\n<td>10<\/td>\n<\/tr>\n<tr>\n<td>10<\/td>\n<td><\/td>\n<td><\/td>\n<td>Oscar Onley <\/td>\n<td>Netcompany INEOS<\/td>\n<td>10<\/td>\n<\/tr>\n<\/tbody>\n<\/table>\n<\/figure>\n<figure class=\"wp-block-table\">\n<table>\n<tbody>\n<tr>\n<td><strong>22<\/strong><\/td>\n<td><\/td>\n<td><\/td>\n<td><strong>Iv\u00e1n Ramiro Sosa <\/strong><\/td>\n<td><strong>Equipo Kern Pharma<\/strong><\/td>\n<td><strong>6<\/strong><\/td>\n<\/tr>\n<tr>\n<td><strong>33<\/strong><\/td>\n<td><\/td>\n<td><\/td>\n<td><strong>Tejada Harold<\/strong><\/td>\n<td><strong>XDS Astana Team<\/strong><\/td>\n<td><strong>2<\/strong><\/td>\n<\/tr>\n<tr>\n<td><strong>42<\/strong><\/td>\n<td><\/td>\n<td><\/td>\n<td><strong>Juan Felipe Rodriguez <\/strong><\/td>\n<td><strong>EF Education &#8211; EasyPost<\/strong><\/td>\n<td><strong>1<\/strong><\/td>\n<\/tr>\n<\/tbody>\n<\/table>\n<\/figure>\n<\/div>\n","protected":false},"excerpt":{"rendered":"<p>Emulando las grandes gestas de los escarabajos en la historia de la Vuelta a Espa\u00f1a, Santiago Buitrago se afianz\u00f3 como el mejor escalador de la tercera grande de la temporada,&hellip; <\/p>\n","protected":false},"author":1,"featured_media":2660,"comment_status":"open","ping_status":"closed","sticky":false,"template":"Default","format":"standard","meta":{"om_disable_all_campaigns":false,"_monsterinsights_skip_tracking":false,"fifu_image_url":"https:\/\/www.revistamundociclistico.com\/wp-content\/uploads\/2026\/09\/Santiago-Buitrago-ET14-Vuelta-Espana-20261-1024x684.jpg","fifu_image_alt":"","footnotes":""},"categories":[9],"tags":[],"class_list":["post-2659","post","type-post","status-publish","format-standard","has-post-thumbnail","hentry","category-deportes"],"_links":{"self":[{"href":"https:\/\/radiomiaboyaca.com\/index.php\/wp-json\/wp\/v2\/posts\/2659","targetHints":{"allow":["GET"]}}],"collection":[{"href":"https:\/\/radiomiaboyaca.com\/index.php\/wp-json\/wp\/v2\/posts"}],"about":[{"href":"https:\/\/radiomiaboyaca.com\/index.php\/wp-json\/wp\/v2\/types\/post"}],"author":[{"embeddable":true,"href":"https:\/\/radiomiaboyaca.com\/index.php\/wp-json\/wp\/v2\/users\/1"}],"replies":[{"embeddable":true,"href":"https:\/\/radiomiaboyaca.com\/index.php\/wp-json\/wp\/v2\/comments?post=2659"}],"version-history":[{"count":1,"href":"https:\/\/radiomiaboyaca.com\/index.php\/wp-json\/wp\/v2\/posts\/2659\/revisions"}],"predecessor-version":[{"id":2661,"href":"https:\/\/radiomiaboyaca.com\/index.php\/wp-json\/wp\/v2\/posts\/2659\/revisions\/2661"}],"wp:featuredmedia":[{"embeddable":true,"href":"https:\/\/radiomiaboyaca.com\/index.php\/wp-json\/wp\/v2\/media\/2660"}],"wp:attachment":[{"href":"https:\/\/radiomiaboyaca.com\/index.php\/wp-json\/wp\/v2\/media?parent=2659"}],"wp:term":[{"taxonomy":"category","embeddable":true,"href":"https:\/\/radiomiaboyaca.com\/index.php\/wp-json\/wp\/v2\/categories?post=2659"},{"taxonomy":"post_tag","embeddable":true,"href":"https:\/\/radiomiaboyaca.com\/index.php\/wp-json\/wp\/v2\/tags?post=2659"}],"curies":[{"name":"wp","href":"https:\/\/api.w.org\/{rel}","templated":true}]}}