{"id":2657,"date":"2026-09-04T19:10:03","date_gmt":"2026-09-05T00:10:03","guid":{"rendered":"https:\/\/radiomiaboyaca.com\/?p=2657"},"modified":"2026-09-05T01:35:08","modified_gmt":"2026-09-05T06:35:08","slug":"nomina-de-la-seleccion-colombia-para-el-campeonato-mundial-de-ruta-montreal-2026","status":"publish","type":"post","link":"https:\/\/radiomiaboyaca.com\/index.php\/2026\/09\/04\/nomina-de-la-seleccion-colombia-para-el-campeonato-mundial-de-ruta-montreal-2026\/","title":{"rendered":"N\u00f3mina de la Selecci\u00f3n Colombia para el Campeonato Mundial de Ruta Montreal 2026"},"content":{"rendered":"<p><strong><em>El combinado nacional estar\u00e1 representado por 24 corredores en las categor\u00edas \u00e9lite, Sub-23 y juvenil, en damas y varones, durante la cita orbital que se disputar\u00e1 del 20 al 27 de septiembre en Canad\u00e1.<\/em><\/strong><\/p>\n<p>La Federaci\u00f3n Colombiana de Ciclismo presenta la n\u00f3mina oficial de la Selecci\u00f3n Colombia para el Campeonato Mundial de Ruta Montreal 2026, una de las grandes citas del calendario internacional, que reunir\u00e1 a los mejores especialistas del mundo en las pruebas de contrarreloj y ruta.<\/p>\n<p>Colombia acudir\u00e1 al certamen con una delegaci\u00f3n de 24 corredores, distribuidos en seis categor\u00edas, combinando la experiencia de sus principales referentes internacionales con una importante representaci\u00f3n de las nuevas generaciones del ciclismo nacional.<\/p>\n<p>En la categor\u00eda \u00e9lite masculina, la Selecci\u00f3n Colombia estar\u00e1 encabezada por Nairo Alexander Quintana Rojas, Egan Arley Bernal G\u00f3mez, Santiago Andr\u00e9s Buitrago S\u00e1nchez, Harold Alfonso Tejada Canacue, Sergio Andr\u00e9s Higuita Garc\u00eda, Brandon Smith Rivera Vargas y Walter Alejandro Vargas Alzate.<\/p>\n<p>La convocatoria re\u00fane a corredores con amplia experiencia en grandes vueltas y competencias de un d\u00eda, adem\u00e1s de la presencia de Walter Vargas, m\u00faltiple campe\u00f3n panamericano de la contrarreloj. Para Nairo Quintana, el Mundial de Montreal tendr\u00e1 adem\u00e1s un significado especial, pues la prueba de ruta del domingo 27 de septiembre marcar\u00e1 su \u00faltima competencia como ciclista profesional, tras una trayectoria en la que conquist\u00f3 el Giro de Italia y la Vuelta a Espa\u00f1a, entre otros grandes t\u00edtulos.<\/p>\n<p>La representaci\u00f3n colombiana tambi\u00e9n contar\u00e1 con cinco corredores en la categor\u00eda Sub-23 masculina: Juan Diego Quintero Osorno, Miguel \u00c1ngel Mar\u00edn Mart\u00ednez, Jaider Mu\u00f1oz Restrepo, William Colorado Osorio y Robert Andr\u00e9s Plazas Fonseca.<\/p>\n<p>En la categor\u00eda juvenil masculina, los seleccionados ser\u00e1n Juan Esteban S\u00e1nchez S\u00e1nchez, Jos\u00e9 Manuel Posada Franco y Alejandro Stiven Pamplona Echeverr\u00eda.<\/p>\n<p>Por su parte, la \u00e9lite femenina estar\u00e1 representada por Diana Carolina Pe\u00f1uela Mart\u00ednez, Paula Andrea Pati\u00f1o Bedoya y Laura Daniela Rojas Capera.<\/p>\n<p>En Sub-23 femenina, Colombia contar\u00e1 con Juliana Londo\u00f1o David, Angie Mariana Londo\u00f1o Posada y Natalia Garz\u00f3n Cifuentes, mientras que la categor\u00eda juvenil femenina tendr\u00e1 como representantes a Salom\u00e9 Vargas Alzate, Zara Sof\u00eda Lamprea Morales y Estefan\u00eda Castillo L\u00f3pez.<\/p>\n<p>La Selecci\u00f3n Colombia estar\u00e1 bajo la orientaci\u00f3n del seleccionador nacional William David Vargas G\u00f3mez, quien tendr\u00e1 a su cargo la direcci\u00f3n deportiva del combinado nacional durante el campeonato. Adem\u00e1s brindar\u00e1n apoyo durante la competencia en la parte mec\u00e1nica \u00d3scar Guiral y Zimael Mej\u00eda, y en la fisioterapia Daniel Rinc\u00f3n y Danilo Su\u00e1rez .<\/p>\n<p>Montreal volver\u00e1 a recibir un Campeonato Mundial de Ruta m\u00e1s de cinco d\u00e9cadas despu\u00e9s de la edici\u00f3n de 1974, mientras que Canad\u00e1 tambi\u00e9n fue sede del Mundial de Hamilton en 2003. La edici\u00f3n 2026 contempla 13 competencias entre contrarrelojes individuales, pruebas de ruta y el relevo mixto, con participaci\u00f3n de las categor\u00edas \u00e9lite, Sub-23 y juvenil.<\/p>\n<p>De esta manera, el ciclismo colombiano tendr\u00e1 presencia en las diferentes categor\u00edas contempladas por el programa oficial del Mundial, con una delegaci\u00f3n que conjuga experiencia, juventud y proyecci\u00f3n internacional.<\/p>\n<p><strong>Programaci\u00f3n del Campeonato Mundial de Ruta Montreal 2026<\/strong><\/p>\n<p>El programa oficial contempla competencias desde el s\u00e1bado 19 de septiembre, jornada destinada a entrenamientos y reuniones t\u00e9cnicas, hasta el domingo 27, cuando se disputar\u00e1 la prueba de ruta \u00e9lite masculina.<\/p>\n<p><strong>S\u00e1bado 19 de septiembre<\/strong><\/p>\n<p>Entrenamiento de contrarreloj individual.<br \/>Confirmaci\u00f3n de corredores de contrarreloj.<br \/>Congreso t\u00e9cnico de las pruebas de contrarreloj.<br \/>Reuni\u00f3n informativa de conductores.<\/p>\n<p><strong>Domingo 20 de septiembre<\/strong><\/p>\n<p>Contrarreloj Individual Femenina \u00c9lite. &#8211; Diana Pe\u00f1uela<br \/>Contrarreloj Individual Masculina \u00c9lite. &#8211; Walter Vargas y Brandon Rivera<\/p>\n<p><strong>Lunes 21 de septiembre<\/strong><\/p>\n<p>Contrarreloj Individual Femenina Sub-23. &#8211; Angie Londo\u00f1o y Natalia Garz\u00f3n<br \/>Contrarreloj Individual Masculina Sub-23. &#8211; Juan Diego Quintero y Robert Andr\u00e9s Plazas<\/p>\n<p><strong>Martes 22 de septiembre<\/strong><\/p>\n<p>Contrarreloj Individual Masculina Juvenil. &#8211; Juan Esteban S\u00e1nchez y Jos\u00e9 Manuel Posada<br \/>Contrarreloj Individual Femenina Juvenil. &#8211; Estefan\u00eda Castillo y Zara Lamprea<\/p>\n<p><strong>Mi\u00e9rcoles 23 de septiembre<\/strong><\/p>\n<p>Entrenamiento de ruta en el circuito de Mont Royal.<br \/>Congreso UCI.<br \/>Confirmaci\u00f3n de corredores para las pruebas de ruta.<br \/>Reuni\u00f3n de equipos y reuni\u00f3n informativa de conductores.<\/p>\n<p><strong>Jueves 24 de septiembre<\/strong><\/p>\n<p>Ruta Femenina Sub-23.<br \/>Ruta Masculina Juvenil.<\/p>\n<p><strong>Viernes 25 de septiembre<\/strong><\/p>\n<p>Ruta Masculina Sub-23.<br \/>Ruta Femenina Juvenil.<br \/>Presentaci\u00f3n del Mundial de Francia 2027.<\/p>\n<p><strong>S\u00e1bado 26 de septiembre<\/strong><\/p>\n<p>Ruta Femenina \u00c9lite.<br \/>Gala UCI.<\/p>\n<p><strong>Domingo 27 de septiembre<\/strong><\/p>\n<p>Ruta Masculina \u00c9lite<\/p>\n<p><strong>N\u00f3mina oficial \u2013 Selecci\u00f3n Colombia, Mundial de Ruta Montreal 2026<\/strong><\/p>\n<p><strong>\u00c9lite masculina<\/strong><\/p>\n<p>Walter Alejandro Vargas Alzate<br \/>Harold Alfonso Tejada Canacue<br \/>Egan Arley Bernal G\u00f3mez<br \/>Brandon Smith Rivera Vargas<br \/>Sergio Andr\u00e9s Higuita Garc\u00eda<br \/>Santiago Andr\u00e9s Buitrago S\u00e1nchez<br \/>Nairo Alexander Quintana Rojas<\/p>\n<p><strong>Sub-23 masculina<\/strong><\/p>\n<p>Juan Diego Quintero Osorno<br \/>Miguel \u00c1ngel Mar\u00edn Mart\u00ednez<br \/>Jaider Mu\u00f1oz Restrepo<br \/>William Colorado Osorio<br \/>Robert Andr\u00e9s Plazas Fonseca<\/p>\n<p><strong>Juvenil masculina<\/strong><\/p>\n<p>Juan Esteban S\u00e1nchez S\u00e1nchez<br \/>Jos\u00e9 Manuel Posada Franco<br \/>Alejandro Stiven Pamplona Echeverr\u00eda<\/p>\n<p><strong>\u00c9lite femenina<\/strong><\/p>\n<p>Diana Carolina Pe\u00f1uela Mart\u00ednez<br \/>Paula Andrea Pati\u00f1o Bedoya<br \/>Laura Daniela Rojas Capera<\/p>\n<p><strong>Sub-23 femenina<\/strong><\/p>\n<p>Juliana Londo\u00f1o David<br \/>Angie Mariana Londo\u00f1o Posada<br \/>Natalia Garz\u00f3n Cifuentes<\/p>\n<p><strong>Juvenil femenina<\/strong><\/p>\n<p>Salom\u00e9 Vargas Alzate<br \/>Zara Sof\u00eda Lamprea Morales<br \/>Estefan\u00eda Castillo L\u00f3pez<\/p>\n","protected":false},"excerpt":{"rendered":"<p>El combinado nacional estar\u00e1 representado por 24 corredores en las categor\u00edas \u00e9lite, Sub-23 y juvenil, en damas y varones, durante la cita orbital que se disputar\u00e1 del 20 al 27&hellip; <\/p>\n","protected":false},"author":1,"featured_media":0,"comment_status":"open","ping_status":"closed","sticky":false,"template":"Default","format":"standard","meta":{"om_disable_all_campaigns":false,"_monsterinsights_skip_tracking":false,"fifu_image_url":"","fifu_image_alt":"","footnotes":""},"categories":[20,9,21],"tags":[],"class_list":["post-2657","post","type-post","status-publish","format-standard","hentry","category-dato-del-dia","category-deportes","category-seleccion-del-editor"],"_links":{"self":[{"href":"https:\/\/radiomiaboyaca.com\/index.php\/wp-json\/wp\/v2\/posts\/2657","targetHints":{"allow":["GET"]}}],"collection":[{"href":"https:\/\/radiomiaboyaca.com\/index.php\/wp-json\/wp\/v2\/posts"}],"about":[{"href":"https:\/\/radiomiaboyaca.com\/index.php\/wp-json\/wp\/v2\/types\/post"}],"author":[{"embeddable":true,"href":"https:\/\/radiomiaboyaca.com\/index.php\/wp-json\/wp\/v2\/users\/1"}],"replies":[{"embeddable":true,"href":"https:\/\/radiomiaboyaca.com\/index.php\/wp-json\/wp\/v2\/comments?post=2657"}],"version-history":[{"count":1,"href":"https:\/\/radiomiaboyaca.com\/index.php\/wp-json\/wp\/v2\/posts\/2657\/revisions"}],"predecessor-version":[{"id":2658,"href":"https:\/\/radiomiaboyaca.com\/index.php\/wp-json\/wp\/v2\/posts\/2657\/revisions\/2658"}],"wp:attachment":[{"href":"https:\/\/radiomiaboyaca.com\/index.php\/wp-json\/wp\/v2\/media?parent=2657"}],"wp:term":[{"taxonomy":"category","embeddable":true,"href":"https:\/\/radiomiaboyaca.com\/index.php\/wp-json\/wp\/v2\/categories?post=2657"},{"taxonomy":"post_tag","embeddable":true,"href":"https:\/\/radiomiaboyaca.com\/index.php\/wp-json\/wp\/v2\/tags?post=2657"}],"curies":[{"name":"wp","href":"https:\/\/api.w.org\/{rel}","templated":true}]}}