{"id":2655,"date":"2026-09-04T01:41:41","date_gmt":"2026-09-04T06:41:41","guid":{"rendered":"https:\/\/radiomiaboyaca.com\/?p=2655"},"modified":"2026-09-05T01:35:06","modified_gmt":"2026-09-05T06:35:06","slug":"arranca-la-vuelta-a-cantabria-junior-la-ultima-prueba-uci-del-calendario-espanol","status":"publish","type":"post","link":"https:\/\/radiomiaboyaca.com\/index.php\/2026\/09\/04\/arranca-la-vuelta-a-cantabria-junior-la-ultima-prueba-uci-del-calendario-espanol\/","title":{"rendered":"Arranca la Vuelta a Cantabria j\u00fanior, la \u00faltima prueba UCI del calendario espa\u00f1ol"},"content":{"rendered":"<p>La Vuelta a Cantabria j\u00fanior es la \u00faltima oportunidad dentro del calendario UCI de Espa\u00f1a. La prueba reunir\u00e1 a muchos de los mejores ciclistas del pelot\u00f3n nacional y, adem\u00e1s, a un importante n\u00famero de conjuntos extranjeros que sue\u00f1an con esta cita, una carrera que para muchos de ellos es el test final antes del viaje al campeonato del mundo de corredores de 17 y 18 a\u00f1os.<\/p>\n<p>La competici\u00f3n se iniciar\u00e1 en <strong>Puente Viesgo el 4 de septiembre<\/strong>, con una jornada de casi 100 kil\u00f3metros en el que se recorrer\u00e1 en la parte inicial un circuito rompepiernas y la subida a Hijas; para emprender el circuito al que dar\u00e1n dos vueltas con la ascensi\u00f3n<strong> Alto de San Mart\u00edn<\/strong>, la Meta Volante de Puente Viesgo y el Sprint Especial de Sar\u00f3n. Todos estos puntos calientes se repetir\u00e1n en ambas vueltas hasta el final en Puente Viesgo, con la subida al <strong>Centro de Arte Rupestre<\/strong>, una rampa de algo m\u00e1s de 1\u20195 kil\u00f3metros para conocer al primer l\u00edder de la carrera.<\/p>\n<p>La segunda etapa el 5 de septiembre se disputar\u00e1 en<strong> Vio\u00f1o de Pi\u00e9lagos<\/strong> sobre 119 kil\u00f3metros. Tras el tramo inicial, se entrar\u00e1 en el circuito al que dar\u00e1n dos vueltas con las Metas Volantes de Renedo, las ascensiones al <strong>Alto de La Monta\u00f1a<\/strong> y los Sprints Especiales en Vio\u00f1o, al paso por meta. Superado el \u00faltimo paso por La Monta\u00f1a, se ascender\u00e1 el muro del cementerio de Salceda a apenas 2 kil\u00f3metros del final que tanto espect\u00e1culo ha deparado en recientes ediciones de la Vuelta a Cantabria.<\/p>\n<p>Por \u00faltimo, <strong>Santillana del Mar<\/strong> vuelve a acoger una prueba ciclista y lo hace con la jornada decisiva el 6 de septiembre. Se recorrer\u00e1n 115 kil\u00f3metros con un circuito inicial hacia el Sprint Especial de Cabez\u00f3n de la Sal. Ya de regreso, tras el paso por la Meta Volante de Novales, se inicia el circuito con el paso por el <strong>Alto de Cildad<\/strong>, el paso por Vispieres (Sprint en el km 51 y Meta Volante en el km 82) y el <strong>Alto de Ubiarco<\/strong>. Un circuito rompepiernas al que dar\u00e1n dos vueltas, y donde restar\u00e1 a\u00fan la subida al Alto de Cildad a apenas 10 kilo\u00f3metros para la meta en Santillana del Mar, que siempre precedida del repecho final mantiene la tensi\u00f3n y las opciones para los favoritos hasta la misma l\u00ednea de llegada.<\/p>\n<p>La Vuelta a Cantabria contar\u00e1 con cobertura en directo a trav\u00e9s de sus cuentas de redes sociales en X y en Instagram. Adem\u00e1s, <strong>Sportpublic TV<\/strong> retransmitir\u00e1 <strong>los \u00faltimos 70 kil\u00f3metros<\/strong> de cada jornada en directo a trav\u00e9s de<strong> Youtube<\/strong>.<\/p>\n<p>En el apartado de la participaci\u00f3n, cabe destacar la participaci\u00f3n ede quipos que ya son habituales en la prueba como los belgas del <strong>Wielerclub Onder Ons Parike<\/strong>. Desde Francia, estar\u00e1n los corredores del <strong>Urt Velo 64<\/strong> as\u00ed como el <strong>U19 Academy Region Sud<\/strong>. Inglaterra estar\u00e1 representada con el <strong>Harrogate Team Nova<\/strong>, mientras que las selecciones nacionales presentes ser\u00e1n las de <strong>Grecia, Israel y Kazajist\u00e1n<\/strong>.<\/p>\n<p>En cuanto a los equipos nacionales, destaca la presencia <strong>del Baqu\u00e9 Movistar, del Picusa Academy, MMR Academy o del Electromercantil GR100.<\/strong> Junto a ellos, estructuras de primer nivel como B<strong>athco, Sanse Elecox o Mendiz Mendi.<\/strong><\/p>\n<p>Completan la participaci\u00f3n los c\u00e1ntabros del <strong>Corbatas Pindal, el Camargo Beko y el Multihogar Cantabria<\/strong>; desde Euskadi el <strong>Caf\u00e9 Dromedario y el Loiumat Punta Galea<\/strong>; los navarros de <strong>Sumelec Ermitaga\u00f1a<\/strong>; el <strong>Ciudad de Oviedo y Quesos La Peral Sidra Men\u00e9ndez<\/strong> asturianos; el <strong>STM Voltia Lasal Cocinas<\/strong> gallego; los canarios del <strong>Tenerife Viclass Canary Pictures;<\/strong> o los aragoneses del <strong>Huesca La Magia.<\/strong><\/p>\n<p>&nbsp;<\/p>\n<p>La entrada <a rel=\"nofollow\" href=\"https:\/\/www.zikloland.com\/arranca-la-vuelta-a-cantabria-junior-la-ultima-prueba-uci-del-calendario-espanol\/\">Arranca la Vuelta a Cantabria j\u00fanior, la \u00faltima prueba UCI del calendario espa\u00f1ol<\/a> aparece primero en <a rel=\"nofollow\" href=\"https:\/\/www.zikloland.com\">Zikloland<\/a>.<\/p>\n","protected":false},"excerpt":{"rendered":"<p>La Vuelta a Cantabria j\u00fanior es la \u00faltima oportunidad dentro del calendario UCI de Espa\u00f1a. La prueba reunir\u00e1 a muchos de los mejores ciclistas del pelot\u00f3n nacional y, adem\u00e1s, a&hellip; <\/p>\n","protected":false},"author":1,"featured_media":0,"comment_status":"open","ping_status":"closed","sticky":false,"template":"Default","format":"standard","meta":{"om_disable_all_campaigns":false,"_monsterinsights_skip_tracking":false,"fifu_image_url":"","fifu_image_alt":"","footnotes":""},"categories":[9,1],"tags":[],"class_list":["post-2655","post","type-post","status-publish","format-standard","hentry","category-deportes","category-sin-categoria"],"_links":{"self":[{"href":"https:\/\/radiomiaboyaca.com\/index.php\/wp-json\/wp\/v2\/posts\/2655","targetHints":{"allow":["GET"]}}],"collection":[{"href":"https:\/\/radiomiaboyaca.com\/index.php\/wp-json\/wp\/v2\/posts"}],"about":[{"href":"https:\/\/radiomiaboyaca.com\/index.php\/wp-json\/wp\/v2\/types\/post"}],"author":[{"embeddable":true,"href":"https:\/\/radiomiaboyaca.com\/index.php\/wp-json\/wp\/v2\/users\/1"}],"replies":[{"embeddable":true,"href":"https:\/\/radiomiaboyaca.com\/index.php\/wp-json\/wp\/v2\/comments?post=2655"}],"version-history":[{"count":1,"href":"https:\/\/radiomiaboyaca.com\/index.php\/wp-json\/wp\/v2\/posts\/2655\/revisions"}],"predecessor-version":[{"id":2656,"href":"https:\/\/radiomiaboyaca.com\/index.php\/wp-json\/wp\/v2\/posts\/2655\/revisions\/2656"}],"wp:attachment":[{"href":"https:\/\/radiomiaboyaca.com\/index.php\/wp-json\/wp\/v2\/media?parent=2655"}],"wp:term":[{"taxonomy":"category","embeddable":true,"href":"https:\/\/radiomiaboyaca.com\/index.php\/wp-json\/wp\/v2\/categories?post=2655"},{"taxonomy":"post_tag","embeddable":true,"href":"https:\/\/radiomiaboyaca.com\/index.php\/wp-json\/wp\/v2\/tags?post=2655"}],"curies":[{"name":"wp","href":"https:\/\/api.w.org\/{rel}","templated":true}]}}