{"id":2652,"date":"2026-09-04T10:00:00","date_gmt":"2026-09-04T15:00:00","guid":{"rendered":"https:\/\/radiomiaboyaca.com\/?p=2652"},"modified":"2026-09-05T01:35:05","modified_gmt":"2026-09-05T06:35:05","slug":"victor-ocampo-2-y-alvaro-hodeg-4-en-la-jornada-inaugural-del-tour-de-shanghai-2026","status":"publish","type":"post","link":"https:\/\/radiomiaboyaca.com\/index.php\/2026\/09\/04\/victor-ocampo-2-y-alvaro-hodeg-4-en-la-jornada-inaugural-del-tour-de-shanghai-2026\/","title":{"rendered":"V\u00edctor Ocampo 2\u00b0 y \u00c1lvaro Hodeg 4\u00b0, en la jornada inaugural del Tour de Shangh\u00e1i 2026"},"content":{"rendered":"<div id=\"modal-ready\">\n<p>En la jornada inaugural del <strong>Tour de Shangh\u00e1i<\/strong>, el antioque\u00f1o <strong>V\u00edctor Ocampo (Team Medell\u00edn-EPM) <\/strong>firm\u00f3 un destacado segundo lugar, tras recorrer 95,3 kil\u00f3metros por los alrededores del distrito de Ji\u00e1ding. Otro de los colombianos que termin\u00f3 bien ubicado fue <strong>\u00c1lvaro Hodeg (Team Medell\u00edn-EPM)<\/strong>, en el cuarto puesto.<\/p>\n<p>El pelot\u00f3n control\u00f3 la carrera en el tramo final, dejando todo al embalaje, en el que el estonio<strong> Karl Patrick Lauk (Wheeltop Rotor Chengdu Team)<\/strong> fue el m\u00e1s r\u00e1pido de la primera etapa. La tercera casilla la ocup\u00f3 el australiano <strong>Kurt Eather (Ccache x Bodywrap)<\/strong>.<\/p>\n<\/p>\n<figure class=\"wp-block-image size-large\"><img loading=\"lazy\" decoding=\"async\" width=\"1024\" height=\"690\" src=\"https:\/\/www.revistamundociclistico.com\/wp-content\/uploads\/2026\/09\/Podio-1ET-Tour-Shanghai-2026-1024x690.jpg\" alt=\"\" class=\"wp-image-214849\" srcset=\"https:\/\/www.revistamundociclistico.com\/wp-content\/uploads\/2026\/09\/Podio-1ET-Tour-Shanghai-2026-1024x690.jpg 1024w, https:\/\/www.revistamundociclistico.com\/wp-content\/uploads\/2026\/09\/Podio-1ET-Tour-Shanghai-2026-300x202.jpg 300w, https:\/\/www.revistamundociclistico.com\/wp-content\/uploads\/2026\/09\/Podio-1ET-Tour-Shanghai-2026-768x518.jpg 768w, https:\/\/www.revistamundociclistico.com\/wp-content\/uploads\/2026\/09\/Podio-1ET-Tour-Shanghai-2026.jpg 1200w\" sizes=\"auto, (max-width: 1024px) 100vw, 1024px\" \/><figcaption class=\"wp-element-caption\"><em>El podio de la primera etapa del Tour de Shangh\u00e1i 2026. (Foto \u00a9Team Medell\u00edn-EPM)<\/em><\/figcaption><\/figure>\n<p>El cuanto al resto de los colombianos, estos se clasificaron as\u00ed: <strong>R\u00f3bigzon Oyola<\/strong> 33\u00b0, <strong>Wilmar Paredes <\/strong>36\u00b0 y <strong>Brayan S\u00e1nchez<\/strong> 69\u00b0, los tres llegaron el pelot\u00f3n con el mismo tiempo del ganador.<\/p>\n<p>La <strong>segunda etapa de la carrera asi\u00e1tica<\/strong> se correr\u00e1 este s\u00e1bado, en un recorrido totalmente llano de 94,8 kil\u00f3metros, que recorrer\u00e1 los distritos de Songjiang y Qingpu, en territorio chino.<\/p>\n<p class=\"has-medium-font-size\"><strong>Tour of Shanghai (2.2)<\/strong><br \/><strong>Resultados etapa 1 | Jiading &#8211; Jiading (95,3 km)<\/strong><\/p>\n<figure class=\"wp-block-table\">\n<table>\n<tbody>\n<tr>\n<td>1<\/td>\n<td><\/td>\n<td><\/td>\n<td>Karl Patrick Lauk <\/td>\n<td>Wheeltop Rotor Chengdu Team<\/td>\n<td><\/td>\n<td>1:57:42<\/td>\n<\/tr>\n<tr>\n<td><strong>2<\/strong><\/td>\n<td><\/td>\n<td><\/td>\n<td><strong>V\u00edctor Ocampo <\/strong><\/td>\n<td><strong>Team Medell\u00edn-EPM<\/strong><\/td>\n<td><\/td>\n<td><strong>m.t.<\/strong><\/td>\n<\/tr>\n<tr>\n<td>3<\/td>\n<td><\/td>\n<td><\/td>\n<td>Kurt Eather <\/td>\n<td>CCACHE x BODYWRAP<\/td>\n<td><\/td>\n<td>m.t.<\/td>\n<\/tr>\n<tr>\n<td><strong>4<\/strong><\/td>\n<td><\/td>\n<td><\/td>\n<td><strong>\u00c1lvaro Hodeg <\/strong><\/td>\n<td><strong>Team Medell\u00edn-EPM<\/strong><\/td>\n<td><\/td>\n<td><strong>m.t.<\/strong><\/td>\n<\/tr>\n<tr>\n<td>5<\/td>\n<td><\/td>\n<td><\/td>\n<td>Aliaksei Shnyrko <\/td>\n<td>Li Ning Star<\/td>\n<td><\/td>\n<td>m.t.<\/td>\n<\/tr>\n<tr>\n<td>6<\/td>\n<td><\/td>\n<td><\/td>\n<td>Antoine Raugel <\/td>\n<td>Van Rysel-Roubaix<\/td>\n<td><\/td>\n<td>m.t.<\/td>\n<\/tr>\n<tr>\n<td>7<\/td>\n<td><\/td>\n<td><\/td>\n<td>Paul Hennequin <\/td>\n<td>Euskaltel-Euskadi<\/td>\n<td><\/td>\n<td>m.t.<\/td>\n<\/tr>\n<tr>\n<td>8<\/td>\n<td><\/td>\n<td><\/td>\n<td>Ivan Bortnik <\/td>\n<td>Pingtan International Tourism Island Cycling Team<\/td>\n<td><\/td>\n<td>m.t.<\/td>\n<\/tr>\n<tr>\n<td>9<\/td>\n<td><\/td>\n<td><\/td>\n<td>Mihkel R\u00e4im <\/td>\n<td>Quick Pro Team<\/td>\n<td><\/td>\n<td>m.t.<\/td>\n<\/tr>\n<tr>\n<td>10<\/td>\n<td><\/td>\n<td><\/td>\n<td>Joes Oosterlinck <\/td>\n<td>Van Rysel-Roubaix<\/td>\n<td><\/td>\n<td>m.t.<\/td>\n<\/tr>\n<\/tbody>\n<\/table>\n<\/figure>\n<figure class=\"wp-block-table\">\n<table>\n<tbody>\n<tr>\n<td><strong>33<\/strong><\/td>\n<td><strong>R\u00f3bigzon Oyola <\/strong><\/td>\n<td><strong>Team Medell\u00edn &#8211; EPM<\/strong><\/td>\n<td><\/td>\n<td><\/td>\n<td><\/td>\n<td><strong>m.t.<\/strong><\/td>\n<\/tr>\n<tr>\n<td><strong>36<\/strong><\/td>\n<td><strong>Wilmar Paredes <\/strong><\/td>\n<td><strong>Team Medell\u00edn &#8211; EPM<\/strong><\/td>\n<td><\/td>\n<td><\/td>\n<td><\/td>\n<td><strong>m.t.<\/strong><\/td>\n<\/tr>\n<tr>\n<td><strong>69<\/strong><\/td>\n<td><strong>Brayan S\u00e1nchez <\/strong><\/td>\n<td><strong>Team Medell\u00edn &#8211; EPM<\/strong><\/td>\n<td><\/td>\n<td><\/td>\n<td><\/td>\n<td><strong>m.t.<\/strong><\/td>\n<\/tr>\n<\/tbody>\n<\/table>\n<\/figure>\n<\/div>\n","protected":false},"excerpt":{"rendered":"<p>En la jornada inaugural del Tour de Shangh\u00e1i, el antioque\u00f1o V\u00edctor Ocampo (Team Medell\u00edn-EPM) firm\u00f3 un destacado segundo lugar, tras recorrer 95,3 kil\u00f3metros por los alrededores del distrito de Ji\u00e1ding.&hellip; <\/p>\n","protected":false},"author":1,"featured_media":2653,"comment_status":"open","ping_status":"closed","sticky":false,"template":"Default","format":"standard","meta":{"om_disable_all_campaigns":false,"_monsterinsights_skip_tracking":false,"fifu_image_url":"https:\/\/www.revistamundociclistico.com\/wp-content\/uploads\/2026\/09\/Podio-1ET-Tour-Shanghai-2026-1024x690.jpg","fifu_image_alt":"","footnotes":""},"categories":[9],"tags":[],"class_list":["post-2652","post","type-post","status-publish","format-standard","has-post-thumbnail","hentry","category-deportes"],"_links":{"self":[{"href":"https:\/\/radiomiaboyaca.com\/index.php\/wp-json\/wp\/v2\/posts\/2652","targetHints":{"allow":["GET"]}}],"collection":[{"href":"https:\/\/radiomiaboyaca.com\/index.php\/wp-json\/wp\/v2\/posts"}],"about":[{"href":"https:\/\/radiomiaboyaca.com\/index.php\/wp-json\/wp\/v2\/types\/post"}],"author":[{"embeddable":true,"href":"https:\/\/radiomiaboyaca.com\/index.php\/wp-json\/wp\/v2\/users\/1"}],"replies":[{"embeddable":true,"href":"https:\/\/radiomiaboyaca.com\/index.php\/wp-json\/wp\/v2\/comments?post=2652"}],"version-history":[{"count":1,"href":"https:\/\/radiomiaboyaca.com\/index.php\/wp-json\/wp\/v2\/posts\/2652\/revisions"}],"predecessor-version":[{"id":2654,"href":"https:\/\/radiomiaboyaca.com\/index.php\/wp-json\/wp\/v2\/posts\/2652\/revisions\/2654"}],"wp:featuredmedia":[{"embeddable":true,"href":"https:\/\/radiomiaboyaca.com\/index.php\/wp-json\/wp\/v2\/media\/2653"}],"wp:attachment":[{"href":"https:\/\/radiomiaboyaca.com\/index.php\/wp-json\/wp\/v2\/media?parent=2652"}],"wp:term":[{"taxonomy":"category","embeddable":true,"href":"https:\/\/radiomiaboyaca.com\/index.php\/wp-json\/wp\/v2\/categories?post=2652"},{"taxonomy":"post_tag","embeddable":true,"href":"https:\/\/radiomiaboyaca.com\/index.php\/wp-json\/wp\/v2\/tags?post=2652"}],"curies":[{"name":"wp","href":"https:\/\/api.w.org\/{rel}","templated":true}]}}