{"id":2649,"date":"2026-09-04T11:00:00","date_gmt":"2026-09-04T16:00:00","guid":{"rendered":"https:\/\/radiomiaboyaca.com\/?p=2649"},"modified":"2026-09-05T01:35:05","modified_gmt":"2026-09-05T06:35:05","slug":"laura-rojas-se-consagro-campeona-de-la-clasica-de-marinilla-en-la-rama-femenina-maria-paula-latriglia-gano-el-circuito-final","status":"publish","type":"post","link":"https:\/\/radiomiaboyaca.com\/index.php\/2026\/09\/04\/laura-rojas-se-consagro-campeona-de-la-clasica-de-marinilla-en-la-rama-femenina-maria-paula-latriglia-gano-el-circuito-final\/","title":{"rendered":"Laura Rojas se consagr\u00f3 campeona de la Cl\u00e1sica de Marinilla en la rama femenina; Mar\u00eda Paula Latriglia gan\u00f3 el circuito final"},"content":{"rendered":"<div id=\"modal-ready\">\n<p>Luego de cuatro d\u00edas de competencia, la huilense <strong>Laura Rojas <\/strong>se consagr\u00f3 campeona de la<strong> Cl\u00e1sica de Marinilla 2026<\/strong> en la rama femenina. La corredora del <strong>Team Sistecredito<\/strong> defendi\u00f3 sin complicaciones el liderato en la \u00faltima etapa.<\/p>\n<p>Su equipo complet\u00f3 el podio de la <strong>Cl\u00e1sica Nacional \u201cRam\u00f3n Emilio Arcila\u201d<\/strong> con un destacado 1-2-3, en el que <strong>Natalia Garz\u00f3n <\/strong>y <strong>Diana Carolina Pe\u00f1uela<\/strong>, escoltaron a la ganadora.<\/p>\n<\/p>\n<figure class=\"wp-block-image size-large\"><img loading=\"lazy\" decoding=\"async\" width=\"1024\" height=\"684\" src=\"https:\/\/www.revistamundociclistico.com\/wp-content\/uploads\/2026\/09\/Maria-Paula-Latriglia-4ET-Clasica-Marinilla-2026-1024x684.jpg\" alt=\"\" class=\"wp-image-214872\" srcset=\"https:\/\/www.revistamundociclistico.com\/wp-content\/uploads\/2026\/09\/Maria-Paula-Latriglia-4ET-Clasica-Marinilla-2026-1024x684.jpg 1024w, https:\/\/www.revistamundociclistico.com\/wp-content\/uploads\/2026\/09\/Maria-Paula-Latriglia-4ET-Clasica-Marinilla-2026-300x200.jpg 300w, https:\/\/www.revistamundociclistico.com\/wp-content\/uploads\/2026\/09\/Maria-Paula-Latriglia-4ET-Clasica-Marinilla-2026-768x513.jpg 768w, https:\/\/www.revistamundociclistico.com\/wp-content\/uploads\/2026\/09\/Maria-Paula-Latriglia-4ET-Clasica-Marinilla-2026.jpg 1200w\" sizes=\"auto, (max-width: 1024px) 100vw, 1024px\" \/><figcaption class=\"wp-element-caption\"><em>Mar\u00eda Paula Latriglia gan\u00f3 el circuito final de la Cl\u00e1sica de Marinilla. (Foto Anderson Bonilla \u00a9 RMC)<\/em><\/figcaption><\/figure>\n<p>La jornada final la gan\u00f3 <strong>Mar\u00eda Paula Latriglia<\/strong>, quien logr\u00f3 otra victoria en la carrera del oriente antioque\u00f1o para el <strong>Sistecr\u00e9dito<\/strong>, que gan\u00f3 tres etapas. El pelot\u00f3n se report\u00f3 a 15 segundos comandado por <strong>Erika Botero<\/strong>.<\/p>\n<p>Rojas, que consigui\u00f3 su tercer t\u00edtulo de la temporada tras ganar la<strong> Vuelta al Valle<\/strong> y la <strong>Vuelta al Tolima<\/strong>, sucedi\u00f3 en el palmar\u00e9s de la <strong>Cl\u00e1sica de Marinilla <\/strong>a la chilena <strong>Aranza Villal\u00f3n<\/strong>, campeona del a\u00f1o pasado.<\/p>\n<p class=\"has-medium-font-size\"><strong>RESULTADOS \u00daLTIMA ETAPA<\/strong><\/p>\n<div data-wp-interactive=\"\" class=\"wp-block-file\"><object data-wp-bind--hidden=\"!selectors.core.file.hasPdfPreview\" hidden class=\"wp-block-file__embed\" data=\"https:\/\/www.revistamundociclistico.com\/wp-content\/uploads\/2026\/09\/DAMAS-4ta-ETAPA-CIRCUITO-MARINILLA.pdf\" type=\"application\/pdf\" style=\"width:100%;height:600px\" aria-label=\"Incrustado de DAMAS-4ta-ETAPA-CIRCUITO-MARINILLA.\"><\/object><a id=\"wp-block-file--media-5317f670-0fdf-41d1-9061-3a2da6f70f0c\" href=\"https:\/\/www.revistamundociclistico.com\/wp-content\/uploads\/2026\/09\/DAMAS-4ta-ETAPA-CIRCUITO-MARINILLA.pdf\">DAMAS-4ta-ETAPA-CIRCUITO-MARINILLA<\/a><a href=\"https:\/\/www.revistamundociclistico.com\/wp-content\/uploads\/2026\/09\/DAMAS-4ta-ETAPA-CIRCUITO-MARINILLA.pdf\" class=\"wp-block-file__button wp-element-button\" download aria-describedby=\"wp-block-file--media-5317f670-0fdf-41d1-9061-3a2da6f70f0c\">Descarga<\/a><\/div>\n<\/div>\n","protected":false},"excerpt":{"rendered":"<p>Luego de cuatro d\u00edas de competencia, la huilense Laura Rojas se consagr\u00f3 campeona de la Cl\u00e1sica de Marinilla 2026 en la rama femenina. La corredora del Team Sistecredito defendi\u00f3 sin&hellip; <\/p>\n","protected":false},"author":1,"featured_media":2650,"comment_status":"open","ping_status":"closed","sticky":false,"template":"Default","format":"standard","meta":{"om_disable_all_campaigns":false,"_monsterinsights_skip_tracking":false,"fifu_image_url":"https:\/\/www.revistamundociclistico.com\/wp-content\/uploads\/2026\/09\/Maria-Paula-Latriglia-4ET-Clasica-Marinilla-2026-1024x684.jpg","fifu_image_alt":"","footnotes":""},"categories":[9],"tags":[],"class_list":["post-2649","post","type-post","status-publish","format-standard","has-post-thumbnail","hentry","category-deportes"],"_links":{"self":[{"href":"https:\/\/radiomiaboyaca.com\/index.php\/wp-json\/wp\/v2\/posts\/2649","targetHints":{"allow":["GET"]}}],"collection":[{"href":"https:\/\/radiomiaboyaca.com\/index.php\/wp-json\/wp\/v2\/posts"}],"about":[{"href":"https:\/\/radiomiaboyaca.com\/index.php\/wp-json\/wp\/v2\/types\/post"}],"author":[{"embeddable":true,"href":"https:\/\/radiomiaboyaca.com\/index.php\/wp-json\/wp\/v2\/users\/1"}],"replies":[{"embeddable":true,"href":"https:\/\/radiomiaboyaca.com\/index.php\/wp-json\/wp\/v2\/comments?post=2649"}],"version-history":[{"count":1,"href":"https:\/\/radiomiaboyaca.com\/index.php\/wp-json\/wp\/v2\/posts\/2649\/revisions"}],"predecessor-version":[{"id":2651,"href":"https:\/\/radiomiaboyaca.com\/index.php\/wp-json\/wp\/v2\/posts\/2649\/revisions\/2651"}],"wp:featuredmedia":[{"embeddable":true,"href":"https:\/\/radiomiaboyaca.com\/index.php\/wp-json\/wp\/v2\/media\/2650"}],"wp:attachment":[{"href":"https:\/\/radiomiaboyaca.com\/index.php\/wp-json\/wp\/v2\/media?parent=2649"}],"wp:term":[{"taxonomy":"category","embeddable":true,"href":"https:\/\/radiomiaboyaca.com\/index.php\/wp-json\/wp\/v2\/categories?post=2649"},{"taxonomy":"post_tag","embeddable":true,"href":"https:\/\/radiomiaboyaca.com\/index.php\/wp-json\/wp\/v2\/tags?post=2649"}],"curies":[{"name":"wp","href":"https:\/\/api.w.org\/{rel}","templated":true}]}}