{"id":2646,"date":"2026-09-04T12:00:12","date_gmt":"2026-09-04T17:00:12","guid":{"rendered":"https:\/\/radiomiaboyaca.com\/?p=2646"},"modified":"2026-09-05T01:35:04","modified_gmt":"2026-09-05T06:35:04","slug":"victoria-de-olav-kooij-en-el-tercer-capitulo-del-tour-de-gran-bretana-samuel-florez-mejora-en-la-general","status":"publish","type":"post","link":"https:\/\/radiomiaboyaca.com\/index.php\/2026\/09\/04\/victoria-de-olav-kooij-en-el-tercer-capitulo-del-tour-de-gran-bretana-samuel-florez-mejora-en-la-general\/","title":{"rendered":"Victoria de Olav Kooij en el tercer cap\u00edtulo del Tour de Gran Breta\u00f1a; Samuel Fl\u00f3rez mejora en la general"},"content":{"rendered":"<div id=\"modal-ready\">\n<p>En otro final a pura velocidad, esta vez la victoria qued\u00f3 en manos del neerland\u00e9s<strong> Olav Kooij (Decathlon CMA CGM Team)<\/strong>, quien gan\u00f3 la tercera etapa del <strong>Tour de Gran Breta\u00f1a 2026<\/strong>. El velocista neerland\u00e9s se impuso contundentemente en una jornada llana 181,1 kil\u00f3metros, disputada entre las ciudades de Hull y Beverley, en el noreste de Inglaterra.<\/p>\n<p>Kooij, que alcanz\u00f3 su <strong>quinta victoria de la temporada<\/strong>, se impuso al embalaje por delante del belga <strong>Tim Merlier (Soudal Quick-Step) <\/strong>y del finland\u00e9s <strong>Axel K\u00e4llberg (Lucky Sport Cycling Team)<\/strong>, quienes se reportaron segundo y tercero respectivamente.<\/p>\n<p>En cuanto al \u00fanico colombiano en competencia, el joven antioque\u00f1o <strong>Samuel Fl\u00f3rez (Modern Adventure Pro Cycling) <\/strong>ingres\u00f3 en el pelot\u00f3n, ubic\u00e1ndose en la casilla 61\u00b0 con el mismo tiempo del ganador.<\/p>\n<p>Con relaci\u00f3n a la clasificaci\u00f3n general, todo sigui\u00f3 igual con el brit\u00e1nico <strong>Lewis Askey (NSN Cycling Team) <\/strong>al comando, escoltado por el belga <strong>Tim Wellens (UAE Team Emirates &#8211; XRG) <\/strong>y el italiano <strong>Matteo Trentin  (Tudor Pro Cycling Team)<\/strong>.<\/p>\n<p>La ronda brit\u00e1nica continuar\u00e1 este s\u00e1bado con la<strong> cuarta y pen\u00faltima etapa<\/strong>, una jornada ondulada de 165,8 kil\u00f3metros entre las localidades de Helmsley y Leyburn, en el condado de Yorkshire del Norte, Inglaterra.<\/p>\n<\/p>\n<figure class=\"wp-block-embed is-type-rich is-provider-x wp-block-embed-x\">\n<div class=\"wp-block-embed__wrapper\">\n<blockquote class=\"twitter-tweet\" data-width=\"550\" data-dnt=\"true\">\n<p lang=\"nl\" dir=\"ltr\">\ud83c\uddf3\ud83c\uddf1 OLAV KOOIJ WINS IN BEVERLEY AGAIN! <a href=\"https:\/\/t.co\/i4cCjCaq4d\">pic.twitter.com\/i4cCjCaq4d<\/a><\/p>\n<p>&mdash; Lloyds Tour of Britain (@TourofBritain) <a href=\"https:\/\/x.com\/TourofBritain\/status\/2095872139911958841?ref_src=twsrc%5Etfw\">September 4, 2026<\/a><\/p><\/blockquote>\n<p><script async src=\"https:\/\/platform.x.com\/widgets.js\" charset=\"utf-8\"><\/script>\n<\/div>\n<\/figure>\n<p class=\"has-medium-font-size\"><strong>Lloyds Tour of Britain Men (2.Pro)<\/strong><br \/><strong>Resultados 3 Etapa | Hull &#8211; Beverley (181,1 km)<\/strong><\/p>\n<figure class=\"wp-block-table\">\n<table>\n<tbody>\n<tr>\n<td>1<\/td>\n<td><\/td>\n<td><\/td>\n<td>Olav Kooij <\/td>\n<td>Decathlon CMA CGM Team<\/td>\n<td><\/td>\n<td>4:04:32<\/td>\n<\/tr>\n<tr>\n<td>2<\/td>\n<td><\/td>\n<td><\/td>\n<td>Tim Merlier <\/td>\n<td>Soudal Quick-Step<\/td>\n<td><\/td>\n<td>m.t.<\/td>\n<\/tr>\n<tr>\n<td>3<\/td>\n<td><\/td>\n<td><\/td>\n<td>Axel K\u00e4llberg <\/td>\n<td>Lucky Sport Cycling Team<\/td>\n<td><\/td>\n<td>m.t.<\/td>\n<\/tr>\n<tr>\n<td>4<\/td>\n<td><\/td>\n<td><\/td>\n<td>Timothy Dupont <\/td>\n<td>Tarteletto-Isorex<\/td>\n<td><\/td>\n<td>m.t.<\/td>\n<\/tr>\n<tr>\n<td>5<\/td>\n<td><\/td>\n<td><\/td>\n<td>Matteo Moschetti <\/td>\n<td>Pinarello-Q36.5 Pro Cycling Team<\/td>\n<td><\/td>\n<td>m.t.<\/td>\n<\/tr>\n<tr>\n<td>6<\/td>\n<td><\/td>\n<td><\/td>\n<td>Arne Santy <\/td>\n<td>Tarteletto-Isorex<\/td>\n<td><\/td>\n<td>m.t.<\/td>\n<\/tr>\n<tr>\n<td>7<\/td>\n<td><\/td>\n<td><\/td>\n<td>Ethan Vernon <\/td>\n<td>NSN Cycling Team<\/td>\n<td><\/td>\n<td>m.t.<\/td>\n<\/tr>\n<tr>\n<td>8<\/td>\n<td><\/td>\n<td><\/td>\n<td>Boas Lysgaard <\/td>\n<td>BHS-PL Beton Bornholm<\/td>\n<td><\/td>\n<td>m.t.<\/td>\n<\/tr>\n<tr>\n<td>9<\/td>\n<td><\/td>\n<td><\/td>\n<td>Axel Bouquet <\/td>\n<td>St Michel-Preference Home-Auber 93<\/td>\n<td><\/td>\n<td>m.t.<\/td>\n<\/tr>\n<tr>\n<td>10<\/td>\n<td><\/td>\n<td><\/td>\n<td>Brody McDonald <\/td>\n<td>Modern Adventure Pro Cycling<\/td>\n<td><\/td>\n<td>m.t.<\/td>\n<\/tr>\n<\/tbody>\n<\/table>\n<\/figure>\n<figure class=\"wp-block-table\">\n<table>\n<tbody>\n<tr>\n<td><strong>61<\/strong><\/td>\n<td><strong>Samuel Fl\u00f3rez <\/strong><\/td>\n<td><strong>Modern Adventure Pro Cycling<\/strong><\/td>\n<td><\/td>\n<td><\/td>\n<td><\/td>\n<td><strong>m.t.<\/strong><\/td>\n<\/tr>\n<\/tbody>\n<\/table>\n<\/figure>\n<figure class=\"wp-block-image size-large\"><img loading=\"lazy\" decoding=\"async\" width=\"1024\" height=\"770\" src=\"https:\/\/www.revistamundociclistico.com\/wp-content\/uploads\/2026\/09\/Lewis-Askey-Podio-3ET-Tour-Gran-Bretana-2026-1024x770.jpg\" alt=\"\" class=\"wp-image-214896\" srcset=\"https:\/\/www.revistamundociclistico.com\/wp-content\/uploads\/2026\/09\/Lewis-Askey-Podio-3ET-Tour-Gran-Bretana-2026-1024x770.jpg 1024w, https:\/\/www.revistamundociclistico.com\/wp-content\/uploads\/2026\/09\/Lewis-Askey-Podio-3ET-Tour-Gran-Bretana-2026-300x226.jpg 300w, https:\/\/www.revistamundociclistico.com\/wp-content\/uploads\/2026\/09\/Lewis-Askey-Podio-3ET-Tour-Gran-Bretana-2026-768x577.jpg 768w, https:\/\/www.revistamundociclistico.com\/wp-content\/uploads\/2026\/09\/Lewis-Askey-Podio-3ET-Tour-Gran-Bretana-2026.jpg 1200w\" sizes=\"auto, (max-width: 1024px) 100vw, 1024px\" \/><figcaption class=\"wp-element-caption\"><em>Lewis Askey, l\u00edder del Tour de Gran Breta\u00f1a 2026. (Foto \u00a9 Lloyds Tour of Britain)<\/em><\/figcaption><\/figure>\n<p class=\"has-medium-font-size\"><strong>Clasificaci\u00f3n General Individual<\/strong><\/p>\n<figure class=\"wp-block-table\">\n<table>\n<tbody>\n<tr>\n<td>1<\/td>\n<td><\/td>\n<td><\/td>\n<td>Lewis Askey <\/td>\n<td>NSN Cycling Team<\/td>\n<td><\/td>\n<td><\/td>\n<td>12:00:57<\/td>\n<\/tr>\n<tr>\n<td>2<\/td>\n<td><\/td>\n<td><\/td>\n<td>Tim Wellens <\/td>\n<td>UAE Team Emirates &#8211; XRG<\/td>\n<td><\/td>\n<td><\/td>\n<td>0:12<\/td>\n<\/tr>\n<tr>\n<td>3<\/td>\n<td><\/td>\n<td><\/td>\n<td>Matteo Trentin <\/td>\n<td>Tudor Pro Cycling Team<\/td>\n<td><\/td>\n<td><\/td>\n<td>0:19<\/td>\n<\/tr>\n<tr>\n<td>4<\/td>\n<td><\/td>\n<td><\/td>\n<td>Jasper Stuyven <\/td>\n<td>Soudal Quick-Step<\/td>\n<td><\/td>\n<td><\/td>\n<td>0:21<\/td>\n<\/tr>\n<tr>\n<td>5<\/td>\n<td><\/td>\n<td><\/td>\n<td>Daan Hoole <\/td>\n<td>Decathlon CMA CGM Team<\/td>\n<td><\/td>\n<td><\/td>\n<td>0:21<\/td>\n<\/tr>\n<tr>\n<td>6<\/td>\n<td><\/td>\n<td><\/td>\n<td>Florian Vermeersch <\/td>\n<td>UAE Team Emirates &#8211; XRG<\/td>\n<td><\/td>\n<td><\/td>\n<td>0:25<\/td>\n<\/tr>\n<tr>\n<td>7<\/td>\n<td><\/td>\n<td><\/td>\n<td>Elliot Rowe <\/td>\n<td>Great Britain<\/td>\n<td><\/td>\n<td><\/td>\n<td>0:33<\/td>\n<\/tr>\n<tr>\n<td>8<\/td>\n<td><\/td>\n<td><\/td>\n<td>Paul Wright <\/td>\n<td>Tudor Pro Cycling Team<\/td>\n<td><\/td>\n<td><\/td>\n<td>0:33<\/td>\n<\/tr>\n<tr>\n<td>9<\/td>\n<td><\/td>\n<td><\/td>\n<td>Rick Pluimers <\/td>\n<td>Modern Adventure Pro Cycling<\/td>\n<td><\/td>\n<td><\/td>\n<td>0:40<\/td>\n<\/tr>\n<tr>\n<td>10<\/td>\n<td><\/td>\n<td><\/td>\n<td>Filippo Ganna <\/td>\n<td>Netcompany INEOS<\/td>\n<td><\/td>\n<td><\/td>\n<td>1:53<\/td>\n<\/tr>\n<tr>\n<td><strong>49<\/strong><\/td>\n<td><\/td>\n<td><\/td>\n<td><strong>Samuel Fl\u00f3rez<\/strong><\/td>\n<td><strong>Modern Adventure Pro Cycling<\/strong><\/td>\n<td><\/td>\n<td><\/td>\n<td><strong>5:20<\/strong><\/td>\n<\/tr>\n<\/tbody>\n<\/table>\n<\/figure>\n<\/div>\n","protected":false},"excerpt":{"rendered":"<p>En otro final a pura velocidad, esta vez la victoria qued\u00f3 en manos del neerland\u00e9s Olav Kooij (Decathlon CMA CGM Team), quien gan\u00f3 la tercera etapa del Tour de Gran&hellip; <\/p>\n","protected":false},"author":1,"featured_media":2647,"comment_status":"open","ping_status":"closed","sticky":false,"template":"Default","format":"standard","meta":{"om_disable_all_campaigns":false,"_monsterinsights_skip_tracking":false,"fifu_image_url":"https:\/\/www.revistamundociclistico.com\/wp-content\/uploads\/2026\/09\/Lewis-Askey-Podio-3ET-Tour-Gran-Bretana-2026-1024x770.jpg","fifu_image_alt":"","footnotes":""},"categories":[9],"tags":[],"class_list":["post-2646","post","type-post","status-publish","format-standard","has-post-thumbnail","hentry","category-deportes"],"_links":{"self":[{"href":"https:\/\/radiomiaboyaca.com\/index.php\/wp-json\/wp\/v2\/posts\/2646","targetHints":{"allow":["GET"]}}],"collection":[{"href":"https:\/\/radiomiaboyaca.com\/index.php\/wp-json\/wp\/v2\/posts"}],"about":[{"href":"https:\/\/radiomiaboyaca.com\/index.php\/wp-json\/wp\/v2\/types\/post"}],"author":[{"embeddable":true,"href":"https:\/\/radiomiaboyaca.com\/index.php\/wp-json\/wp\/v2\/users\/1"}],"replies":[{"embeddable":true,"href":"https:\/\/radiomiaboyaca.com\/index.php\/wp-json\/wp\/v2\/comments?post=2646"}],"version-history":[{"count":1,"href":"https:\/\/radiomiaboyaca.com\/index.php\/wp-json\/wp\/v2\/posts\/2646\/revisions"}],"predecessor-version":[{"id":2648,"href":"https:\/\/radiomiaboyaca.com\/index.php\/wp-json\/wp\/v2\/posts\/2646\/revisions\/2648"}],"wp:featuredmedia":[{"embeddable":true,"href":"https:\/\/radiomiaboyaca.com\/index.php\/wp-json\/wp\/v2\/media\/2647"}],"wp:attachment":[{"href":"https:\/\/radiomiaboyaca.com\/index.php\/wp-json\/wp\/v2\/media?parent=2646"}],"wp:term":[{"taxonomy":"category","embeddable":true,"href":"https:\/\/radiomiaboyaca.com\/index.php\/wp-json\/wp\/v2\/categories?post=2646"},{"taxonomy":"post_tag","embeddable":true,"href":"https:\/\/radiomiaboyaca.com\/index.php\/wp-json\/wp\/v2\/tags?post=2646"}],"curies":[{"name":"wp","href":"https:\/\/api.w.org\/{rel}","templated":true}]}}