{"id":2644,"date":"2026-09-04T13:00:34","date_gmt":"2026-09-04T18:00:34","guid":{"rendered":"https:\/\/radiomiaboyaca.com\/?p=2644"},"modified":"2026-09-05T01:35:04","modified_gmt":"2026-09-05T06:35:04","slug":"clasica-de-marinilla-alejandro-pamplona-se-quedo-con-el-titulo-en-la-categoria-juvenil","status":"publish","type":"post","link":"https:\/\/radiomiaboyaca.com\/index.php\/2026\/09\/04\/clasica-de-marinilla-alejandro-pamplona-se-quedo-con-el-titulo-en-la-categoria-juvenil\/","title":{"rendered":"Cl\u00e1sica de Marinilla: Alejandro Pamplona se qued\u00f3 con el t\u00edtulo en la categor\u00eda juvenil"},"content":{"rendered":"<div id=\"modal-ready\">\n<p>El <strong>GW Erco sportfitness <\/strong>cerr\u00f3 con grandes resultados su participaci\u00f3n en la <strong>Cl\u00e1sica de Marinilla<\/strong>, con el t\u00edtulo general de<strong> Alejandro Pamplona<\/strong> en la categor\u00eda Juvenil. El talentoso corredor confirm\u00f3 su gran actuaci\u00f3n al quedarse con la victoria en la cuarta y \u00faltima etapa, disputada sobre un circuito r\u00e1pido, t\u00e9cnico y con subidas cortas y explosivas.<\/p>\n<p>\u201cFue un circuito bastante t\u00e9cnico, con corredores muy fuertes y<strong> estamos felices con el triunfo<\/strong>. En una vuelta me ca\u00ed, pero gracias a mi equipo, que me esper\u00f3, entramos r\u00e1pido. <strong>Al final, me sent\u00eda muy bien y decidimos ir por la victoria<\/strong>\u201d, dijo Pamplona, en declaraciones recogidas por su equipo.<\/p>\n<p>Pamplona, que complet\u00f3 las cuatro etapas con un tiempo acumulado de 5:10:15, estuvo acompa\u00f1ado en el podio por <strong>Emanuel Restrepo (Team Sistecr\u00e9dito)<\/strong> y <strong>Miguel \u00c1ngel Vanegas (Avinal-Alcald\u00eda El Carmen de Viboral)<\/strong>, quienes terminaron 2\u00b0 y 3\u00b0, respectivamente.<\/p>\n<p>Asimismo, el director deportivo <strong>Luis Alfonso Cely<\/strong> resalt\u00f3 el trabajo colectivo realizado por el equipo juvenil y el resultado conseguido por Pamplona, quien cerr\u00f3 la carrera ganando la etapa final y la clasificaci\u00f3n general. \u201c<strong>Contentos con el trabajo del equipo juvenil<\/strong>. Creo que controlaron bien la carrera, a pesar de que Pamplona tuvo una ca\u00edda y tuvo que cambiar la bicicleta. <strong>Estamos contentos por el gran trabajo en equipo que hacen los muchachos<\/strong> y por el gran resultado de Pamplona, cerrando con la victoria de etapa y ganando la carrera\u201d.<\/p>\n<p class=\"has-medium-font-size\"><strong>CLASIFICACIONES FINALES<\/strong><\/p>\n<div data-wp-interactive=\"\" class=\"wp-block-file\"><object data-wp-bind--hidden=\"!selectors.core.file.hasPdfPreview\" hidden class=\"wp-block-file__embed\" data=\"https:\/\/www.revistamundociclistico.com\/wp-content\/uploads\/2026\/09\/juveniles-4ta-etapa-circuito-marinilla.pdf\" type=\"application\/pdf\" style=\"width:100%;height:600px\" aria-label=\"Incrustado de juveniles-4ta-etapa-circuito-marinilla.\"><\/object><a id=\"wp-block-file--media-de982d41-d137-4981-9720-906e38671424\" href=\"https:\/\/www.revistamundociclistico.com\/wp-content\/uploads\/2026\/09\/juveniles-4ta-etapa-circuito-marinilla.pdf\">juveniles-4ta-etapa-circuito-marinilla<\/a><a href=\"https:\/\/www.revistamundociclistico.com\/wp-content\/uploads\/2026\/09\/juveniles-4ta-etapa-circuito-marinilla.pdf\" class=\"wp-block-file__button wp-element-button\" download aria-describedby=\"wp-block-file--media-de982d41-d137-4981-9720-906e38671424\">Descarga<\/a><\/div>\n<p class=\"has-medium-font-size\"><em><strong>*Con Informaci\u00f3n Prensa GW Erco sportfitness <\/strong><\/em><\/p>\n<\/div>\n","protected":false},"excerpt":{"rendered":"<p>El GW Erco sportfitness cerr\u00f3 con grandes resultados su participaci\u00f3n en la Cl\u00e1sica de Marinilla, con el t\u00edtulo general de Alejandro Pamplona en la categor\u00eda Juvenil. El talentoso corredor confirm\u00f3&hellip; <\/p>\n","protected":false},"author":1,"featured_media":0,"comment_status":"open","ping_status":"closed","sticky":false,"template":"Default","format":"standard","meta":{"om_disable_all_campaigns":false,"_monsterinsights_skip_tracking":false,"fifu_image_url":"","fifu_image_alt":"","footnotes":""},"categories":[9],"tags":[],"class_list":["post-2644","post","type-post","status-publish","format-standard","hentry","category-deportes"],"_links":{"self":[{"href":"https:\/\/radiomiaboyaca.com\/index.php\/wp-json\/wp\/v2\/posts\/2644","targetHints":{"allow":["GET"]}}],"collection":[{"href":"https:\/\/radiomiaboyaca.com\/index.php\/wp-json\/wp\/v2\/posts"}],"about":[{"href":"https:\/\/radiomiaboyaca.com\/index.php\/wp-json\/wp\/v2\/types\/post"}],"author":[{"embeddable":true,"href":"https:\/\/radiomiaboyaca.com\/index.php\/wp-json\/wp\/v2\/users\/1"}],"replies":[{"embeddable":true,"href":"https:\/\/radiomiaboyaca.com\/index.php\/wp-json\/wp\/v2\/comments?post=2644"}],"version-history":[{"count":1,"href":"https:\/\/radiomiaboyaca.com\/index.php\/wp-json\/wp\/v2\/posts\/2644\/revisions"}],"predecessor-version":[{"id":2645,"href":"https:\/\/radiomiaboyaca.com\/index.php\/wp-json\/wp\/v2\/posts\/2644\/revisions\/2645"}],"wp:attachment":[{"href":"https:\/\/radiomiaboyaca.com\/index.php\/wp-json\/wp\/v2\/media?parent=2644"}],"wp:term":[{"taxonomy":"category","embeddable":true,"href":"https:\/\/radiomiaboyaca.com\/index.php\/wp-json\/wp\/v2\/categories?post=2644"},{"taxonomy":"post_tag","embeddable":true,"href":"https:\/\/radiomiaboyaca.com\/index.php\/wp-json\/wp\/v2\/tags?post=2644"}],"curies":[{"name":"wp","href":"https:\/\/api.w.org\/{rel}","templated":true}]}}