{"id":2633,"date":"2026-09-04T16:30:00","date_gmt":"2026-09-04T21:30:00","guid":{"rendered":"https:\/\/radiomiaboyaca.com\/?p=2633"},"modified":"2026-09-05T01:35:04","modified_gmt":"2026-09-05T06:35:04","slug":"camilo-ardila-conquisto-la-clasica-de-marinilla-2026-alejandro-osorio-se-quedo-con-la-ultima-etapa","status":"publish","type":"post","link":"https:\/\/radiomiaboyaca.com\/index.php\/2026\/09\/04\/camilo-ardila-conquisto-la-clasica-de-marinilla-2026-alejandro-osorio-se-quedo-con-la-ultima-etapa\/","title":{"rendered":"Camilo Ardila conquist\u00f3 la Cl\u00e1sica de Marinilla 2026; Alejandro Osorio se qued\u00f3 con la \u00faltima etapa"},"content":{"rendered":"<div id=\"modal-ready\">\n<p>El tolimense <strong>Camilo Ardila<\/strong> sabore\u00f3 las mieles del triunfo y se consagr\u00f3 campe\u00f3n general de la <strong>Cl\u00e1sica de Marinilla 2026<\/strong>. El talentoso corredor del<strong> NU Colombia<\/strong>, que alcanz\u00f3 su primer t\u00edtulo de la temporada, no pas\u00f3 afugias en el circuito final.<\/p>\n<p>El podio de la tradicional carrera del oriente antioque\u00f1o lo completaron el risaraldense<strong> Kevin Castillo<\/strong> y el paisa <strong>Alexander Gil (GW Erco Sportfitness) <\/strong>quienes ocuparon el 2\u00b0 y 3\u00b0, puesto, respectivamente.<\/p>\n<p>Con respecto a la jornada final, esta qued\u00f3 en manos del antioque\u00f1o <strong>Alejandro Osorio<\/strong> del <strong>Orgullo Paisa<\/strong>, que lleg\u00f3 en solitario a la meta 46 segundos por delante del grupo de favoritos.<\/p>\n<p>Ardila, que consigui\u00f3 su primer t\u00edtulo de la temporada, sucedi\u00f3 en el palmar\u00e9s de la <strong>Cl\u00e1sica de Marinilla<\/strong> al carmelitano<strong> Alejandro Osorio<\/strong>, campe\u00f3n del a\u00f1o pasado.<\/p>\n<\/p>\n<figure class=\"wp-block-image size-large\"><img fetchpriority=\"high\" decoding=\"async\" width=\"1024\" height=\"684\" src=\"https:\/\/www.revistamundociclistico.com\/wp-content\/uploads\/2026\/09\/Alejandro-Osorio-Podio-4ET-Clasica-Marinilla-2026-1024x684.jpg\" alt=\"\" class=\"wp-image-214884\" srcset=\"https:\/\/www.revistamundociclistico.com\/wp-content\/uploads\/2026\/09\/Alejandro-Osorio-Podio-4ET-Clasica-Marinilla-2026-1024x684.jpg 1024w, https:\/\/www.revistamundociclistico.com\/wp-content\/uploads\/2026\/09\/Alejandro-Osorio-Podio-4ET-Clasica-Marinilla-2026-300x200.jpg 300w, https:\/\/www.revistamundociclistico.com\/wp-content\/uploads\/2026\/09\/Alejandro-Osorio-Podio-4ET-Clasica-Marinilla-2026-768x513.jpg 768w, https:\/\/www.revistamundociclistico.com\/wp-content\/uploads\/2026\/09\/Alejandro-Osorio-Podio-4ET-Clasica-Marinilla-2026.jpg 1200w\" sizes=\"(max-width: 1024px) 100vw, 1024px\" \/><figcaption class=\"wp-element-caption\"><em>Alejandro Osorio gan\u00f3 la \u00faltima etapa de la Cl\u00e1sica de Marinilla 2026. (Foto Anderson Bonilla \u00a9 RMC)<\/em><\/figcaption><\/figure>\n<p class=\"has-medium-font-size\"><strong>Top 10 \u00daltima Etapa <\/strong><\/p>\n<figure class=\"wp-block-table\">\n<table>\n<tbody>\n<tr>\n<td><strong>1<\/strong><\/td>\n<td><strong>Alejandro Osorio<\/strong><\/td>\n<td><strong>Orgullo Paisa<\/strong><\/td>\n<td><\/td>\n<td><strong>1:22:25<\/strong><\/td>\n<\/tr>\n<tr>\n<td>2<\/td>\n<td>Cristian V\u00e9lez<\/td>\n<td>Team Sistecr\u00e9dito <\/td>\n<td><\/td>\n<td>0:42<\/td>\n<\/tr>\n<tr>\n<td>3<\/td>\n<td>Kevin Castillo<\/td>\n<td>Orgullo Paisa<\/td>\n<td><\/td>\n<td>0:42<\/td>\n<\/tr>\n<tr>\n<td>4<\/td>\n<td>Emerson Gordillo<\/td>\n<td>Nu Colombia<\/td>\n<td><\/td>\n<td>0:42<\/td>\n<\/tr>\n<tr>\n<td>5<\/td>\n<td>Alexander Gil<\/td>\n<td>GW Erco SportFitness<\/td>\n<td><\/td>\n<td>0:45<\/td>\n<\/tr>\n<tr>\n<td>6<\/td>\n<td>Camilo Ardila<\/td>\n<td>Nu Colombia<\/td>\n<td><\/td>\n<td>0:45<\/td>\n<\/tr>\n<tr>\n<td>7<\/td>\n<td>Jaider Mu\u00f1oz<\/td>\n<td>Team Sistecr\u00e9dito <\/td>\n<td><\/td>\n<td>0:50<\/td>\n<\/tr>\n<tr>\n<td>8<\/td>\n<td>Juan David Restrepo<\/td>\n<td>Avinal-Alcald\u00eda El Carmen de Viboral<\/td>\n<td><\/td>\n<td>4:23<\/td>\n<\/tr>\n<tr>\n<td>9<\/td>\n<td>Estiven Garc\u00eda<\/td>\n<td>Team Sistecr\u00e9dito <\/td>\n<td><\/td>\n<td>4:23<\/td>\n<\/tr>\n<tr>\n<td>10<\/td>\n<td>Bernardo Suaza<\/td>\n<td>Orgullo Paisa<\/td>\n<td><\/td>\n<td>4:23<\/td>\n<\/tr>\n<\/tbody>\n<\/table>\n<\/figure>\n<figure class=\"wp-block-image size-large\"><img loading=\"lazy\" decoding=\"async\" width=\"1024\" height=\"847\" src=\"https:\/\/www.revistamundociclistico.com\/wp-content\/uploads\/2026\/09\/Camilo-Ardila-Gran-Campeon-Clasica-Marinilla-2026-1024x847.jpg\" alt=\"\" class=\"wp-image-214893\" srcset=\"https:\/\/www.revistamundociclistico.com\/wp-content\/uploads\/2026\/09\/Camilo-Ardila-Gran-Campeon-Clasica-Marinilla-2026-1024x847.jpg 1024w, https:\/\/www.revistamundociclistico.com\/wp-content\/uploads\/2026\/09\/Camilo-Ardila-Gran-Campeon-Clasica-Marinilla-2026-300x248.jpg 300w, https:\/\/www.revistamundociclistico.com\/wp-content\/uploads\/2026\/09\/Camilo-Ardila-Gran-Campeon-Clasica-Marinilla-2026-768x635.jpg 768w, https:\/\/www.revistamundociclistico.com\/wp-content\/uploads\/2026\/09\/Camilo-Ardila-Gran-Campeon-Clasica-Marinilla-2026.jpg 1200w\" sizes=\"auto, (max-width: 1024px) 100vw, 1024px\" \/><figcaption class=\"wp-element-caption\"><em>Camilo Ardila y su familia, en el podio de la Cl\u00e1sica de Marinilla 2026. (Foto Anderson Bonilla \u00a9 RMC)<\/em><\/figcaption><\/figure>\n<p class=\"has-medium-font-size\"><strong>Clasificaci\u00f3n General Final<\/strong><\/p>\n<figure class=\"wp-block-table\">\n<table>\n<tbody>\n<tr>\n<td><strong>1<\/strong><\/td>\n<td><strong>Camilo Ardila <\/strong><\/td>\n<td><strong>Nu Colombia<\/strong><\/td>\n<td><\/td>\n<td><strong>7:29:00<\/strong><\/td>\n<\/tr>\n<tr>\n<td>2<\/td>\n<td>Kevin Castillo <\/td>\n<td>Orgullo Paisa<\/td>\n<td><\/td>\n<td>1:34<\/td>\n<\/tr>\n<tr>\n<td>3<\/td>\n<td>Alexander Gil <\/td>\n<td>GW Erco SportFitness<\/td>\n<td><\/td>\n<td>2:25<\/td>\n<\/tr>\n<tr>\n<td>4<\/td>\n<td>Emerson Gordillo <\/td>\n<td>Nu Colombia<\/td>\n<td><\/td>\n<td>3:21<\/td>\n<\/tr>\n<tr>\n<td>5<\/td>\n<td>Jaider Mu\u00f1oz<\/td>\n<td>Team Sistecr\u00e9dito<\/td>\n<td><\/td>\n<td>4:01<\/td>\n<\/tr>\n<tr>\n<td>6<\/td>\n<td>Bernardo Suaza <\/td>\n<td>Orgullo Paisa<\/td>\n<td><\/td>\n<td>6:02<\/td>\n<\/tr>\n<tr>\n<td>7<\/td>\n<td>Robinson L\u00f3pez <\/td>\n<td>GW Erco SportFitness<\/td>\n<td><\/td>\n<td>6:08<\/td>\n<\/tr>\n<tr>\n<td>8<\/td>\n<td>Jos\u00e9 Manuel Ortiz<\/td>\n<td>Team Sistecr\u00e9dito<\/td>\n<td><\/td>\n<td>16:32<\/td>\n<\/tr>\n<tr>\n<td>9<\/td>\n<td>Juan David Restrepo<\/td>\n<td>Avinal-Alcald\u00eda El Carmen de Viboral<\/td>\n<td><\/td>\n<td>19:14<\/td>\n<\/tr>\n<tr>\n<td>10<\/td>\n<td>Robert Plazas<\/td>\n<td>Team Sistecr\u00e9dito<\/td>\n<td><\/td>\n<td>28:34<\/td>\n<\/tr>\n<\/tbody>\n<\/table>\n<\/figure>\n<\/div>\n","protected":false},"excerpt":{"rendered":"<p>El tolimense Camilo Ardila sabore\u00f3 las mieles del triunfo y se consagr\u00f3 campe\u00f3n general de la Cl\u00e1sica de Marinilla 2026. El talentoso corredor del NU Colombia, que alcanz\u00f3 su primer&hellip; <\/p>\n","protected":false},"author":1,"featured_media":2634,"comment_status":"open","ping_status":"closed","sticky":false,"template":"Default","format":"standard","meta":{"om_disable_all_campaigns":false,"_monsterinsights_skip_tracking":false,"fifu_image_url":"https:\/\/www.revistamundociclistico.com\/wp-content\/uploads\/2026\/09\/Alejandro-Osorio-Podio-4ET-Clasica-Marinilla-2026-1024x684.jpg","fifu_image_alt":"","footnotes":""},"categories":[9],"tags":[],"class_list":["post-2633","post","type-post","status-publish","format-standard","has-post-thumbnail","hentry","category-deportes"],"_links":{"self":[{"href":"https:\/\/radiomiaboyaca.com\/index.php\/wp-json\/wp\/v2\/posts\/2633","targetHints":{"allow":["GET"]}}],"collection":[{"href":"https:\/\/radiomiaboyaca.com\/index.php\/wp-json\/wp\/v2\/posts"}],"about":[{"href":"https:\/\/radiomiaboyaca.com\/index.php\/wp-json\/wp\/v2\/types\/post"}],"author":[{"embeddable":true,"href":"https:\/\/radiomiaboyaca.com\/index.php\/wp-json\/wp\/v2\/users\/1"}],"replies":[{"embeddable":true,"href":"https:\/\/radiomiaboyaca.com\/index.php\/wp-json\/wp\/v2\/comments?post=2633"}],"version-history":[{"count":1,"href":"https:\/\/radiomiaboyaca.com\/index.php\/wp-json\/wp\/v2\/posts\/2633\/revisions"}],"predecessor-version":[{"id":2635,"href":"https:\/\/radiomiaboyaca.com\/index.php\/wp-json\/wp\/v2\/posts\/2633\/revisions\/2635"}],"wp:featuredmedia":[{"embeddable":true,"href":"https:\/\/radiomiaboyaca.com\/index.php\/wp-json\/wp\/v2\/media\/2634"}],"wp:attachment":[{"href":"https:\/\/radiomiaboyaca.com\/index.php\/wp-json\/wp\/v2\/media?parent=2633"}],"wp:term":[{"taxonomy":"category","embeddable":true,"href":"https:\/\/radiomiaboyaca.com\/index.php\/wp-json\/wp\/v2\/categories?post=2633"},{"taxonomy":"post_tag","embeddable":true,"href":"https:\/\/radiomiaboyaca.com\/index.php\/wp-json\/wp\/v2\/tags?post=2633"}],"curies":[{"name":"wp","href":"https:\/\/api.w.org\/{rel}","templated":true}]}}