{"id":2631,"date":"2026-09-04T16:50:00","date_gmt":"2026-09-04T21:50:00","guid":{"rendered":"https:\/\/radiomiaboyaca.com\/?p=2631"},"modified":"2026-09-05T01:35:03","modified_gmt":"2026-09-05T06:35:03","slug":"javier-jamaica-conservo-el-liderato-de-la-vuelta-a-santa-catarina-tras-la-3a-jornada","status":"publish","type":"post","link":"https:\/\/radiomiaboyaca.com\/index.php\/2026\/09\/04\/javier-jamaica-conservo-el-liderato-de-la-vuelta-a-santa-catarina-tras-la-3a-jornada\/","title":{"rendered":"Javier Jamaica conserv\u00f3 el liderato de la Vuelta a Santa Catarina tras la 3\u00aa jornada"},"content":{"rendered":"<div id=\"modal-ready\">\n<p>El\u00a0<strong>equipo de ciclismo Nu Colombia<\/strong>\u00a0mantuvo el liderato de la\u00a0<strong>Volta Cicl\u00edstica de Santa Catarina 2026<\/strong>\u00a0con\u00a0<strong>Javier Jamaica<\/strong>, despu\u00e9s de una tercera jornada dividida en dos semietapas que incluy\u00f3 final en el\u00a0<strong>Alto da Serra do Rio do Rastro<\/strong>\u00a0y una contrarreloj por equipos en Orleans.<\/p>\n<p>En la primera semietapa, disputada sobre&nbsp;<strong>108,7 kil\u00f3metros entre Urubici y el Alto da Serra do Rio do Rastro<\/strong>, Jamaica termin\u00f3&nbsp;<strong>tercero<\/strong>, a diez segundos del ganador&nbsp;<strong>Euler Magno Rabelo (Andbank Cycling Team)<\/strong>.&nbsp;<strong>Christian Montoya<\/strong>&nbsp;fue segundo, a seis segundos, mientras&nbsp;<strong>Rodrigo Contreras<\/strong>&nbsp;termin\u00f3 13\u00b0 y&nbsp;<strong>Juan Diego Alba<\/strong>&nbsp;14\u00b0, ambos dentro del grupo principal de perseguidores.<\/p>\n<p>Por la tarde se disput\u00f3 una&nbsp;<strong>contrarreloj por equipos de 20 kil\u00f3metros en Orleans<\/strong>, en la que el&nbsp;<strong>Nu Colombia<\/strong>&nbsp;termin\u00f3&nbsp;<strong>segundo<\/strong>&nbsp;con un tiempo de&nbsp;<strong>22:22<\/strong>, a 16 segundos del equipo&nbsp;<strong>Localiza Meoo \/ Swift Pro Cycling<\/strong>, ganador de la jornada con 22:06. El&nbsp;<strong>Team Medell\u00edn-EPM<\/strong>&nbsp;fue tercero a 20 segundos.<\/p>\n<p>El bloque del <strong>Nu Colombia<\/strong> estuvo integrado en la contrarreloj por\u00a0<strong>Rodrigo Contreras, Javier Jamaica, Carlos Guti\u00e9rrez, Juan Diego Alba, \u00d3scar Fern\u00e1ndez y Cristian Rico<\/strong>, una actuaci\u00f3n que permiti\u00f3 al equipo defender la posici\u00f3n de Jamaica al frente de la clasificaci\u00f3n general.<\/p>\n<p>El reciente subcampe\u00f3n de la <strong>Vuelta a Colombia<\/strong>, conserva as\u00ed la camiseta de l\u00edder despu\u00e9s de una jornada que combin\u00f3 monta\u00f1a y esfuerzo contra el cron\u00f3metro. El resultado mantiene al\u00a0equipo morado\u00a0en posici\u00f3n de disputar la general en los dos d\u00edas restantes de competencia.<\/p>\n<p>\u201c<strong>Era un d\u00eda muy importante porque ten\u00edamos dos esfuerzos completamente distintos<\/strong>. Javier respondi\u00f3 bien en la subida y por la tarde el equipo hizo una buena contrarreloj para conservar el liderato. <strong>Seguimos bien ubicados<\/strong>, pero todav\u00eda queda terreno suficiente para que la carrera se mueva\u201d, se\u00f1al\u00f3 el director t\u00e9cnico\u00a0<strong>Gabriel Jaime Mesa<\/strong>.<\/p>\n<p>La&nbsp;competencia por carreteras del estado del sur de Brasil, continuar\u00e1 este s\u00e1bado con una nueva jornada de monta\u00f1a, en la que el&nbsp;<strong>Nu Colombia<\/strong>&nbsp;buscar\u00e1 defender el liderato de&nbsp;<strong>Javier Jamaica<\/strong>&nbsp;y mantener sus opciones en la clasificaci\u00f3n general.<\/p>\n<p class=\"has-medium-font-size\"><strong>CLASIFICACIONES COMPLETAS<\/strong><\/p>\n<div data-wp-interactive=\"\" class=\"wp-block-file\"><object data-wp-bind--hidden=\"!selectors.core.file.hasPdfPreview\" hidden class=\"wp-block-file__embed\" data=\"https:\/\/www.revistamundociclistico.com\/wp-content\/uploads\/2026\/09\/clasificacion-etapa-3b-cre-orleans.pdf\" type=\"application\/pdf\" style=\"width:100%;height:600px\" aria-label=\"Incrustado de clasificacion-etapa-3b-cre-orleans.\"><\/object><a id=\"wp-block-file--media-e2e29ed9-2c55-4310-a7ac-1a4f71d6ba53\" href=\"https:\/\/www.revistamundociclistico.com\/wp-content\/uploads\/2026\/09\/clasificacion-etapa-3b-cre-orleans.pdf\">clasificacion-etapa-3b-cre-orleans<\/a><a href=\"https:\/\/www.revistamundociclistico.com\/wp-content\/uploads\/2026\/09\/clasificacion-etapa-3b-cre-orleans.pdf\" class=\"wp-block-file__button wp-element-button\" download aria-describedby=\"wp-block-file--media-e2e29ed9-2c55-4310-a7ac-1a4f71d6ba53\">Descarga<\/a><\/div>\n<\/div>\n","protected":false},"excerpt":{"rendered":"<p>El\u00a0equipo de ciclismo Nu Colombia\u00a0mantuvo el liderato de la\u00a0Volta Cicl\u00edstica de Santa Catarina 2026\u00a0con\u00a0Javier Jamaica, despu\u00e9s de una tercera jornada dividida en dos semietapas que incluy\u00f3 final en el\u00a0Alto da&hellip; <\/p>\n","protected":false},"author":1,"featured_media":0,"comment_status":"open","ping_status":"closed","sticky":false,"template":"Default","format":"standard","meta":{"om_disable_all_campaigns":false,"_monsterinsights_skip_tracking":false,"fifu_image_url":"","fifu_image_alt":"","footnotes":""},"categories":[9],"tags":[],"class_list":["post-2631","post","type-post","status-publish","format-standard","hentry","category-deportes"],"_links":{"self":[{"href":"https:\/\/radiomiaboyaca.com\/index.php\/wp-json\/wp\/v2\/posts\/2631","targetHints":{"allow":["GET"]}}],"collection":[{"href":"https:\/\/radiomiaboyaca.com\/index.php\/wp-json\/wp\/v2\/posts"}],"about":[{"href":"https:\/\/radiomiaboyaca.com\/index.php\/wp-json\/wp\/v2\/types\/post"}],"author":[{"embeddable":true,"href":"https:\/\/radiomiaboyaca.com\/index.php\/wp-json\/wp\/v2\/users\/1"}],"replies":[{"embeddable":true,"href":"https:\/\/radiomiaboyaca.com\/index.php\/wp-json\/wp\/v2\/comments?post=2631"}],"version-history":[{"count":1,"href":"https:\/\/radiomiaboyaca.com\/index.php\/wp-json\/wp\/v2\/posts\/2631\/revisions"}],"predecessor-version":[{"id":2632,"href":"https:\/\/radiomiaboyaca.com\/index.php\/wp-json\/wp\/v2\/posts\/2631\/revisions\/2632"}],"wp:attachment":[{"href":"https:\/\/radiomiaboyaca.com\/index.php\/wp-json\/wp\/v2\/media?parent=2631"}],"wp:term":[{"taxonomy":"category","embeddable":true,"href":"https:\/\/radiomiaboyaca.com\/index.php\/wp-json\/wp\/v2\/categories?post=2631"},{"taxonomy":"post_tag","embeddable":true,"href":"https:\/\/radiomiaboyaca.com\/index.php\/wp-json\/wp\/v2\/tags?post=2631"}],"curies":[{"name":"wp","href":"https:\/\/api.w.org\/{rel}","templated":true}]}}