{"id":2629,"date":"2026-09-04T01:32:42","date_gmt":"2026-09-04T06:32:42","guid":{"rendered":"https:\/\/radiomiaboyaca.com\/?p=2629"},"modified":"2026-09-04T01:34:14","modified_gmt":"2026-09-04T06:34:14","slug":"vuelta-a-espana-el-dia-perfecto-para-que-vivamos-una-escapada","status":"publish","type":"post","link":"https:\/\/radiomiaboyaca.com\/index.php\/2026\/09\/04\/vuelta-a-espana-el-dia-perfecto-para-que-vivamos-una-escapada\/","title":{"rendered":"Vuelta a Espa\u00f1a: el d\u00eda perfecto para que vivamos una escapada"},"content":{"rendered":"<p>La 13\u00aa etapa de la Vuelta a Espa\u00f1a es el d\u00eda perfecto para las escapadas. Las opciones de los sprinters son m\u00ednimas. Y lo mismo podr\u00edamos decir de los hombres para la general. Ellos deber\u00edan tomarse un d\u00eda de descanso. Con esa teor\u00eda encima de la mesa, todo apunta a que es el d\u00eda en el que veremos llegar a la l\u00ednea de meta a unos escapados.<\/p>\n<p>La etapa arrancar\u00e1 en <strong>Almu\u00f1\u00e9car<\/strong> y finalizar\u00e1 en <strong>Loja<\/strong>. En total, son 193 kil\u00f3metros y tenemos tres altos puntuables, uno de 1\u00aa categor\u00eda y dos de 2\u00aa categor\u00eda. El puerto de 1\u00aa es casi de salida, con 14,1 kil\u00f3metros al 5,1% de pendiente media. El puerto de 2\u00aa es casi similar, el <strong>alto del Legionario<\/strong>, con5,8 kil\u00f3metros al 4,9% de pendiente media. El \u00faltimo puerto del d\u00eda es el <strong>Puerto de Granada<\/strong>, con 6,5 kil\u00f3metros al 6,2% de pendiente media.<\/p>\n<p>Teniendo en cuenta que venimos de <strong>Calar Alto<\/strong> y ma\u00f1ana viajaremos a otro final en alto exigente como es <strong>La Pandera<\/strong>, hoy la gente de la general deber\u00eda tomarse el d\u00eda con calma, aunque eso precisamente har\u00e1 que deban estar muy atentos por si alg\u00fan rival intenta dar la sorpresa, sobre todo, en la parte inicial del d\u00eda.<\/p>\n<p>FOTO: PROCYCLINGSTATS.COM<\/p>\n<p>La entrada <a rel=\"nofollow\" href=\"https:\/\/www.zikloland.com\/vuelta-a-espana-el-dia-perfecto-para-que-vivamos-una-escapada\/\">Vuelta a Espa\u00f1a: el d\u00eda perfecto para que vivamos una escapada<\/a> aparece primero en <a rel=\"nofollow\" href=\"https:\/\/www.zikloland.com\">Zikloland<\/a>.<\/p>\n","protected":false},"excerpt":{"rendered":"<p>La 13\u00aa etapa de la Vuelta a Espa\u00f1a es el d\u00eda perfecto para las escapadas. Las opciones de los sprinters son m\u00ednimas. Y lo mismo podr\u00edamos decir de los hombres&hellip; <\/p>\n","protected":false},"author":1,"featured_media":0,"comment_status":"open","ping_status":"closed","sticky":false,"template":"Default","format":"standard","meta":{"om_disable_all_campaigns":false,"_monsterinsights_skip_tracking":false,"fifu_image_url":"","fifu_image_alt":"","footnotes":""},"categories":[9,1],"tags":[],"class_list":["post-2629","post","type-post","status-publish","format-standard","hentry","category-deportes","category-sin-categoria"],"_links":{"self":[{"href":"https:\/\/radiomiaboyaca.com\/index.php\/wp-json\/wp\/v2\/posts\/2629","targetHints":{"allow":["GET"]}}],"collection":[{"href":"https:\/\/radiomiaboyaca.com\/index.php\/wp-json\/wp\/v2\/posts"}],"about":[{"href":"https:\/\/radiomiaboyaca.com\/index.php\/wp-json\/wp\/v2\/types\/post"}],"author":[{"embeddable":true,"href":"https:\/\/radiomiaboyaca.com\/index.php\/wp-json\/wp\/v2\/users\/1"}],"replies":[{"embeddable":true,"href":"https:\/\/radiomiaboyaca.com\/index.php\/wp-json\/wp\/v2\/comments?post=2629"}],"version-history":[{"count":1,"href":"https:\/\/radiomiaboyaca.com\/index.php\/wp-json\/wp\/v2\/posts\/2629\/revisions"}],"predecessor-version":[{"id":2630,"href":"https:\/\/radiomiaboyaca.com\/index.php\/wp-json\/wp\/v2\/posts\/2629\/revisions\/2630"}],"wp:attachment":[{"href":"https:\/\/radiomiaboyaca.com\/index.php\/wp-json\/wp\/v2\/media?parent=2629"}],"wp:term":[{"taxonomy":"category","embeddable":true,"href":"https:\/\/radiomiaboyaca.com\/index.php\/wp-json\/wp\/v2\/categories?post=2629"},{"taxonomy":"post_tag","embeddable":true,"href":"https:\/\/radiomiaboyaca.com\/index.php\/wp-json\/wp\/v2\/tags?post=2629"}],"curies":[{"name":"wp","href":"https:\/\/api.w.org\/{rel}","templated":true}]}}