{"id":2626,"date":"2026-09-02T18:00:00","date_gmt":"2026-09-02T23:00:00","guid":{"rendered":"https:\/\/radiomiaboyaca.com\/?p=2626"},"modified":"2026-09-04T01:34:13","modified_gmt":"2026-09-04T06:34:13","slug":"clasica-de-marinilla-alejandro-pamplona-gana-la-segunda-etapa-en-la-categoria-juvenil-y-asume-el-liderato","status":"publish","type":"post","link":"https:\/\/radiomiaboyaca.com\/index.php\/2026\/09\/02\/clasica-de-marinilla-alejandro-pamplona-gana-la-segunda-etapa-en-la-categoria-juvenil-y-asume-el-liderato\/","title":{"rendered":"Cl\u00e1sica de Marinilla: Alejandro Pamplona gana la segunda etapa en la categor\u00eda juvenil y asume el liderato"},"content":{"rendered":"<div id=\"modal-ready\">\n<p>Con una contundente actuaci\u00f3n en la categor\u00eda Juvenil, <strong>Alejandro Pamplona<\/strong> sali\u00f3 victorioso en la segunda etapa de la <strong>Cl\u00e1sica de Marinilla<\/strong> y adem\u00e1s asumi\u00f3 el liderato de la clasificaci\u00f3n general. El corredor <strong>GW Erco Sportfitness <\/strong>fue el mejor de la jornada y cruz\u00f3 en primer lugar la l\u00ednea de meta despu\u00e9s de una exigente etapa, marcada por la monta\u00f1a y varias subidas explosivas.<\/p>\n<p>\u201cHoy fue una carrera bastante dura, con bastante subida, un poco explosivas las subidas, pero nos sentimos muy bien junto a todo el equipo. <strong>Estuvimos todo el d\u00eda adelante con todo el equipo<\/strong> y nos sentimos muy fuertes\u201d, dio Pamplona, en declaraciones recogidas por su equipo.<\/p>\n<p>Adem\u00e1s del triunfo de Pamplona, <strong>Danilo Medina ocup\u00f3 la tercera posici\u00f3n<\/strong>, mientras que otros dos corredores del equipo completaron las posiciones cuarta y quinta. En la clasificaci\u00f3n general, <strong>Daniel Robayo<\/strong> marcha sexto y <strong>Kevin Pe\u00f1aloza <\/strong>s\u00e9ptimo.<\/p>\n<p>Para el director deportivo del equipo<strong> Luis Alfonso Cely<\/strong>, el resultado refleja el trabajo colectivo que vienen desarrollando los corredores juveniles: \u201c<strong>Contentos con la etapa que hicieron los muchachos<\/strong>. Lograron hacer primero, tercero, cuarto. Pienso que es algo que inici\u00f3 con una idea, se va consolidando como un bonito proyecto y <strong>estamos contentos con la victoria y el liderato de Pamplona<\/strong>\u201d.<\/p>\n<p>La <strong>Cl\u00e1sica de Marinilla<\/strong> continuar\u00e1 este jueves con la tercera etapa, <strong>considerada la etapa reina<\/strong> de la competencia. En la categor\u00eda Juvenil se correr\u00e1n 59 kil\u00f3metros, con salida en San Rafael, pasando por El Pe\u00f1ol y finalizando en Marinilla. Una jornada decisiva en la que <strong>el GW Erco Sportfitness buscar\u00e1 defender el liderato de Alejandro Pamplona<\/strong>.<\/p>\n<\/p>\n<figure class=\"wp-block-image size-large\"><img loading=\"lazy\" decoding=\"async\" width=\"1024\" height=\"684\" src=\"https:\/\/www.revistamundociclistico.com\/wp-content\/uploads\/2026\/09\/Alejandro-Pamplona-2ET-Clasica-Marinilla-2026-1024x684.jpg\" alt=\"\" class=\"wp-image-214801\" srcset=\"https:\/\/www.revistamundociclistico.com\/wp-content\/uploads\/2026\/09\/Alejandro-Pamplona-2ET-Clasica-Marinilla-2026-1024x684.jpg 1024w, https:\/\/www.revistamundociclistico.com\/wp-content\/uploads\/2026\/09\/Alejandro-Pamplona-2ET-Clasica-Marinilla-2026-300x200.jpg 300w, https:\/\/www.revistamundociclistico.com\/wp-content\/uploads\/2026\/09\/Alejandro-Pamplona-2ET-Clasica-Marinilla-2026-768x513.jpg 768w, https:\/\/www.revistamundociclistico.com\/wp-content\/uploads\/2026\/09\/Alejandro-Pamplona-2ET-Clasica-Marinilla-2026.jpg 1200w\" sizes=\"auto, (max-width: 1024px) 100vw, 1024px\" \/><figcaption class=\"wp-element-caption\"><em>Alejandro Pamplona, ganador de la segunda etapa de la Cl\u00e1sica de Marinilla entres los juveniles. (Foto Anderson Bonilla \u00a9 RMC)<\/em><\/figcaption><\/figure>\n<p class=\"has-medium-font-size\"><strong>RESULTADOS COMPLETOS<\/strong><\/p>\n<div data-wp-interactive=\"\" class=\"wp-block-file\"><object data-wp-bind--hidden=\"!selectors.core.file.hasPdfPreview\" hidden class=\"wp-block-file__embed\" data=\"https:\/\/www.revistamundociclistico.com\/wp-content\/uploads\/2026\/09\/juvenil-2da-etapa-alejandria-marinilla.pdf\" type=\"application\/pdf\" style=\"width:100%;height:600px\" aria-label=\"Incrustado de juvenil-2da-etapa-alejandria-marinilla.\"><\/object><a id=\"wp-block-file--media-a95f221d-8a52-48ba-bc05-370919e6eda9\" href=\"https:\/\/www.revistamundociclistico.com\/wp-content\/uploads\/2026\/09\/juvenil-2da-etapa-alejandria-marinilla.pdf\">juvenil-2da-etapa-alejandria-marinilla<\/a><a href=\"https:\/\/www.revistamundociclistico.com\/wp-content\/uploads\/2026\/09\/juvenil-2da-etapa-alejandria-marinilla.pdf\" class=\"wp-block-file__button wp-element-button\" download aria-describedby=\"wp-block-file--media-a95f221d-8a52-48ba-bc05-370919e6eda9\">Descarga<\/a><\/div>\n<p class=\"has-medium-font-size\"><strong><em>*Con Informaci\u00f3n Prensa GW Erco Sportfitness <\/em><\/strong><\/p>\n<\/div>\n","protected":false},"excerpt":{"rendered":"<p>Con una contundente actuaci\u00f3n en la categor\u00eda Juvenil, Alejandro Pamplona sali\u00f3 victorioso en la segunda etapa de la Cl\u00e1sica de Marinilla y adem\u00e1s asumi\u00f3 el liderato de la clasificaci\u00f3n general.&hellip; <\/p>\n","protected":false},"author":1,"featured_media":2627,"comment_status":"open","ping_status":"closed","sticky":false,"template":"Default","format":"standard","meta":{"om_disable_all_campaigns":false,"_monsterinsights_skip_tracking":false,"fifu_image_url":"https:\/\/www.revistamundociclistico.com\/wp-content\/uploads\/2026\/09\/Alejandro-Pamplona-2ET-Clasica-Marinilla-2026-1024x684.jpg","fifu_image_alt":"","footnotes":""},"categories":[9],"tags":[],"class_list":["post-2626","post","type-post","status-publish","format-standard","has-post-thumbnail","hentry","category-deportes"],"_links":{"self":[{"href":"https:\/\/radiomiaboyaca.com\/index.php\/wp-json\/wp\/v2\/posts\/2626","targetHints":{"allow":["GET"]}}],"collection":[{"href":"https:\/\/radiomiaboyaca.com\/index.php\/wp-json\/wp\/v2\/posts"}],"about":[{"href":"https:\/\/radiomiaboyaca.com\/index.php\/wp-json\/wp\/v2\/types\/post"}],"author":[{"embeddable":true,"href":"https:\/\/radiomiaboyaca.com\/index.php\/wp-json\/wp\/v2\/users\/1"}],"replies":[{"embeddable":true,"href":"https:\/\/radiomiaboyaca.com\/index.php\/wp-json\/wp\/v2\/comments?post=2626"}],"version-history":[{"count":1,"href":"https:\/\/radiomiaboyaca.com\/index.php\/wp-json\/wp\/v2\/posts\/2626\/revisions"}],"predecessor-version":[{"id":2628,"href":"https:\/\/radiomiaboyaca.com\/index.php\/wp-json\/wp\/v2\/posts\/2626\/revisions\/2628"}],"wp:featuredmedia":[{"embeddable":true,"href":"https:\/\/radiomiaboyaca.com\/index.php\/wp-json\/wp\/v2\/media\/2627"}],"wp:attachment":[{"href":"https:\/\/radiomiaboyaca.com\/index.php\/wp-json\/wp\/v2\/media?parent=2626"}],"wp:term":[{"taxonomy":"category","embeddable":true,"href":"https:\/\/radiomiaboyaca.com\/index.php\/wp-json\/wp\/v2\/categories?post=2626"},{"taxonomy":"post_tag","embeddable":true,"href":"https:\/\/radiomiaboyaca.com\/index.php\/wp-json\/wp\/v2\/tags?post=2626"}],"curies":[{"name":"wp","href":"https:\/\/api.w.org\/{rel}","templated":true}]}}