{"id":2624,"date":"2026-09-02T22:00:43","date_gmt":"2026-09-03T03:00:43","guid":{"rendered":"https:\/\/radiomiaboyaca.com\/?p=2624"},"modified":"2026-09-04T01:34:13","modified_gmt":"2026-09-04T06:34:13","slug":"francisco-kotsakis-triunfa-en-el-inicio-de-la-vuelta-a-santa-catarina-con-carlos-gutierrez-4","status":"publish","type":"post","link":"https:\/\/radiomiaboyaca.com\/index.php\/2026\/09\/02\/francisco-kotsakis-triunfa-en-el-inicio-de-la-vuelta-a-santa-catarina-con-carlos-gutierrez-4\/","title":{"rendered":"Francisco Kotsakis triunfa en el inicio de la Vuelta a Santa Catarina con Carlos Guti\u00e9rrez 4\u00b0"},"content":{"rendered":"<div id=\"modal-ready\">\n<p>Se disput\u00f3 la primera etapa de la <strong>Vuelta a Santa Catarina 2026 <\/strong>con triunfo para el chileno<strong> Francisco Kotsakis<\/strong>, quien fue el m\u00e1s r\u00e1pido al sprint, luego de recorrer 117 kil\u00f3metros entre los municipios de Pomerode y Ascurra.<\/p>\n<p>Tras la victoria el corredor austral se convirti\u00f3 en el primer l\u00edder de la carrera. A Kotsakis lo escoltaron sus paisanos y compa\u00f1eros de equipo <strong>Crist\u00f3bal Baeza<\/strong> (Plus Performance &#8211; ZEO Sport) y<strong> Tom\u00e1s Quiroz<\/strong>  (Plus Performance &#8211; ZEO Sport), quienes entraron 2\u00b0 y 3\u00b0, respectivamente.<\/p>\n<p>En cuantos a los colombianos, el mejor clasificado fue <strong>Carlos Guti\u00e9rrez (NU Colombia)<\/strong> en la cuarta posici\u00f3n, mientras que el m\u00e1s destacado del <strong>Team Medell\u00edn-EPM<\/strong> termin\u00f3 siendo <strong>Diego Camargo<\/strong>, cerrando el top 10 de la jornada inaugural.<\/p>\n<p>La carrera brasile\u00f1a vivir\u00e1 este jueves la disputa de la segunda etapa, un <strong>circuito ondulado de 126,9 kil\u00f3metros <\/strong>con salida y llegada en el municipio de <strong>Ituporanga<\/strong>, famoso por ser considerado la capital nacional de la cebolla.<\/p>\n<p class=\"has-medium-font-size\"><strong>Volta Cicl\u00edstica de Santa Catarina (2.2)<\/strong><br \/><strong>Resultados Etapa 1 | Pomerode &#8211; Ascurra (117,2 km)<\/strong><\/p>\n<figure class=\"wp-block-table\">\n<table>\n<tbody>\n<tr>\n<td>1<\/td>\n<td>Francisco Kotsakis <\/td>\n<td>Plus Performance &#8211; ZEO Sport<\/td>\n<td><\/td>\n<td><\/td>\n<td><\/td>\n<td>2:32:51<\/td>\n<\/tr>\n<tr>\n<td>2<\/td>\n<td>Crist\u00f3bal Baeza <\/td>\n<td>Plus Performance &#8211; ZEO Sport<\/td>\n<td><\/td>\n<td><\/td>\n<td><\/td>\n<td>m.t.<\/td>\n<\/tr>\n<tr>\n<td>3<\/td>\n<td>Tom\u00e1s Quiroz <\/td>\n<td>Plus Performance &#8211; ZEO Sport<\/td>\n<td><\/td>\n<td><\/td>\n<td><\/td>\n<td>m.t.<\/td>\n<\/tr>\n<tr>\n<td><strong>4<\/strong><\/td>\n<td><strong>Carlos Guti\u00e9rrez <\/strong><\/td>\n<td><strong>Nu Colombia<\/strong><\/td>\n<td><\/td>\n<td><\/td>\n<td><\/td>\n<td><strong>m.t.<\/strong><\/td>\n<\/tr>\n<tr>\n<td>5<\/td>\n<td>Pedro Miguel Freitas <\/td>\n<td>Taubat\u00e9 Cycling Team &#8211; Tarum\u00e3<\/td>\n<td><\/td>\n<td><\/td>\n<td><\/td>\n<td>m.t.<\/td>\n<\/tr>\n<tr>\n<td>6<\/td>\n<td>Andre Eduardo Gohr <\/td>\n<td>Taubat\u00e9 Cycling Team &#8211; Tarum\u00e3<\/td>\n<td><\/td>\n<td><\/td>\n<td><\/td>\n<td>m.t.<\/td>\n<\/tr>\n<tr>\n<td>7<\/td>\n<td>Luiz Fernando Bomfim <\/td>\n<td>Localiza Meoo \/ Swift Pro Cycling<\/td>\n<td><\/td>\n<td><\/td>\n<td><\/td>\n<td>m.t.<\/td>\n<\/tr>\n<tr>\n<td>8<\/td>\n<td>Igor Teodoro Molina <\/td>\n<td>Andbank Cycling Team<\/td>\n<td><\/td>\n<td><\/td>\n<td><\/td>\n<td>m.t.<\/td>\n<\/tr>\n<tr>\n<td>9<\/td>\n<td>Augusto Senegaglea<\/td>\n<td>S\u00e3o Jos\u00e9 Ciclismo<\/td>\n<td><\/td>\n<td><\/td>\n<td><\/td>\n<td>m.t.<\/td>\n<\/tr>\n<tr>\n<td><strong>10<\/strong><\/td>\n<td><strong>Diego Camargo <\/strong><\/td>\n<td><strong>Team Medell\u00edn &#8211; EPM<\/strong><\/td>\n<td><\/td>\n<td><\/td>\n<td><\/td>\n<td><strong>m.t.<\/strong><\/td>\n<\/tr>\n<\/tbody>\n<\/table>\n<\/figure>\n<figure class=\"wp-block-table\">\n<table>\n<tbody>\n<tr>\n<td><strong>12<\/strong><\/td>\n<td><strong>Daniel M\u00e9ndez <\/strong><\/td>\n<td><strong>Team Medell\u00edn &#8211; EPM<\/strong><\/td>\n<td><\/td>\n<td><\/td>\n<td><\/td>\n<td><strong>m.t.<\/strong><\/td>\n<\/tr>\n<tr>\n<td><strong>13<\/strong><\/td>\n<td><strong>Javier Jamaica <\/strong><\/td>\n<td><strong>Nu Colombia<\/strong><\/td>\n<td><\/td>\n<td><\/td>\n<td><\/td>\n<td><strong>m.t.<\/strong><\/td>\n<\/tr>\n<tr>\n<td><strong>14<\/strong><\/td>\n<td><strong>Cristhian Montoya <\/strong><\/td>\n<td><strong>Emthos Racing<\/strong><\/td>\n<td><\/td>\n<td><\/td>\n<td><\/td>\n<td><strong>m.t.<\/strong><\/td>\n<\/tr>\n<tr>\n<td><strong>21<\/strong><\/td>\n<td><strong>Rodrigo Contreras <\/strong><\/td>\n<td><strong>Nu Colombia<\/strong><\/td>\n<td><\/td>\n<td><\/td>\n<td><\/td>\n<td><strong>m.t.<\/strong><\/td>\n<\/tr>\n<tr>\n<td><strong>24<\/strong><\/td>\n<td><strong>\u00d3scar Fern\u00e1ndez <\/strong><\/td>\n<td><strong>Nu Colombia<\/strong><\/td>\n<td><\/td>\n<td><\/td>\n<td><\/td>\n<td><strong>m.t.<\/strong><\/td>\n<\/tr>\n<tr>\n<td><strong>25<\/strong><\/td>\n<td><strong>David Gonz\u00e1lez <\/strong><\/td>\n<td><strong>Team Medell\u00edn &#8211; EPM<\/strong><\/td>\n<td><\/td>\n<td><\/td>\n<td><\/td>\n<td><strong>m.t.<\/strong><\/td>\n<\/tr>\n<tr>\n<td><strong>34<\/strong><\/td>\n<td><strong>Yeferson Camargo <\/strong><\/td>\n<td><strong>Team Medell\u00edn &#8211; EPM<\/strong><\/td>\n<td><\/td>\n<td><\/td>\n<td><\/td>\n<td><strong>m.t.<\/strong><\/td>\n<\/tr>\n<tr>\n<td><strong>35<\/strong><\/td>\n<td><strong>Jos\u00e9 Tito Hern\u00e1ndez <\/strong><\/td>\n<td><strong>Emthos Racing<\/strong><\/td>\n<td><\/td>\n<td><\/td>\n<td><\/td>\n<td><strong>m.t.<\/strong><\/td>\n<\/tr>\n<tr>\n<td><strong>37<\/strong><\/td>\n<td><strong>Leider Calder\u00f3n <\/strong><\/td>\n<td><strong>Emthos Racing<\/strong><\/td>\n<td><\/td>\n<td><\/td>\n<td><\/td>\n<td><strong>m.t.<\/strong><\/td>\n<\/tr>\n<tr>\n<td><strong>38<\/strong><\/td>\n<td><strong>Juan Diego Alba <\/strong><\/td>\n<td><strong>Nu Colombia<\/strong><\/td>\n<td><\/td>\n<td><\/td>\n<td><\/td>\n<td><strong>m.t.<\/strong><\/td>\n<\/tr>\n<tr>\n<td><strong>40<\/strong><\/td>\n<td><strong>W\u00e1lter Vargas <\/strong><\/td>\n<td><strong>Team Medell\u00edn &#8211; EPM<\/strong><\/td>\n<td><\/td>\n<td><\/td>\n<td><\/td>\n<td><strong>0:14<\/strong><\/td>\n<\/tr>\n<tr>\n<td><strong>41<\/strong><\/td>\n<td><strong>Mart\u00edn Restrepo <\/strong><\/td>\n<td><strong>Team Medell\u00edn &#8211; EPM<\/strong><\/td>\n<td><\/td>\n<td><\/td>\n<td><\/td>\n<td><strong>0:36<\/strong><\/td>\n<\/tr>\n<tr>\n<td><strong>78<\/strong><\/td>\n<td><strong>Cristian David Rico <\/strong><\/td>\n<td><strong>Nu Colombia<\/strong><\/td>\n<td><\/td>\n<td><\/td>\n<td><\/td>\n<td><strong>3:29<\/strong><\/td>\n<\/tr>\n<\/tbody>\n<\/table>\n<\/figure>\n<p class=\"has-medium-font-size\"><strong>CLASIFICACIONES COMPLETAS<\/strong><\/p>\n<div data-wp-interactive=\"\" class=\"wp-block-file\"><object data-wp-bind--hidden=\"!selectors.core.file.hasPdfPreview\" hidden class=\"wp-block-file__embed\" data=\"https:\/\/www.revistamundociclistico.com\/wp-content\/uploads\/2026\/09\/clasificacion-etapa-1.pdf\" type=\"application\/pdf\" style=\"width:100%;height:600px\" aria-label=\"Incrustado de clasificacion-etapa-1.\"><\/object><a id=\"wp-block-file--media-31a8caab-f0e0-4982-954a-be052b327778\" href=\"https:\/\/www.revistamundociclistico.com\/wp-content\/uploads\/2026\/09\/clasificacion-etapa-1.pdf\">clasificacion-etapa-1<\/a><a href=\"https:\/\/www.revistamundociclistico.com\/wp-content\/uploads\/2026\/09\/clasificacion-etapa-1.pdf\" class=\"wp-block-file__button wp-element-button\" download aria-describedby=\"wp-block-file--media-31a8caab-f0e0-4982-954a-be052b327778\">Descarga<\/a><\/div>\n<\/div>\n","protected":false},"excerpt":{"rendered":"<p>Se disput\u00f3 la primera etapa de la Vuelta a Santa Catarina 2026 con triunfo para el chileno Francisco Kotsakis, quien fue el m\u00e1s r\u00e1pido al sprint, luego de recorrer 117&hellip; <\/p>\n","protected":false},"author":1,"featured_media":0,"comment_status":"open","ping_status":"closed","sticky":false,"template":"Default","format":"standard","meta":{"om_disable_all_campaigns":false,"_monsterinsights_skip_tracking":false,"fifu_image_url":"","fifu_image_alt":"","footnotes":""},"categories":[9],"tags":[],"class_list":["post-2624","post","type-post","status-publish","format-standard","hentry","category-deportes"],"_links":{"self":[{"href":"https:\/\/radiomiaboyaca.com\/index.php\/wp-json\/wp\/v2\/posts\/2624","targetHints":{"allow":["GET"]}}],"collection":[{"href":"https:\/\/radiomiaboyaca.com\/index.php\/wp-json\/wp\/v2\/posts"}],"about":[{"href":"https:\/\/radiomiaboyaca.com\/index.php\/wp-json\/wp\/v2\/types\/post"}],"author":[{"embeddable":true,"href":"https:\/\/radiomiaboyaca.com\/index.php\/wp-json\/wp\/v2\/users\/1"}],"replies":[{"embeddable":true,"href":"https:\/\/radiomiaboyaca.com\/index.php\/wp-json\/wp\/v2\/comments?post=2624"}],"version-history":[{"count":1,"href":"https:\/\/radiomiaboyaca.com\/index.php\/wp-json\/wp\/v2\/posts\/2624\/revisions"}],"predecessor-version":[{"id":2625,"href":"https:\/\/radiomiaboyaca.com\/index.php\/wp-json\/wp\/v2\/posts\/2624\/revisions\/2625"}],"wp:attachment":[{"href":"https:\/\/radiomiaboyaca.com\/index.php\/wp-json\/wp\/v2\/media?parent=2624"}],"wp:term":[{"taxonomy":"category","embeddable":true,"href":"https:\/\/radiomiaboyaca.com\/index.php\/wp-json\/wp\/v2\/categories?post=2624"},{"taxonomy":"post_tag","embeddable":true,"href":"https:\/\/radiomiaboyaca.com\/index.php\/wp-json\/wp\/v2\/tags?post=2624"}],"curies":[{"name":"wp","href":"https:\/\/api.w.org\/{rel}","templated":true}]}}