{"id":2622,"date":"2026-09-03T18:00:00","date_gmt":"2026-09-03T23:00:00","guid":{"rendered":"https:\/\/radiomiaboyaca.com\/?p=2622"},"modified":"2026-09-04T01:34:13","modified_gmt":"2026-09-04T06:34:13","slug":"la-seleccion-colombiana-de-paracycling-lista-para-disputar-el-campeonato-mundial-de-ruta-en-estados-unidos","status":"publish","type":"post","link":"https:\/\/radiomiaboyaca.com\/index.php\/2026\/09\/03\/la-seleccion-colombiana-de-paracycling-lista-para-disputar-el-campeonato-mundial-de-ruta-en-estados-unidos\/","title":{"rendered":"La selecci\u00f3n colombiana de paracycling, lista para disputar el Campeonato Mundial de Ruta en Estados Unidos"},"content":{"rendered":"<div id=\"modal-ready\">\n<p>La Selecci\u00f3n Colombia de Paracycling afrontar\u00e1 desde este viernes 4 de septiembre el <strong>Campeonato Mundial de Ruta 2026,<\/strong> que tendr\u00e1 como sede a Huntsville, Alabama, Estados Unidos. El pa\u00eds estar\u00e1 representado por <strong>diez deportistas<\/strong> y un gu\u00eda, quienes competir\u00e1n en las pruebas de contrarreloj individual y ruta.<\/p>\n<p>El paracycling colombiano vuelve a la escena mundial con una delegaci\u00f3n que reunir\u00e1 experiencia, juventud y representaci\u00f3n en diferentes clases deportivas. La cita en <strong>Huntsville<\/strong> ser\u00e1 uno de los grandes desaf\u00edos internacionales de la temporada y pondr\u00e1 nuevamente a<strong> los corredores nacionales frente a los mejores exponentes del mundo<\/strong>.<\/p>\n<p>El programa oficial del campeonato se extender\u00e1 hasta el lunes 7 de septiembre, con <strong>cuatro jornadas de competencia<\/strong>s en las que se definir\u00e1n los nuevos campeones mundiales de las diferentes clases.<\/p>\n<p>La n\u00f3mina oficial de la Selecci\u00f3n Colombia est\u00e1 integrada por seis deportistas: <strong>Paula Andrea Ossa<\/strong> (C5), <strong>Daniela Carolina M\u00fanevar<\/strong> (C2), Juan Jos\u00e9 R\u00edos (C4), <strong>Carlos Andr\u00e9s Vargas<\/strong> (C5), <strong>C\u00e9sar Alberto Fern\u00e1ndez <\/strong>(T1) y <strong>Juan Jos\u00e9 Betancourt<\/strong> (T2)<\/p>\n<p>Como deportistas avalados tambi\u00e9n har\u00e1n parte de la representaci\u00f3n nacional: <strong>Juan Andr\u00e9s G\u00f3mez<\/strong> (C4), <strong>Edwin Alexander Sandoval<\/strong> (C5), <strong>Nelson Javier Serna<\/strong> (B), junto a su gu\u00eda <strong>Santiago V\u00e9lez<\/strong>, y <strong>Leonardo Favio Var\u00f3n<\/strong> (H5)<\/p>\n<p>La delegaci\u00f3n colombiana tendr\u00e1 presencia en las categor\u00edas de <strong>bicicletas convencionales, triciclos, t\u00e1ndem <\/strong>y<strong> handcycle<\/strong>, de acuerdo con las clases deportivas contempladas por el programa oficial del campeonato.<\/p>\n<p>Los deportistas colombianos tendr\u00e1n presencia en las <strong>cuatro jornadas competitivas del Campeonato Mundial de Ruta Paracycling<\/strong>. El programa nacional comenzar\u00e1 con las<strong> pruebas de contrarreloj individual <\/strong>y continuar\u00e1 con las<strong> carreras de ruta<\/strong>, de acuerdo con las clases deportivas de cada representante.<\/p>\n<p>La Selecci\u00f3n Colombia afrontar\u00e1 as\u00ed cuatro jornadas de competencia ante la <strong>\u00e9lite mundial del paracycling<\/strong>, en un campeonato que re\u00fane las modalidades de bicicleta convencional, triciclo, handcycle y t\u00e1ndem.<\/p>\n<p class=\"has-medium-font-size\"><strong>Calendario de competencia:<\/strong><\/p>\n<p><strong>Viernes 4 de septiembre \u2013 CRI:<\/strong><br \/>C\u00e9sar Alberto Fern\u00e1ndez L\u00f3pez \u2013 T1: contrarreloj individual, 14,6 km.<br \/>Juan Jos\u00e9 Betancourt Quiroga \u2013 T2: contrarreloj individual, 14,6 km.<br \/>Juan Jos\u00e9 R\u00edos Manosalva \u2013 C4: contrarreloj individual, 29,2 km.<br \/>Juan Andr\u00e9s G\u00f3mez \u2013 C4: contrarreloj individual, 29,2 km.<br \/>Carlos Andr\u00e9s Vargas Villanueva \u2013 C5: contrarreloj individual, 29,2 km.<br \/>Edwin Alexander Sandoval \u2013 C5: contrarreloj individual, 29,2 km.<br \/>Paula Andrea Ossa Veloza \u2013 C5: contrarreloj individual, 29,2 km.<br \/>Leonardo Favio Var\u00f3n L\u00f3pez \u2013 H5: contrarreloj individual, 29,2 km.<br \/>Nelson Javier Serna \u2013 B, junto a su gu\u00eda Santiago V\u00e9lez: contrarreloj individual, 29,2 km.<\/p>\n<p><strong>S\u00e1bado 5 de septiembre \u2013 CRI:<\/strong><br \/>Daniela Carolina M\u00fanevar Fl\u00f3rez \u2013 C2: contrarreloj individual.<\/p>\n<p><strong>Domingo 6 de septiembre \u2013 Carreras de ruta:<\/strong><br \/>C\u00e9sar Alberto Fern\u00e1ndez L\u00f3pez \u2013 T1: carrera de ruta, 41,4 km.<br \/>Juan Jos\u00e9 Betancourt Quiroga \u2013 T2: carrera de ruta, 41,4 km.<br \/>Leonardo Favio Var\u00f3n L\u00f3pez \u2013 H5: carrera de ruta, 69 km.<\/p>\n<p><strong>Lunes 7 de septiembre \u2013 Carreras de ruta<\/strong><br \/>Daniela Carolina M\u00fanevar Fl\u00f3rez \u2013 C2: carrera de ruta, 55,2 km<br \/>Paula Andrea Ossa Veloza \u2013 C5: carrera de ruta, 69 km<br \/>Juan Jos\u00e9 R\u00edos Manosalva \u2013 C4: carrera de ruta, 96,6 km<br \/>Juan Andr\u00e9s G\u00f3mez \u2013 C4: carrera de ruta, 96,6 km<br \/>Carlos Andr\u00e9s Vargas Villanueva \u2013 C5: carrera de ruta, 96,6 km<br \/>Edwin Alexander Sandoval \u2013 C5: carrera de ruta, 96,6 km<br \/>Nelson Javier Serna \u2013 B, junto a su gu\u00eda Santiago V\u00e9lez: carrera de ruta, 110,04 km<\/p>\n<p><strong><em>*Con Informaci\u00f3n de Fedeciclismo<\/em><\/strong><\/p>\n<\/div>\n","protected":false},"excerpt":{"rendered":"<p>La Selecci\u00f3n Colombia de Paracycling afrontar\u00e1 desde este viernes 4 de septiembre el Campeonato Mundial de Ruta 2026, que tendr\u00e1 como sede a Huntsville, Alabama, Estados Unidos. El pa\u00eds estar\u00e1&hellip; <\/p>\n","protected":false},"author":1,"featured_media":0,"comment_status":"open","ping_status":"closed","sticky":false,"template":"Default","format":"standard","meta":{"om_disable_all_campaigns":false,"_monsterinsights_skip_tracking":false,"fifu_image_url":"","fifu_image_alt":"","footnotes":""},"categories":[9],"tags":[],"class_list":["post-2622","post","type-post","status-publish","format-standard","hentry","category-deportes"],"_links":{"self":[{"href":"https:\/\/radiomiaboyaca.com\/index.php\/wp-json\/wp\/v2\/posts\/2622","targetHints":{"allow":["GET"]}}],"collection":[{"href":"https:\/\/radiomiaboyaca.com\/index.php\/wp-json\/wp\/v2\/posts"}],"about":[{"href":"https:\/\/radiomiaboyaca.com\/index.php\/wp-json\/wp\/v2\/types\/post"}],"author":[{"embeddable":true,"href":"https:\/\/radiomiaboyaca.com\/index.php\/wp-json\/wp\/v2\/users\/1"}],"replies":[{"embeddable":true,"href":"https:\/\/radiomiaboyaca.com\/index.php\/wp-json\/wp\/v2\/comments?post=2622"}],"version-history":[{"count":1,"href":"https:\/\/radiomiaboyaca.com\/index.php\/wp-json\/wp\/v2\/posts\/2622\/revisions"}],"predecessor-version":[{"id":2623,"href":"https:\/\/radiomiaboyaca.com\/index.php\/wp-json\/wp\/v2\/posts\/2622\/revisions\/2623"}],"wp:attachment":[{"href":"https:\/\/radiomiaboyaca.com\/index.php\/wp-json\/wp\/v2\/media?parent=2622"}],"wp:term":[{"taxonomy":"category","embeddable":true,"href":"https:\/\/radiomiaboyaca.com\/index.php\/wp-json\/wp\/v2\/categories?post=2622"},{"taxonomy":"post_tag","embeddable":true,"href":"https:\/\/radiomiaboyaca.com\/index.php\/wp-json\/wp\/v2\/tags?post=2622"}],"curies":[{"name":"wp","href":"https:\/\/api.w.org\/{rel}","templated":true}]}}