{"id":2619,"date":"2026-09-03T19:00:00","date_gmt":"2026-09-04T00:00:00","guid":{"rendered":"https:\/\/radiomiaboyaca.com\/?p=2619"},"modified":"2026-09-04T01:34:13","modified_gmt":"2026-09-04T06:34:13","slug":"camilo-ardila-se-queda-con-la-etapa-reina-de-la-clasica-de-marinilla-y-se-pone-lider","status":"publish","type":"post","link":"https:\/\/radiomiaboyaca.com\/index.php\/2026\/09\/03\/camilo-ardila-se-queda-con-la-etapa-reina-de-la-clasica-de-marinilla-y-se-pone-lider\/","title":{"rendered":"Camilo Ardila se queda con la etapa reina de la Cl\u00e1sica de Marinilla y se pone l\u00edder"},"content":{"rendered":"<div id=\"modal-ready\">\n<p>En un final lleno de emociones, <strong>Camilo Ardila (Nu Colombia)<\/strong> se qued\u00f3 con la tercera jornada de la <strong>Cl\u00e1sica de Marinilla 2026<\/strong>, la catalogada etapa reina que cont\u00f3 con un trayecto de 170 kil\u00f3metros por los alrededores del municipio que le pone nombre a la carrera, en el oriente antioque\u00f1o<\/p>\n<p>En los kil\u00f3metros definitivos se vieron varios ataques y uno de ellos fue aprovechado por el pedalista tolimense, quien fue m\u00e1s el m\u00e1s fuerte en la fase final, llev\u00e1ndose la victoria por delante de <strong>Kevin Castillo (Orgullo Paisa)<\/strong> y de su compa\u00f1ero de equipo <strong>Sergio Henao<\/strong>.<\/p>\n<p>En cuanto a la general, se presentaron cambios importantes. De esta manera, <strong>Camilo Ardila (Nu Colombia)<\/strong> se convirti\u00f3 en el nuevo l\u00edder con m\u00e1s de un minuto de ventaja sobre dos corredores del Orgullo Paisa:<strong> Kevin Castillo<\/strong> y <strong>Bernardo Suaza<\/strong>, quienes completan el podio parcial.<\/p>\n<p>La<strong> Cl\u00e1sica Nacional \u201cRam\u00f3n Emilio Arcila\u201d <\/strong>finalizar\u00e1 este viernes con la disputa de la cuarta y \u00faltima etapa, un <strong>circuito urbano de 62 kil\u00f3metros<\/strong>, que finalizar\u00e1 en parque de Marinilla, donde conoceremos al sucesor del carmelitano <strong>Alejandro Osorio<\/strong>, campe\u00f3n del a\u00f1o pasado.<\/p>\n<p class=\"has-medium-font-size\"><strong>Los ganadores de la jornada fueron:<\/strong><\/p>\n<ul>\n<li>En damas, Samara Bedoya del Sistecr\u00e9dito<\/li>\n<li>En juveniles varones, Emanuel Restrepo del Sistecr\u00e9dito<\/li>\n<li>En \u00e9lite varones, Andr\u00e9s Camilo Ardila del NU<\/li>\n<\/ul>\n<p class=\"has-medium-font-size\"><strong>En lo que concierne a la general, los l\u00edderes son:<\/strong><\/p>\n<ul>\n<li>Laura Rojas del Sistecr\u00e9dito, damas<\/li>\n<li>Alejandro Pamplona del GW Erco Sportifitness, juvenil<\/li>\n<li>Andr\u00e9s Camilo Camilo Ardila del NU, \u00e9lite<\/li>\n<\/ul>\n<p class=\"has-medium-font-size\"><strong>Cl\u00e1sica de Marinilla 2026<\/strong><br \/><strong>Resultados Etapa 2 \u00bb Marinilla \u203a Marinilla (170 km)<\/strong><\/p>\n<figure class=\"wp-block-table\">\n<table>\n<tbody>\n<tr>\n<td><strong>1<\/strong><\/td>\n<td><strong>Camilo Ardila<\/strong><\/td>\n<td><strong>Nu Colombia<\/strong><\/td>\n<td><\/td>\n<td><strong>4:13:12<\/strong><\/td>\n<\/tr>\n<tr>\n<td>2<\/td>\n<td>Kevin Castillo  <\/td>\n<td>Orgullo Paisa<\/td>\n<td><\/td>\n<td>1:07<\/td>\n<\/tr>\n<tr>\n<td>3<\/td>\n<td>Sergio Henao<\/td>\n<td>Nu Colombia<\/td>\n<td><\/td>\n<td>1:10<\/td>\n<\/tr>\n<tr>\n<td>4<\/td>\n<td>Alexander Gil<\/td>\n<td>GW Erco SportFitness<\/td>\n<td><\/td>\n<td>1:19<\/td>\n<\/tr>\n<tr>\n<td>5<\/td>\n<td>Emerson Gordillo<\/td>\n<td>Nu Colombia<\/td>\n<td><\/td>\n<td>1:19<\/td>\n<\/tr>\n<tr>\n<td>6<\/td>\n<td>Robinson L\u00f3pez <\/td>\n<td>GW Erco SportFitness<\/td>\n<td><\/td>\n<td>1:19<\/td>\n<\/tr>\n<tr>\n<td>7<\/td>\n<td>Jaider Mu\u00f1oz<\/td>\n<td>Team Sistecr\u00e9dito<\/td>\n<td><\/td>\n<td>1:52<\/td>\n<\/tr>\n<tr>\n<td>8<\/td>\n<td>Bernardo Suaza<\/td>\n<td>Orgullo Paisa<\/td>\n<td><\/td>\n<td>1:55<\/td>\n<\/tr>\n<tr>\n<td>9<\/td>\n<td>David G\u00f3mez<\/td>\n<td>Orgullo Paisa<\/td>\n<td><\/td>\n<td>2:45<\/td>\n<\/tr>\n<tr>\n<td>10<\/td>\n<td>Santiago Escudero<\/td>\n<td>EBSA<\/td>\n<td><\/td>\n<td>4:18<\/td>\n<\/tr>\n<\/tbody>\n<\/table>\n<\/figure>\n<figure class=\"wp-block-image size-large\"><img loading=\"lazy\" decoding=\"async\" width=\"1024\" height=\"683\" src=\"https:\/\/www.revistamundociclistico.com\/wp-content\/uploads\/2026\/09\/Camilo-Ardila-Podio-3ET-Clasica-Marinilla-2026-1024x683.jpg\" alt=\"\" class=\"wp-image-214839\" srcset=\"https:\/\/www.revistamundociclistico.com\/wp-content\/uploads\/2026\/09\/Camilo-Ardila-Podio-3ET-Clasica-Marinilla-2026-1024x683.jpg 1024w, https:\/\/www.revistamundociclistico.com\/wp-content\/uploads\/2026\/09\/Camilo-Ardila-Podio-3ET-Clasica-Marinilla-2026-300x200.jpg 300w, https:\/\/www.revistamundociclistico.com\/wp-content\/uploads\/2026\/09\/Camilo-Ardila-Podio-3ET-Clasica-Marinilla-2026-768x512.jpg 768w, https:\/\/www.revistamundociclistico.com\/wp-content\/uploads\/2026\/09\/Camilo-Ardila-Podio-3ET-Clasica-Marinilla-2026.jpg 1200w\" sizes=\"auto, (max-width: 1024px) 100vw, 1024px\" \/><figcaption class=\"wp-element-caption\"><em>Camilo Ardila, nuevo l\u00edder de la Cl\u00e1sica de Marinilla 2026. (Foto Anderson Bonilla \u00a9 RMC)<\/em><\/figcaption><\/figure>\n<p class=\"has-medium-font-size\"><strong>CLASIFICACIONES COMPLETAS<\/strong><\/p>\n<div data-wp-interactive=\"\" class=\"wp-block-file\"><object data-wp-bind--hidden=\"!selectors.core.file.hasPdfPreview\" hidden class=\"wp-block-file__embed\" data=\"https:\/\/www.revistamundociclistico.com\/wp-content\/uploads\/2026\/09\/elite-sub23-3ra-etapa-marinilla-san-rafael-marinilla-3.pdf\" type=\"application\/pdf\" style=\"width:100%;height:600px\" aria-label=\"Incrustado de elite-sub23-3ra-etapa-marinilla-san-rafael-marinilla-3.\"><\/object><a id=\"wp-block-file--media-e4257b26-1f13-4d68-9e1e-f1e954175c3c\" href=\"https:\/\/www.revistamundociclistico.com\/wp-content\/uploads\/2026\/09\/elite-sub23-3ra-etapa-marinilla-san-rafael-marinilla-3.pdf\">elite-sub23-3ra-etapa-marinilla-san-rafael-marinilla-3<\/a><a href=\"https:\/\/www.revistamundociclistico.com\/wp-content\/uploads\/2026\/09\/elite-sub23-3ra-etapa-marinilla-san-rafael-marinilla-3.pdf\" class=\"wp-block-file__button wp-element-button\" download aria-describedby=\"wp-block-file--media-e4257b26-1f13-4d68-9e1e-f1e954175c3c\">Descarga<\/a><\/div>\n<\/div>\n","protected":false},"excerpt":{"rendered":"<p>En un final lleno de emociones, Camilo Ardila (Nu Colombia) se qued\u00f3 con la tercera jornada de la Cl\u00e1sica de Marinilla 2026, la catalogada etapa reina que cont\u00f3 con un&hellip; <\/p>\n","protected":false},"author":1,"featured_media":2620,"comment_status":"open","ping_status":"closed","sticky":false,"template":"Default","format":"standard","meta":{"om_disable_all_campaigns":false,"_monsterinsights_skip_tracking":false,"fifu_image_url":"https:\/\/www.revistamundociclistico.com\/wp-content\/uploads\/2026\/09\/Camilo-Ardila-Podio-3ET-Clasica-Marinilla-2026-1024x683.jpg","fifu_image_alt":"","footnotes":""},"categories":[9],"tags":[],"class_list":["post-2619","post","type-post","status-publish","format-standard","has-post-thumbnail","hentry","category-deportes"],"_links":{"self":[{"href":"https:\/\/radiomiaboyaca.com\/index.php\/wp-json\/wp\/v2\/posts\/2619","targetHints":{"allow":["GET"]}}],"collection":[{"href":"https:\/\/radiomiaboyaca.com\/index.php\/wp-json\/wp\/v2\/posts"}],"about":[{"href":"https:\/\/radiomiaboyaca.com\/index.php\/wp-json\/wp\/v2\/types\/post"}],"author":[{"embeddable":true,"href":"https:\/\/radiomiaboyaca.com\/index.php\/wp-json\/wp\/v2\/users\/1"}],"replies":[{"embeddable":true,"href":"https:\/\/radiomiaboyaca.com\/index.php\/wp-json\/wp\/v2\/comments?post=2619"}],"version-history":[{"count":1,"href":"https:\/\/radiomiaboyaca.com\/index.php\/wp-json\/wp\/v2\/posts\/2619\/revisions"}],"predecessor-version":[{"id":2621,"href":"https:\/\/radiomiaboyaca.com\/index.php\/wp-json\/wp\/v2\/posts\/2619\/revisions\/2621"}],"wp:featuredmedia":[{"embeddable":true,"href":"https:\/\/radiomiaboyaca.com\/index.php\/wp-json\/wp\/v2\/media\/2620"}],"wp:attachment":[{"href":"https:\/\/radiomiaboyaca.com\/index.php\/wp-json\/wp\/v2\/media?parent=2619"}],"wp:term":[{"taxonomy":"category","embeddable":true,"href":"https:\/\/radiomiaboyaca.com\/index.php\/wp-json\/wp\/v2\/categories?post=2619"},{"taxonomy":"post_tag","embeddable":true,"href":"https:\/\/radiomiaboyaca.com\/index.php\/wp-json\/wp\/v2\/tags?post=2619"}],"curies":[{"name":"wp","href":"https:\/\/api.w.org\/{rel}","templated":true}]}}