{"id":2617,"date":"2026-09-03T20:00:00","date_gmt":"2026-09-04T01:00:00","guid":{"rendered":"https:\/\/radiomiaboyaca.com\/?p=2617"},"modified":"2026-09-04T01:34:13","modified_gmt":"2026-09-04T06:34:13","slug":"santiago-buitrago-mas-lider-de-la-montana-en-la-edicion-81-de-la-vuelta-a-espana","status":"publish","type":"post","link":"https:\/\/radiomiaboyaca.com\/index.php\/2026\/09\/03\/santiago-buitrago-mas-lider-de-la-montana-en-la-edicion-81-de-la-vuelta-a-espana\/","title":{"rendered":"Santiago Buitrago, m\u00e1s l\u00edder de la monta\u00f1a en la edici\u00f3n 81 de la Vuelta a Espa\u00f1a"},"content":{"rendered":"<div id=\"modal-ready\">\n<p>En la clasificaci\u00f3n de los premios de monta\u00f1a en la <strong>Vuelta a Espa\u00f1a 2026<\/strong>, el bogotano <strong>Santiago Buitrago <\/strong>se afianz\u00f3 como el mejor escalador de la tercera grande de la temporada tras hacer parte de la fuga en la decimosegunda etapa de la ronda ib\u00e9rica.<\/p>\n<p>El corredor capitalino del <strong>Bahrain &#8211; Victorious<\/strong> logr\u00f3 sumar puntos valiosos en una de las etapas m\u00e1s exigentes de la carrera espa\u00f1ola para liderar con una ventaja m\u00e1s c\u00f3moda la clasificaci\u00f3n de la camiseta de las pepas azules, tras doce d\u00edas de competencia.<\/p>\n<p><strong>Buitrago contabiliza 52 puntos<\/strong>, 22 unidades m\u00e1s que el belga <strong>Wout van Aert (Team Visma | Lease a Bike) <\/strong>y 28 m\u00e1s que el espa\u00f1ol <strong>Enric Mas (Movistar Team)<\/strong>, l\u00edder s\u00f3lido de la carrera.<\/p>\n<p>Los escarabajos<strong> Iv\u00e1n Ramiro Sosa<\/strong> (Kern Pharma), <strong>Harold Tejada<\/strong> (XDS Astana Team) y J<strong>uan Felipe Rodr\u00edguez<\/strong> (EF Education &#8211; EasyPost), tambi\u00e9n aparecen en el escalaf\u00f3n, pero con pocos puntos.<\/p>\n<p><strong>Clasificaci\u00f3n de la Monta\u00f1a<\/strong><\/p>\n<figure class=\"wp-block-table\">\n<table>\n<tbody>\n<tr>\n<td><strong>1<\/strong><\/td>\n<td><\/td>\n<td><\/td>\n<td><strong>Santiago Buitrago <\/strong><\/td>\n<td><strong>Bahrain &#8211; Victorious<\/strong><\/td>\n<td><strong>52<\/strong><\/td>\n<\/tr>\n<tr>\n<td>2<\/td>\n<td><\/td>\n<td><\/td>\n<td>Wout van Aert <\/td>\n<td>Team Visma | Lease a Bike<\/td>\n<td>30<\/td>\n<\/tr>\n<tr>\n<td>3<\/td>\n<td><\/td>\n<td><\/td>\n<td>Enric Mas <\/td>\n<td>Movistar Team<\/td>\n<td>24<\/td>\n<\/tr>\n<tr>\n<td>4<\/td>\n<td><\/td>\n<td><\/td>\n<td>Alexey Lutsenko <\/td>\n<td>NSN Cycling Team<\/td>\n<td>21<\/td>\n<\/tr>\n<tr>\n<td>5<\/td>\n<td><\/td>\n<td><\/td>\n<td>Andreas Leknessund <\/td>\n<td>Uno-X Mobility<\/td>\n<td>19<\/td>\n<\/tr>\n<tr>\n<td>6<\/td>\n<td><\/td>\n<td><\/td>\n<td>Pavel Sivakov <\/td>\n<td>XDS Astana Team<\/td>\n<td>14<\/td>\n<\/tr>\n<tr>\n<td>7<\/td>\n<td><\/td>\n<td><\/td>\n<td>Lorenzo Fortunato <\/td>\n<td>UAE Team Emirates &#8211; XRG<\/td>\n<td>13<\/td>\n<\/tr>\n<tr>\n<td>8<\/td>\n<td><\/td>\n<td><\/td>\n<td>Jakob Omrzel <\/td>\n<td>Bahrain &#8211; Victorious<\/td>\n<td>12<\/td>\n<\/tr>\n<tr>\n<td>9<\/td>\n<td><\/td>\n<td><\/td>\n<td>Felix Gall <\/td>\n<td>Decathlon CMA CGM Team<\/td>\n<td>11<\/td>\n<\/tr>\n<tr>\n<td>10<\/td>\n<td><\/td>\n<td><\/td>\n<td>Oscar Onley <\/td>\n<td>Netcompany INEOS<\/td>\n<td>10<\/td>\n<\/tr>\n<\/tbody>\n<\/table>\n<\/figure>\n<figure class=\"wp-block-table\">\n<table>\n<tbody>\n<tr>\n<td><strong>26<\/strong><\/td>\n<td><\/td>\n<td><\/td>\n<td><strong>Iv\u00e1n Ramiro Sosa <\/strong><\/td>\n<td><strong>Equipo Kern Pharma<\/strong><\/td>\n<td><strong>4<\/strong><\/td>\n<\/tr>\n<tr>\n<td><strong>30<\/strong><\/td>\n<td><\/td>\n<td><\/td>\n<td><strong>Harold Tejada <\/strong><\/td>\n<td><strong>XDS Astana Team<\/strong><\/td>\n<td><strong>2<\/strong><\/td>\n<\/tr>\n<tr>\n<td><strong>38<\/strong><\/td>\n<td><\/td>\n<td><\/td>\n<td><strong>Juan Felipe Rodr\u00edguez <\/strong><\/td>\n<td><strong>EF Education &#8211; EasyPost<\/strong><\/td>\n<td><strong>1<\/strong><\/td>\n<\/tr>\n<\/tbody>\n<\/table>\n<\/figure>\n<\/div>\n","protected":false},"excerpt":{"rendered":"<p>En la clasificaci\u00f3n de los premios de monta\u00f1a en la Vuelta a Espa\u00f1a 2026, el bogotano Santiago Buitrago se afianz\u00f3 como el mejor escalador de la tercera grande de la&hellip; <\/p>\n","protected":false},"author":1,"featured_media":0,"comment_status":"open","ping_status":"closed","sticky":false,"template":"Default","format":"standard","meta":{"om_disable_all_campaigns":false,"_monsterinsights_skip_tracking":false,"fifu_image_url":"","fifu_image_alt":"","footnotes":""},"categories":[9],"tags":[],"class_list":["post-2617","post","type-post","status-publish","format-standard","hentry","category-deportes"],"_links":{"self":[{"href":"https:\/\/radiomiaboyaca.com\/index.php\/wp-json\/wp\/v2\/posts\/2617","targetHints":{"allow":["GET"]}}],"collection":[{"href":"https:\/\/radiomiaboyaca.com\/index.php\/wp-json\/wp\/v2\/posts"}],"about":[{"href":"https:\/\/radiomiaboyaca.com\/index.php\/wp-json\/wp\/v2\/types\/post"}],"author":[{"embeddable":true,"href":"https:\/\/radiomiaboyaca.com\/index.php\/wp-json\/wp\/v2\/users\/1"}],"replies":[{"embeddable":true,"href":"https:\/\/radiomiaboyaca.com\/index.php\/wp-json\/wp\/v2\/comments?post=2617"}],"version-history":[{"count":1,"href":"https:\/\/radiomiaboyaca.com\/index.php\/wp-json\/wp\/v2\/posts\/2617\/revisions"}],"predecessor-version":[{"id":2618,"href":"https:\/\/radiomiaboyaca.com\/index.php\/wp-json\/wp\/v2\/posts\/2617\/revisions\/2618"}],"wp:attachment":[{"href":"https:\/\/radiomiaboyaca.com\/index.php\/wp-json\/wp\/v2\/media?parent=2617"}],"wp:term":[{"taxonomy":"category","embeddable":true,"href":"https:\/\/radiomiaboyaca.com\/index.php\/wp-json\/wp\/v2\/categories?post=2617"},{"taxonomy":"post_tag","embeddable":true,"href":"https:\/\/radiomiaboyaca.com\/index.php\/wp-json\/wp\/v2\/tags?post=2617"}],"curies":[{"name":"wp","href":"https:\/\/api.w.org\/{rel}","templated":true}]}}