{"id":2612,"date":"2026-09-02T14:10:40","date_gmt":"2026-09-02T19:10:40","guid":{"rendered":"https:\/\/radiomiaboyaca.com\/?p=2612"},"modified":"2026-09-03T01:27:51","modified_gmt":"2026-09-03T06:27:51","slug":"colombia-se-prepara-para-disputar-el-campeonato-mundial-de-ruta-paracycling-en-estados-unidos","status":"publish","type":"post","link":"https:\/\/radiomiaboyaca.com\/index.php\/2026\/09\/02\/colombia-se-prepara-para-disputar-el-campeonato-mundial-de-ruta-paracycling-en-estados-unidos\/","title":{"rendered":"Colombia se prepara para disputar el Campeonato Mundial de Ruta Paracycling en Estados Unidos"},"content":{"rendered":"<p><strong><em>La Selecci\u00f3n Colombia de Paracycling afrontar\u00e1 desde este viernes 4 de septiembre el Campeonato Mundial de Ruta 2026, que tendr\u00e1 como sede a Huntsville, Alabama, Estados Unidos. El pa\u00eds estar\u00e1 representado por diez deportistas y un gu\u00eda, quienes competir\u00e1n en las pruebas de contrarreloj individual y ruta.<\/em><\/strong><\/p>\n<p>El paracycling colombiano vuelve a escena mundial con una delegaci\u00f3n que reunir\u00e1 experiencia, juventud y representaci\u00f3n en diferentes clases deportivas. La cita en Huntsville ser\u00e1 uno de los grandes desaf\u00edos internacionales de la temporada y pondr\u00e1 nuevamente a los corredores nacionales frente a los mejores exponentes del mundo.<\/p>\n<p>El programa oficial del campeonato se extender\u00e1 hasta el lunes 7 de septiembre, con cuatro jornadas de competencia en las que se definir\u00e1n los nuevos campeones mundiales de las diferentes clases.<\/p>\n<p>La n\u00f3mina oficial de la Selecci\u00f3n Colombia est\u00e1 integrada por seis deportistas: Paula Andrea Ossa Veloza (C5), Daniela Carolina M\u00fanevar Fl\u00f3rez (C2), Juan Jos\u00e9 R\u00edos Manosalva (C4), Carlos Andr\u00e9s Vargas Villanueva (C5), C\u00e9sar Alberto Fern\u00e1ndez L\u00f3pez (T1) y Juan Jos\u00e9 Betancourt Quiroga (T2)<\/p>\n<p>Como deportistas avalados tambi\u00e9n har\u00e1n parte de la representaci\u00f3n nacional:<br \/>Juan Andr\u00e9s G\u00f3mez (C4), Edwin Alexander Sandoval (C5), Nelson Javier Serna (B), junto a su gu\u00eda Santiago V\u00e9lez, y Leonardo Favio Var\u00f3n L\u00f3pez (H5)<\/p>\n<p>La delegaci\u00f3n colombiana tendr\u00e1 presencia en las categor\u00edas de bicicletas convencionales, triciclos, t\u00e1ndem y handcycle, de acuerdo con las clases deportivas contempladas por el programa oficial del campeonato.<\/p>\n<p>Los deportistas colombianos tendr\u00e1n presencia en las cuatro jornadas competitivas del Campeonato Mundial de Ruta Paracycling. El programa nacional comenzar\u00e1 con las pruebas de contrarreloj individual y continuar\u00e1 con las carreras de ruta, de acuerdo con las clases deportivas de cada representante.<\/p>\n<p>La primera jornada del Mundial estar\u00e1 dedicada a las pruebas de contrarreloj individual, sobre un circuito de 14,6 kil\u00f3metros, que ser\u00e1 completado una o dos veces dependiendo de la clase deportiva. El recorrido tiene como escenario el Cummings Research Park.<\/p>\n<p>La segunda jornada tambi\u00e9n tendr\u00e1 en acci\u00f3n la contrarreloj individual C2, en la que competir\u00e1 Daniela Carolina Mun\u00e9var, en competencias que se desarrollar\u00e1n entre las 10:00 a.m. y las 5:00 p.m. (horario local), de acuerdo con la programaci\u00f3n oficial.<\/p>\n<p>El domingo comenzar\u00e1 la disputa de las pruebas de ruta sobre un circuito de 13,8 kil\u00f3metros, con diferentes cantidades de vueltas seg\u00fan la clase deportiva. Los colombianos en competencia ser\u00e1n: C\u00e9sar Alberto Fern\u00e1ndez L\u00f3pez \u2013 T1: carrera de ruta, 41,4 km; Juan Jos\u00e9 Betancourt Quiroga \u2013 T2: carrera de ruta, 41,4 km y Leonardo Favio Var\u00f3n L\u00f3pez \u2013 H5: carrera de ruta, 69 km.<\/p>\n<p>Las competencias de T1 y T2 est\u00e1n programadas para las 11:00 a.m., mientras que la prueba masculina H5 est\u00e1 prevista para las 3:05 p.m., de acuerdo con el programa t\u00e9cnico.<\/p>\n<p>La \u00faltima jornada del Mundial, a disputarse el lunes 7, tendr\u00e1 como protagonistas a las categor\u00edas C y B, con recorridos de hasta 110,04 kil\u00f3metros. En competencia estar\u00e1n: Paula Andrea Ossa Veloza \u2013 C5: carrera de ruta, 69 km; Juan Jos\u00e9 R\u00edos Manosalva \u2013 C4: carrera de ruta, 96,6 km; Juan Andr\u00e9s G\u00f3mez \u2013 C4: carrera de ruta, 96,6 km.; Carlos Andr\u00e9s Vargas Villanueva \u2013 C5: carrera de ruta, 96,6 km.; Edwin Alexander Sandoval \u2013 C5: carrera de ruta, 96,6 km. Y Nelson Javier Serna \u2013 B, junto a su gu\u00eda Santiago V\u00e9lez: carrera de ruta, 110,04 km.<\/p>\n<p>Las pruebas de las categor\u00edas C4 y C5 masculinas est\u00e1n programadas a partir de la 1:45 p.m., mientras que la categor\u00eda B masculina tendr\u00e1 su salida prevista para las 4:15 p.m.<\/p>\n<p>La Selecci\u00f3n Colombia afrontar\u00e1 as\u00ed cuatro jornadas de competencia ante la \u00e9lite mundial del paracycling, en un campeonato que re\u00fane las modalidades de bicicleta convencional, triciclo, handcycle y t\u00e1ndem.<\/p>\n<p><strong>Calendario de competencia:<\/strong><\/p>\n<p><strong>Viernes 4 de septiembre &#8211; CRI:<\/strong><br \/>C\u00e9sar Alberto Fern\u00e1ndez L\u00f3pez \u2013 T1: contrarreloj individual, 14,6 km.<br \/>Juan Jos\u00e9 Betancourt Quiroga \u2013 T2: contrarreloj individual, 14,6 km.<br \/>Juan Jos\u00e9 R\u00edos Manosalva \u2013 C4: contrarreloj individual, 29,2 km.<br \/>Juan Andr\u00e9s G\u00f3mez \u2013 C4: contrarreloj individual, 29,2 km.<br \/>Carlos Andr\u00e9s Vargas Villanueva \u2013 C5: contrarreloj individual, 29,2 km.<br \/>Edwin Alexander Sandoval \u2013 C5: contrarreloj individual, 29,2 km.<br \/>Paula Andrea Ossa Veloza \u2013 C5: contrarreloj individual, 29,2 km.<br \/>Leonardo Favio Var\u00f3n L\u00f3pez \u2013 H5: contrarreloj individual, 29,2 km.<br \/>Nelson Javier Serna \u2013 B, junto a su gu\u00eda Santiago V\u00e9lez: contrarreloj individual, 29,2 km.<\/p>\n<p><strong>S\u00e1bado 5 de septiembre &#8211; CRI:<\/strong><br \/>Daniela Carolina M\u00fanevar Fl\u00f3rez \u2013 C2: contrarreloj individual.<\/p>\n<p><strong>Domingo 6 de septiembre &#8211; Carreras de ruta:<\/strong><br \/>C\u00e9sar Alberto Fern\u00e1ndez L\u00f3pez \u2013 T1: carrera de ruta, 41,4 km.<br \/>Juan Jos\u00e9 Betancourt Quiroga \u2013 T2: carrera de ruta, 41,4 km.<br \/>Leonardo Favio Var\u00f3n L\u00f3pez \u2013 H5: carrera de ruta, 69 km.<\/p>\n<p><strong>Lunes 7 de septiembre \u2013 Carreras de ruta<\/strong><br \/>Daniela Carolina M\u00fanevar Fl\u00f3rez \u2013 C2: carrera de ruta, 55,2 km, desde las 10:17 a.m..<br \/>Paula Andrea Ossa Veloza \u2013 C5: carrera de ruta, 69 km, desde las 10:15 a.m..<br \/>Juan Jos\u00e9 R\u00edos Manosalva \u2013 C4: carrera de ruta, 96,6 km, desde las 1:45 p.m.<br \/>Juan Andr\u00e9s G\u00f3mez \u2013 C4: carrera de ruta, 96,6 km, desde las 1:45 p.m.<br \/>Carlos Andr\u00e9s Vargas Villanueva \u2013 C5: carrera de ruta, 96,6 km, desde las 1:47 p.m.<br \/>Edwin Alexander Sandoval \u2013 C5: carrera de ruta, 96,6 km, desde las 1:47 p.m.<br \/>Nelson Javier Serna \u2013 B, junto a su gu\u00eda Santiago V\u00e9lez: carrera de ruta, 110,04 km, desde las 4:15 p.m.<\/p>\n<p><em>Los horarios corresponden al programa oficial del campeonato y pueden estar sujetos a modificaciones por parte de la organizaci\u00f3n.<\/em><\/p>\n","protected":false},"excerpt":{"rendered":"<p>La Selecci\u00f3n Colombia de Paracycling afrontar\u00e1 desde este viernes 4 de septiembre el Campeonato Mundial de Ruta 2026, que tendr\u00e1 como sede a Huntsville, Alabama, Estados Unidos. El pa\u00eds estar\u00e1&hellip; <\/p>\n","protected":false},"author":1,"featured_media":0,"comment_status":"open","ping_status":"closed","sticky":false,"template":"Default","format":"standard","meta":{"om_disable_all_campaigns":false,"_monsterinsights_skip_tracking":false,"fifu_image_url":"","fifu_image_alt":"","footnotes":""},"categories":[20,9,21],"tags":[],"class_list":["post-2612","post","type-post","status-publish","format-standard","hentry","category-dato-del-dia","category-deportes","category-seleccion-del-editor"],"_links":{"self":[{"href":"https:\/\/radiomiaboyaca.com\/index.php\/wp-json\/wp\/v2\/posts\/2612","targetHints":{"allow":["GET"]}}],"collection":[{"href":"https:\/\/radiomiaboyaca.com\/index.php\/wp-json\/wp\/v2\/posts"}],"about":[{"href":"https:\/\/radiomiaboyaca.com\/index.php\/wp-json\/wp\/v2\/types\/post"}],"author":[{"embeddable":true,"href":"https:\/\/radiomiaboyaca.com\/index.php\/wp-json\/wp\/v2\/users\/1"}],"replies":[{"embeddable":true,"href":"https:\/\/radiomiaboyaca.com\/index.php\/wp-json\/wp\/v2\/comments?post=2612"}],"version-history":[{"count":1,"href":"https:\/\/radiomiaboyaca.com\/index.php\/wp-json\/wp\/v2\/posts\/2612\/revisions"}],"predecessor-version":[{"id":2613,"href":"https:\/\/radiomiaboyaca.com\/index.php\/wp-json\/wp\/v2\/posts\/2612\/revisions\/2613"}],"wp:attachment":[{"href":"https:\/\/radiomiaboyaca.com\/index.php\/wp-json\/wp\/v2\/media?parent=2612"}],"wp:term":[{"taxonomy":"category","embeddable":true,"href":"https:\/\/radiomiaboyaca.com\/index.php\/wp-json\/wp\/v2\/categories?post=2612"},{"taxonomy":"post_tag","embeddable":true,"href":"https:\/\/radiomiaboyaca.com\/index.php\/wp-json\/wp\/v2\/tags?post=2612"}],"curies":[{"name":"wp","href":"https:\/\/api.w.org\/{rel}","templated":true}]}}