{"id":2610,"date":"2026-09-02T01:45:06","date_gmt":"2026-09-02T06:45:06","guid":{"rendered":"https:\/\/radiomiaboyaca.com\/?p=2610"},"modified":"2026-09-03T01:27:48","modified_gmt":"2026-09-03T06:27:48","slug":"agenda-de-la-semana-no-solo-se-corre-la-vuelta-a-espana","status":"publish","type":"post","link":"https:\/\/radiomiaboyaca.com\/index.php\/2026\/09\/02\/agenda-de-la-semana-no-solo-se-corre-la-vuelta-a-espana\/","title":{"rendered":"Agenda de la semana: no s\u00f3lo se corre la Vuelta a Espa\u00f1a"},"content":{"rendered":"<p>La agenda de la semana incluye la Vuelta a Espa\u00f1a, una competici\u00f3n que arranc\u00f3 el 22 de agosto y que no finalizar\u00e1 hasta el 13 de septiembre. Pero hay m\u00e1s, mucho m\u00e1s&#8230; tanto en la categor\u00eda masculina como en la femenina.<\/p>\n<p>En el plano masculino, los equipos espa\u00f1oles siguen centrados en la Vuelta. La excepci\u00f3n es<strong> Euskaltel-Euskadi,<\/strong> formaci\u00f3n que viajar\u00e1 hasta los Pa\u00edses Bajos para disputar del 2 al 6 de septiembre una nueva edici\u00f3n del <strong>ZLM Tour<\/strong>, posiblemente una de las carreras m\u00e1s llanas de todo el calendario mundial. Eso s\u00ed, en el final de la semana tenemos el GP Industria&amp;Artigianato, una carrera que abre todo el calendario italiano de cl\u00e1sicas.<\/p>\n<p><strong>CALENDARIO PROFESIONAL MASCULINO<\/strong><br \/>\n22.08 &#8211; 13.09. La Vuelta Ciclista a Espa\u00f1a 2.UWT<br \/>\n02.09 &#8211; 06.09. Lloyds Tour of Britain Men 2.Pro<br \/>\n02.09 &#8211; 06.09. ZLM Tour 2.1<br \/>\n03.09 &#8211; 06.09. Tour of Istanbul 2.1<br \/>\n06.09. GP Industria &amp; Artigianato. 1.Pro<\/p>\n<p><strong>CALENDARIO PROFESIONAL FEMENINO<\/strong><br \/>\n05.09. Tout commence en Finist\u00e8re Ladies Classic. 1.1<br \/>\n06.09. Pointe du Raz Ladies Classic. 1.Pro<\/p>\n<p>La entrada <a rel=\"nofollow\" href=\"https:\/\/www.zikloland.com\/agenda-de-la-semana-no-solo-se-corre-la-vuelta-a-espana\/\">Agenda de la semana: no s\u00f3lo se corre la Vuelta a Espa\u00f1a<\/a> aparece primero en <a rel=\"nofollow\" href=\"https:\/\/www.zikloland.com\">Zikloland<\/a>.<\/p>\n","protected":false},"excerpt":{"rendered":"<p>La agenda de la semana incluye la Vuelta a Espa\u00f1a, una competici\u00f3n que arranc\u00f3 el 22 de agosto y que no finalizar\u00e1 hasta el 13 de septiembre. Pero hay m\u00e1s,&hellip; <\/p>\n","protected":false},"author":1,"featured_media":0,"comment_status":"open","ping_status":"closed","sticky":false,"template":"Default","format":"standard","meta":{"om_disable_all_campaigns":false,"_monsterinsights_skip_tracking":false,"fifu_image_url":"","fifu_image_alt":"","footnotes":""},"categories":[9,1],"tags":[],"class_list":["post-2610","post","type-post","status-publish","format-standard","hentry","category-deportes","category-sin-categoria"],"_links":{"self":[{"href":"https:\/\/radiomiaboyaca.com\/index.php\/wp-json\/wp\/v2\/posts\/2610","targetHints":{"allow":["GET"]}}],"collection":[{"href":"https:\/\/radiomiaboyaca.com\/index.php\/wp-json\/wp\/v2\/posts"}],"about":[{"href":"https:\/\/radiomiaboyaca.com\/index.php\/wp-json\/wp\/v2\/types\/post"}],"author":[{"embeddable":true,"href":"https:\/\/radiomiaboyaca.com\/index.php\/wp-json\/wp\/v2\/users\/1"}],"replies":[{"embeddable":true,"href":"https:\/\/radiomiaboyaca.com\/index.php\/wp-json\/wp\/v2\/comments?post=2610"}],"version-history":[{"count":1,"href":"https:\/\/radiomiaboyaca.com\/index.php\/wp-json\/wp\/v2\/posts\/2610\/revisions"}],"predecessor-version":[{"id":2611,"href":"https:\/\/radiomiaboyaca.com\/index.php\/wp-json\/wp\/v2\/posts\/2610\/revisions\/2611"}],"wp:attachment":[{"href":"https:\/\/radiomiaboyaca.com\/index.php\/wp-json\/wp\/v2\/media?parent=2610"}],"wp:term":[{"taxonomy":"category","embeddable":true,"href":"https:\/\/radiomiaboyaca.com\/index.php\/wp-json\/wp\/v2\/categories?post=2610"},{"taxonomy":"post_tag","embeddable":true,"href":"https:\/\/radiomiaboyaca.com\/index.php\/wp-json\/wp\/v2\/tags?post=2610"}],"curies":[{"name":"wp","href":"https:\/\/api.w.org\/{rel}","templated":true}]}}