{"id":2606,"date":"2026-09-02T12:00:08","date_gmt":"2026-09-02T17:00:08","guid":{"rendered":"https:\/\/radiomiaboyaca.com\/?p=2606"},"modified":"2026-09-03T01:27:48","modified_gmt":"2026-09-03T06:27:48","slug":"victoria-de-natalia-garzon-en-la-segunda-etapa-de-la-clasica-de-marinilla-entre-las-damas-laura-rojas-se-apodera-del-liderato","status":"publish","type":"post","link":"https:\/\/radiomiaboyaca.com\/index.php\/2026\/09\/02\/victoria-de-natalia-garzon-en-la-segunda-etapa-de-la-clasica-de-marinilla-entre-las-damas-laura-rojas-se-apodera-del-liderato\/","title":{"rendered":"Victoria de Natalia Garz\u00f3n en la segunda etapa de la Cl\u00e1sica de Marinilla entre las damas; Laura Rojas se apodera del liderato"},"content":{"rendered":"<div id=\"modal-ready\">\n<p>El <strong>Team Sistecr\u00e9dito<\/strong> plasm\u00f3 su dominio en la segunda etapa de la <strong>Cl\u00e1sica de Marinilla 2026<\/strong>, en la rama femenina, haciendo el 1-2-3 en la segunda etapa, con <strong>Natalia Garz\u00f3n<\/strong> liderando la gesta de su equipo, escoltada por <strong>Laura Rojas<\/strong> y <strong>Diana Pe\u00f1uela<\/strong>.<\/p>\n<p>La <strong>jornada corta de 65 kil\u00f3metros<\/strong>, que se disput\u00f3 entre el municipio de Alejandr\u00eda y el Parque Principal del municipio de Marinilla, <strong>tuvo el control absoluto del Sistecr\u00e9dito<\/strong>, que desde los primeros compases puso un ritmo infernal para seleccionar la carrera.<\/p>\n<p>Al final, detr\u00e1s de la punteras, con un retraso de m\u00e1s de 4 minutos, ingres\u00f3<strong> Angie Mariana Londo\u00f1o (Oro Express)<\/strong> ganadora de la jornada inaugural, que con el tiempo perdido no pudo retener el liderato, que pas\u00f3 a manos de <strong>Laura Rojas (Team Sistecr\u00e9dito)<\/strong>.<\/p>\n<p>La Cl\u00e1sica Nacional \u201cRam\u00f3n Emilio Arcila\u201d continuar\u00e1 este jueves con la<strong> jornada m\u00e1s larga<\/strong>, partiendo de Marinilla, pasando por El Santuario, Granada, San Carlos, San Rafael, Guatap\u00e9 y El Pe\u00f1ol, antes de finalizar en el municipio anfitri\u00f3n.<\/p>\n<p>La tradicional carrera del calendario nacional finalizar\u00e1 este viernes por las calles con un circuito urbano, en el municipio que le pone nombre a la carrera, en el <strong>oriente antioque\u00f1o<\/strong>, donde conoceremos la sucesora de la chilena <strong>Aranza Villal\u00f3n<\/strong>, campeona del a\u00f1o pasado.<\/p>\n<\/div>\n","protected":false},"excerpt":{"rendered":"<p>El Team Sistecr\u00e9dito plasm\u00f3 su dominio en la segunda etapa de la Cl\u00e1sica de Marinilla 2026, en la rama femenina, haciendo el 1-2-3 en la segunda etapa, con Natalia Garz\u00f3n&hellip; <\/p>\n","protected":false},"author":1,"featured_media":0,"comment_status":"open","ping_status":"closed","sticky":false,"template":"Default","format":"standard","meta":{"om_disable_all_campaigns":false,"_monsterinsights_skip_tracking":false,"fifu_image_url":"","fifu_image_alt":"","footnotes":""},"categories":[9],"tags":[],"class_list":["post-2606","post","type-post","status-publish","format-standard","hentry","category-deportes"],"_links":{"self":[{"href":"https:\/\/radiomiaboyaca.com\/index.php\/wp-json\/wp\/v2\/posts\/2606","targetHints":{"allow":["GET"]}}],"collection":[{"href":"https:\/\/radiomiaboyaca.com\/index.php\/wp-json\/wp\/v2\/posts"}],"about":[{"href":"https:\/\/radiomiaboyaca.com\/index.php\/wp-json\/wp\/v2\/types\/post"}],"author":[{"embeddable":true,"href":"https:\/\/radiomiaboyaca.com\/index.php\/wp-json\/wp\/v2\/users\/1"}],"replies":[{"embeddable":true,"href":"https:\/\/radiomiaboyaca.com\/index.php\/wp-json\/wp\/v2\/comments?post=2606"}],"version-history":[{"count":1,"href":"https:\/\/radiomiaboyaca.com\/index.php\/wp-json\/wp\/v2\/posts\/2606\/revisions"}],"predecessor-version":[{"id":2607,"href":"https:\/\/radiomiaboyaca.com\/index.php\/wp-json\/wp\/v2\/posts\/2606\/revisions\/2607"}],"wp:attachment":[{"href":"https:\/\/radiomiaboyaca.com\/index.php\/wp-json\/wp\/v2\/media?parent=2606"}],"wp:term":[{"taxonomy":"category","embeddable":true,"href":"https:\/\/radiomiaboyaca.com\/index.php\/wp-json\/wp\/v2\/categories?post=2606"},{"taxonomy":"post_tag","embeddable":true,"href":"https:\/\/radiomiaboyaca.com\/index.php\/wp-json\/wp\/v2\/tags?post=2606"}],"curies":[{"name":"wp","href":"https:\/\/api.w.org\/{rel}","templated":true}]}}