{"id":2603,"date":"2026-09-02T13:00:00","date_gmt":"2026-09-02T18:00:00","guid":{"rendered":"https:\/\/radiomiaboyaca.com\/?p=2603"},"modified":"2026-09-03T01:27:48","modified_gmt":"2026-09-03T06:27:48","slug":"vuelta-a-espana-2026-matthew-brennan-gano-la-undecima-etapa-y-sumo-su-tercera-victoria","status":"publish","type":"post","link":"https:\/\/radiomiaboyaca.com\/index.php\/2026\/09\/02\/vuelta-a-espana-2026-matthew-brennan-gano-la-undecima-etapa-y-sumo-su-tercera-victoria\/","title":{"rendered":"Vuelta a Espa\u00f1a 2026: Matthew Brennan gan\u00f3 la und\u00e9cima etapa y sum\u00f3 su tercera victoria"},"content":{"rendered":"<div id=\"modal-ready\">\n<p>\u00a1Cero y van tres! <strong>Matthew Brennan<\/strong> lo hizo de nuevo y consigui\u00f3 su tercera victoria en la<strong> Vuelta a Espa\u00f1a 2026<\/strong>. El sprinter brit\u00e1nico volvi\u00f3 a ser el m\u00e1s r\u00e1pido en la definici\u00f3n, esta vez en la und\u00e9cima etapa, una jornada de 153,8 kil\u00f3metros disputada entre las ciudades de Cartagena y Lorca, la Regi\u00f3n de Murcia.<\/p>\n<p>El velocista del <strong>Team Visma | Lease a Bike<\/strong> sac\u00f3 nuevamente a relucir toda se velocidad para derrotar en esta ocasi\u00f3n al franc\u00e9s <strong>Bryan Coquard (Cofidis)<\/strong> y al belga <strong>Jordi Meeus (Red Bull-BORA-hansgrohe)<\/strong>, quienes finalizaron 2\u00b0 y 3\u00b0, respectivamente.<\/p>\n<p>En cuanto a los colombianos, <strong>Harold Tejada (XDS Astana Team) <\/strong>fue el mejor de los nuestros, report\u00e1ndose en el pelot\u00f3n, en el puesto 24\u00b0, luego le siguieron<strong> Santiago Buitrago (Bahrain &#8211; Victorious) <\/strong>en la casilla 65\u00b0 y <strong>Juan Felipe Rodriguez (EF Education &#8211; EasyPost)<\/strong> en la posici\u00f3n 66\u00b0, mientras que <strong>Juan Guillermo Mart\u00ednez (Team Picnic PostNL<\/strong>) e<strong> Iv\u00e1n Ramiro Sosa (Equipo Kern Pharma)<\/strong> llegaron un poco rezagados y cedieron m\u00e1s tiempo.<\/p>\n<p>Con relaci\u00f3n a la clasificaci\u00f3n general individual, el espa\u00f1ol <strong>Enric Mas (Movistar Team)<\/strong> conserv\u00f3 la camisa roja de l\u00edder, mientras que el huilense <strong>Harold Tejada (XDS Astana Team)<\/strong> se mantuvo en el top 10, defendiendo su octavo lugar.<\/p>\n<p>La ronda ib\u00e9rica continuar\u00e1 este jueves con la <strong>decimosegunda etapa<\/strong>, una <strong>jornada rompe-piernas<\/strong> de 166,6 kil\u00f3metros entre Vera y Calar Alto, que <strong>incluye cinco premios de monta\u00f1a<\/strong> y un final en alto.<\/p>\n<p><strong>La Vuelta Ciclista a Espa\u00f1a (2.UWT)<\/strong><br \/><strong>Resultados Etapa 11 | Cartagena &#8211; Lorca (153,8 km)<\/strong><\/p>\n<figure class=\"wp-block-table\">\n<table>\n<tbody>\n<tr>\n<td>1<\/td>\n<td><\/td>\n<td><\/td>\n<td>Matthew Brennan <\/td>\n<td>Team Visma | Lease a Bike<\/td>\n<td><\/td>\n<td>3:17:18<\/td>\n<\/tr>\n<tr>\n<td>2<\/td>\n<td><\/td>\n<td><\/td>\n<td>Bryan Coquard <\/td>\n<td>Cofidis<\/td>\n<td><\/td>\n<td>m.t.<\/td>\n<\/tr>\n<tr>\n<td>3<\/td>\n<td><\/td>\n<td><\/td>\n<td>Jordi Meeus <\/td>\n<td>Red Bull-BORA-hansgrohe<\/td>\n<td><\/td>\n<td>m.t.<\/td>\n<\/tr>\n<tr>\n<td>4<\/td>\n<td><\/td>\n<td><\/td>\n<td>Magnus Cort <\/td>\n<td>Uno-X Mobility<\/td>\n<td><\/td>\n<td>m.t.<\/td>\n<\/tr>\n<tr>\n<td>5<\/td>\n<td><\/td>\n<td><\/td>\n<td>Wout van Aert <\/td>\n<td>Team Visma | Lease a Bike<\/td>\n<td><\/td>\n<td>m.t.<\/td>\n<\/tr>\n<tr>\n<td>6<\/td>\n<td><\/td>\n<td><\/td>\n<td>Hugo Hofstetter <\/td>\n<td>NSN Cycling Team<\/td>\n<td><\/td>\n<td>m.t.<\/td>\n<\/tr>\n<tr>\n<td>7<\/td>\n<td><\/td>\n<td><\/td>\n<td>Bastien Tronchon <\/td>\n<td>Groupama-FDJ United<\/td>\n<td><\/td>\n<td>m.t.<\/td>\n<\/tr>\n<tr>\n<td>8<\/td>\n<td><\/td>\n<td><\/td>\n<td>Alessandro Romele <\/td>\n<td>XDS Astana Team<\/td>\n<td><\/td>\n<td>m.t.<\/td>\n<\/tr>\n<tr>\n<td>9<\/td>\n<td><\/td>\n<td><\/td>\n<td>Matevz Govekar <\/td>\n<td>Bahrain Victorious<\/td>\n<td><\/td>\n<td>m.t.<\/td>\n<\/tr>\n<tr>\n<td>10<\/td>\n<td><\/td>\n<td><\/td>\n<td>Orluis Aular <\/td>\n<td>Movistar Team<\/td>\n<td><\/td>\n<td>m.t.<\/td>\n<\/tr>\n<\/tbody>\n<\/table>\n<\/figure>\n<figure class=\"wp-block-table\">\n<table>\n<tbody>\n<tr>\n<td><strong>24<\/strong><\/td>\n<td><strong>Harold Tejada <\/strong><\/td>\n<td><strong>XDS Astana Team<\/strong><\/td>\n<td><\/td>\n<td><\/td>\n<td><\/td>\n<td><strong>m.t.<\/strong><\/td>\n<\/tr>\n<tr>\n<td><strong>65<\/strong><\/td>\n<td><strong>Santiago Buitrago <\/strong><\/td>\n<td><strong>Bahrain &#8211; Victorious<\/strong><\/td>\n<td><\/td>\n<td><\/td>\n<td><\/td>\n<td><strong>m.t.<\/strong><\/td>\n<\/tr>\n<tr>\n<td><strong>66<\/strong><\/td>\n<td><strong>Juan Felipe Rodr\u00edguez <\/strong><\/td>\n<td><strong>EF Education &#8211; EasyPost<\/strong><\/td>\n<td><\/td>\n<td><\/td>\n<td><\/td>\n<td><strong>m.t.<\/strong><\/td>\n<\/tr>\n<tr>\n<td><strong>151<\/strong><\/td>\n<td><strong>Juan Guillermo Mart\u00ednez <\/strong><\/td>\n<td><strong>Team Picnic PostNL<\/strong><\/td>\n<td><\/td>\n<td><\/td>\n<td><\/td>\n<td><strong>9:39<\/strong><\/td>\n<\/tr>\n<tr>\n<td><strong>161<\/strong><\/td>\n<td><strong>Iv\u00e1n Ramiro Sosa <\/strong><\/td>\n<td><strong>Equipo Kern Pharma<\/strong><\/td>\n<td><\/td>\n<td><\/td>\n<td><\/td>\n<td><strong>10:33<\/strong><\/td>\n<\/tr>\n<\/tbody>\n<\/table>\n<\/figure>\n<figure class=\"wp-block-image size-large\"><img loading=\"lazy\" decoding=\"async\" width=\"1024\" height=\"684\" src=\"https:\/\/www.revistamundociclistico.com\/wp-content\/uploads\/2026\/09\/Enric-Mas-Podio-ET10-Vuelta-Espana-2026-1024x684.jpg\" alt=\"\" class=\"wp-image-214755\" srcset=\"https:\/\/www.revistamundociclistico.com\/wp-content\/uploads\/2026\/09\/Enric-Mas-Podio-ET10-Vuelta-Espana-2026-1024x684.jpg 1024w, https:\/\/www.revistamundociclistico.com\/wp-content\/uploads\/2026\/09\/Enric-Mas-Podio-ET10-Vuelta-Espana-2026-300x201.jpg 300w, https:\/\/www.revistamundociclistico.com\/wp-content\/uploads\/2026\/09\/Enric-Mas-Podio-ET10-Vuelta-Espana-2026-768x513.jpg 768w, https:\/\/www.revistamundociclistico.com\/wp-content\/uploads\/2026\/09\/Enric-Mas-Podio-ET10-Vuelta-Espana-2026-500x334.jpg 500w, https:\/\/www.revistamundociclistico.com\/wp-content\/uploads\/2026\/09\/Enric-Mas-Podio-ET10-Vuelta-Espana-2026-700x468.jpg 700w, https:\/\/www.revistamundociclistico.com\/wp-content\/uploads\/2026\/09\/Enric-Mas-Podio-ET10-Vuelta-Espana-2026.jpg 1200w\" sizes=\"auto, (max-width: 1024px) 100vw, 1024px\" \/><figcaption class=\"wp-element-caption\"><em>El espa\u00f1ol Enric Mas, l\u00edder de la Vuelta a Espa\u00f1a 2026. (Foto \u00a9 La Vuelta)<\/em><\/figcaption><\/figure>\n<p class=\"has-medium-font-size\"><strong>Clasificaci\u00f3n General Individual<\/strong><\/p>\n<figure class=\"wp-block-table\">\n<table>\n<tbody>\n<tr>\n<td>1<\/td>\n<td><\/td>\n<td><\/td>\n<td><\/td>\n<td>Enric Mas <\/td>\n<td>Movistar Team<\/td>\n<td>35:59:02<\/td>\n<\/tr>\n<tr>\n<td>2<\/td>\n<td><\/td>\n<td><\/td>\n<td><\/td>\n<td>Primoz Roglic <\/td>\n<td>Red Bull-BORA-hansgrohe<\/td>\n<td>1:18<\/td>\n<\/tr>\n<tr>\n<td>3<\/td>\n<td><\/td>\n<td><\/td>\n<td><\/td>\n<td>Felix Gall <\/td>\n<td>Decathlon CMA CGM Team<\/td>\n<td>1:39<\/td>\n<\/tr>\n<tr>\n<td>4<\/td>\n<td><\/td>\n<td><\/td>\n<td><\/td>\n<td>Oscar Onley <\/td>\n<td>Netcompany INEOS Cycling Team<\/td>\n<td>2:20<\/td>\n<\/tr>\n<tr>\n<td>5<\/td>\n<td><\/td>\n<td><\/td>\n<td><\/td>\n<td>Richard Carapaz <\/td>\n<td>EF Education-EasyPost<\/td>\n<td>3:26<\/td>\n<\/tr>\n<tr>\n<td>6<\/td>\n<td><\/td>\n<td><\/td>\n<td><\/td>\n<td>Mattias Skjelmose <\/td>\n<td>Lidl-Trek<\/td>\n<td>3:55<\/td>\n<\/tr>\n<tr>\n<td>7<\/td>\n<td><\/td>\n<td><\/td>\n<td><\/td>\n<td>Sepp Kuss <\/td>\n<td>Team Visma | Lease a Bike<\/td>\n<td>4:09<\/td>\n<\/tr>\n<tr>\n<td><strong>8<\/strong><\/td>\n<td><\/td>\n<td><\/td>\n<td><\/td>\n<td><strong>Harold Tejada <\/strong><\/td>\n<td><strong>XDS Astana Team<\/strong><\/td>\n<td><strong>4:39<\/strong><\/td>\n<\/tr>\n<tr>\n<td>9<\/td>\n<td><\/td>\n<td><\/td>\n<td><\/td>\n<td>Gregor M\u00fchlberger <\/td>\n<td>Decathlon CMA CGM Team<\/td>\n<td>7:33<\/td>\n<\/tr>\n<tr>\n<td>10<\/td>\n<td><\/td>\n<td><\/td>\n<td><\/td>\n<td>Jakob Omrzel <\/td>\n<td>Bahrain Victorious<\/td>\n<td>8:05<\/td>\n<\/tr>\n<\/tbody>\n<\/table>\n<\/figure>\n<figure class=\"wp-block-table\">\n<table>\n<tbody>\n<tr>\n<td><strong>17<\/strong><\/td>\n<td><\/td>\n<td><\/td>\n<td><strong>Juan Felipe Rodriguez <\/strong><\/td>\n<td><strong>EF Education &#8211; EasyPost<\/strong><\/td>\n<td><\/td>\n<td><\/td>\n<td><strong>16:54<\/strong><\/td>\n<\/tr>\n<tr>\n<td><strong>26<\/strong><\/td>\n<td><\/td>\n<td><\/td>\n<td><strong>Santiago Buitrago <\/strong><\/td>\n<td><strong>Bahrain &#8211; Victorious<\/strong><\/td>\n<td><\/td>\n<td><\/td>\n<td><strong>41:12<\/strong><\/td>\n<\/tr>\n<tr>\n<td><strong>120<\/strong><\/td>\n<td><\/td>\n<td><\/td>\n<td><strong>Iv\u00e1n Ramiro Sosa <\/strong><\/td>\n<td><strong>Equipo Kern Pharma<\/strong><\/td>\n<td><\/td>\n<td><\/td>\n<td><strong>1:50:20<\/strong><\/td>\n<\/tr>\n<tr>\n<td><strong>155<\/strong><\/td>\n<td><\/td>\n<td><\/td>\n<td><strong>Juan Guillermo Mart\u00ednez<\/strong><\/td>\n<td><strong>Team Picnic PostNL<\/strong><\/td>\n<td><\/td>\n<td><\/td>\n<td><strong>2:17:55<\/strong><\/td>\n<\/tr>\n<\/tbody>\n<\/table>\n<\/figure>\n<\/div>\n","protected":false},"excerpt":{"rendered":"<p>\u00a1Cero y van tres! Matthew Brennan lo hizo de nuevo y consigui\u00f3 su tercera victoria en la Vuelta a Espa\u00f1a 2026. El sprinter brit\u00e1nico volvi\u00f3 a ser el m\u00e1s r\u00e1pido&hellip; <\/p>\n","protected":false},"author":1,"featured_media":2604,"comment_status":"open","ping_status":"closed","sticky":false,"template":"Default","format":"standard","meta":{"om_disable_all_campaigns":false,"_monsterinsights_skip_tracking":false,"fifu_image_url":"https:\/\/www.revistamundociclistico.com\/wp-content\/uploads\/2026\/09\/Enric-Mas-Podio-ET10-Vuelta-Espana-2026-1024x684.jpg","fifu_image_alt":"","footnotes":""},"categories":[9],"tags":[],"class_list":["post-2603","post","type-post","status-publish","format-standard","has-post-thumbnail","hentry","category-deportes"],"_links":{"self":[{"href":"https:\/\/radiomiaboyaca.com\/index.php\/wp-json\/wp\/v2\/posts\/2603","targetHints":{"allow":["GET"]}}],"collection":[{"href":"https:\/\/radiomiaboyaca.com\/index.php\/wp-json\/wp\/v2\/posts"}],"about":[{"href":"https:\/\/radiomiaboyaca.com\/index.php\/wp-json\/wp\/v2\/types\/post"}],"author":[{"embeddable":true,"href":"https:\/\/radiomiaboyaca.com\/index.php\/wp-json\/wp\/v2\/users\/1"}],"replies":[{"embeddable":true,"href":"https:\/\/radiomiaboyaca.com\/index.php\/wp-json\/wp\/v2\/comments?post=2603"}],"version-history":[{"count":1,"href":"https:\/\/radiomiaboyaca.com\/index.php\/wp-json\/wp\/v2\/posts\/2603\/revisions"}],"predecessor-version":[{"id":2605,"href":"https:\/\/radiomiaboyaca.com\/index.php\/wp-json\/wp\/v2\/posts\/2603\/revisions\/2605"}],"wp:featuredmedia":[{"embeddable":true,"href":"https:\/\/radiomiaboyaca.com\/index.php\/wp-json\/wp\/v2\/media\/2604"}],"wp:attachment":[{"href":"https:\/\/radiomiaboyaca.com\/index.php\/wp-json\/wp\/v2\/media?parent=2603"}],"wp:term":[{"taxonomy":"category","embeddable":true,"href":"https:\/\/radiomiaboyaca.com\/index.php\/wp-json\/wp\/v2\/categories?post=2603"},{"taxonomy":"post_tag","embeddable":true,"href":"https:\/\/radiomiaboyaca.com\/index.php\/wp-json\/wp\/v2\/tags?post=2603"}],"curies":[{"name":"wp","href":"https:\/\/api.w.org\/{rel}","templated":true}]}}