{"id":2601,"date":"2026-09-02T14:00:31","date_gmt":"2026-09-02T19:00:31","guid":{"rendered":"https:\/\/radiomiaboyaca.com\/?p=2601"},"modified":"2026-09-03T01:27:47","modified_gmt":"2026-09-03T06:27:47","slug":"estreno-ganador-de-andres-mancipe-con-el-team-hino-en-la-vuelta-a-honduras","status":"publish","type":"post","link":"https:\/\/radiomiaboyaca.com\/index.php\/2026\/09\/02\/estreno-ganador-de-andres-mancipe-con-el-team-hino-en-la-vuelta-a-honduras\/","title":{"rendered":"Estreno ganador de Andr\u00e9s Mancipe con el Team Hino en la Vuelta a Honduras"},"content":{"rendered":"<div id=\"modal-ready\">\n<p>El boyacense <strong>Andr\u00e9s Mancipe<\/strong>, \u00faltima incorporaci\u00f3n de equipo continental guatemalteco <strong>Hino-One-La Red-Suzuki Team Hino<\/strong>, debut\u00f3 este mi\u00e9rcoles con su nuevo equipo en la <strong>Vuelta a Honduras<\/strong> y lo hizo de gran manera, llev\u00e1ndose la victoria en la primera etapa. El recorrido comprendi\u00f3 un exigente trayecto desde Potrerillos hasta Pulhapanzak, con 135 kil\u00f3metros de recorrido.<\/p>\n<p>Mancipe estuvo presente en la fuga que definir\u00eda al ganador de la primera etapa y, en los \u00faltimos kil\u00f3metros, cuando comenz\u00f3 la monta\u00f1a, <strong>lanz\u00f3 un ataque certero<\/strong> que le permiti\u00f3 marcharse en solitario, conquistar la etapa y convertirse en el <strong>primer l\u00edder de la competencia<\/strong>, as\u00ed como en el mejor de la monta\u00f1a al ganar el \u00fanico puerto del d\u00eda de segunda categor\u00eda en la meta final.<\/p>\n<p>La jornada fue redonda para el conjunto chap\u00edn, con <strong>Mardoqueo V\u00e1squez<\/strong> ocupando la segunda posici\u00f3n, dominando los primeros puestos de la clasificaci\u00f3n general. Adem\u00e1s, <strong>Yesid Pira<\/strong> y <strong>Melvin Torres<\/strong> se metieron en el Top 10 de la etapa, confirmando el gran inicio del Hino en la ronda hondure\u00f1a.<\/p>\n<p>La carrera centroamericana vivir\u00e1 este jueves la <strong>segunda etapa<\/strong>, saliendo del municipio de la <strong>Pimienta <\/strong>para llegar a la <strong>Represa Hidroel\u00e9ctrica El Caj\u00f3n<\/strong>, en un recorrido de 118 kil\u00f3metros, que incluye tres puertos categorizados y un final en alto.<\/p>\n<\/div>\n","protected":false},"excerpt":{"rendered":"<p>El boyacense Andr\u00e9s Mancipe, \u00faltima incorporaci\u00f3n de equipo continental guatemalteco Hino-One-La Red-Suzuki Team Hino, debut\u00f3 este mi\u00e9rcoles con su nuevo equipo en la Vuelta a Honduras y lo hizo de&hellip; <\/p>\n","protected":false},"author":1,"featured_media":0,"comment_status":"open","ping_status":"closed","sticky":false,"template":"Default","format":"standard","meta":{"om_disable_all_campaigns":false,"_monsterinsights_skip_tracking":false,"fifu_image_url":"","fifu_image_alt":"","footnotes":""},"categories":[9],"tags":[],"class_list":["post-2601","post","type-post","status-publish","format-standard","hentry","category-deportes"],"_links":{"self":[{"href":"https:\/\/radiomiaboyaca.com\/index.php\/wp-json\/wp\/v2\/posts\/2601","targetHints":{"allow":["GET"]}}],"collection":[{"href":"https:\/\/radiomiaboyaca.com\/index.php\/wp-json\/wp\/v2\/posts"}],"about":[{"href":"https:\/\/radiomiaboyaca.com\/index.php\/wp-json\/wp\/v2\/types\/post"}],"author":[{"embeddable":true,"href":"https:\/\/radiomiaboyaca.com\/index.php\/wp-json\/wp\/v2\/users\/1"}],"replies":[{"embeddable":true,"href":"https:\/\/radiomiaboyaca.com\/index.php\/wp-json\/wp\/v2\/comments?post=2601"}],"version-history":[{"count":1,"href":"https:\/\/radiomiaboyaca.com\/index.php\/wp-json\/wp\/v2\/posts\/2601\/revisions"}],"predecessor-version":[{"id":2602,"href":"https:\/\/radiomiaboyaca.com\/index.php\/wp-json\/wp\/v2\/posts\/2601\/revisions\/2602"}],"wp:attachment":[{"href":"https:\/\/radiomiaboyaca.com\/index.php\/wp-json\/wp\/v2\/media?parent=2601"}],"wp:term":[{"taxonomy":"category","embeddable":true,"href":"https:\/\/radiomiaboyaca.com\/index.php\/wp-json\/wp\/v2\/categories?post=2601"},{"taxonomy":"post_tag","embeddable":true,"href":"https:\/\/radiomiaboyaca.com\/index.php\/wp-json\/wp\/v2\/tags?post=2601"}],"curies":[{"name":"wp","href":"https:\/\/api.w.org\/{rel}","templated":true}]}}