{"id":2598,"date":"2026-09-02T14:15:00","date_gmt":"2026-09-02T19:15:00","guid":{"rendered":"https:\/\/radiomiaboyaca.com\/?p=2598"},"modified":"2026-09-03T01:27:47","modified_gmt":"2026-09-03T06:27:47","slug":"kevin-castillo-sale-victorioso-en-el-segundo-capitulo-de-la-clasica-de-marinilla-wilson-pena-sigue-lider","status":"publish","type":"post","link":"https:\/\/radiomiaboyaca.com\/index.php\/2026\/09\/02\/kevin-castillo-sale-victorioso-en-el-segundo-capitulo-de-la-clasica-de-marinilla-wilson-pena-sigue-lider\/","title":{"rendered":"Kevin Castillo sale victorioso en el segundo cap\u00edtulo de la Cl\u00e1sica de Marinilla; Wilson Pe\u00f1a sigue l\u00edder"},"content":{"rendered":"<div id=\"modal-ready\">\n<p>El risaraldense <strong>Kevin Castillo (Orgullo Paisa) <\/strong>se impuso en la segunda etapa de la <strong>Cl\u00e1sica de Marinilla 2026<\/strong>, una jornada corta de 67 kil\u00f3metros, que se corri\u00f3 entre el parque de Alejandr\u00eda, pasando por Concepci\u00f3n y San Vicente para llegar nuevamente al Parque Principal del municipio que le pone nombre a la carrera.<\/p>\n<p>El &#8216;Cafeterito&#8217; como es conocido en el \u00e1mbito cicl\u00edstico le gan\u00f3 en la definici\u00f3n al tolimense <strong>Camilo Ardila (NU Colombia) <\/strong>y al boyacense <strong>Robinson L\u00f3pez (GW Erco Sportfitness)<\/strong>, quienes se reportaron 2\u00b0 y 3\u00b0, respectivamente, ambos con mismo tiempo del ganador.<\/p>\n<p>El l\u00edder, el zipaquire\u00f1o <strong>Wilson Pe\u00f1a <\/strong>entr\u00f3 en la cuarta posici\u00f3n y mantuvo el liderato, por lo que la general se mantuvo igual con <strong>Camilo Ardila (NU Colombia)<\/strong> en la segunda posici\u00f3n y con <strong>Bernardo Suaza (Orgullo Paisa) <\/strong>completando el podio parcial.<\/p>\n<p>La <strong>Cl\u00e1sica Nacional \u201cRam\u00f3n Emilio Arcila\u201d<\/strong>, que tiene como escenario el oriente antioque\u00f1o, continuar\u00e1 este jueves con <strong>la jornada m\u00e1s larga<\/strong>, que se tendr\u00e1 un recorrido de 155 kil\u00f3metros, partiendo de Marinilla, atravesando El Santuario, Granada, San Carlos, San Rafael, Guatap\u00e9 y El Pe\u00f1ol, antes de finalizar en el municipio anfitri\u00f3n.<\/p>\n<p><strong>Top 10 \u2013 Segunda Etapa Cl\u00e1sica de Marinilla 2026<\/strong><\/p>\n<figure class=\"wp-block-table\">\n<table>\n<tbody>\n<tr>\n<td><strong>1<\/strong><\/td>\n<td><\/td>\n<td><\/td>\n<td><strong>Kevin Castillo<\/strong><\/td>\n<td><strong>Orgullo Paisa<\/strong><\/td>\n<td><\/td>\n<td><strong>1:24:55<\/strong><\/td>\n<\/tr>\n<tr>\n<td>2<\/td>\n<td><\/td>\n<td><\/td>\n<td>Camio Ardila<\/td>\n<td>Nu Colombia<\/td>\n<td><\/td>\n<td>m.t.<\/td>\n<\/tr>\n<tr>\n<td>3<\/td>\n<td><\/td>\n<td><\/td>\n<td>Robinson L\u00f3pez <\/td>\n<td>GW Erco Sportfitness<\/td>\n<td><\/td>\n<td>m.t.<\/td>\n<\/tr>\n<tr>\n<td>4<\/td>\n<td><\/td>\n<td><\/td>\n<td>Wilson Pe\u00f1a<\/td>\n<td>Team Sistecr\u00e9dito<\/td>\n<td><\/td>\n<td>m.t.<\/td>\n<\/tr>\n<tr>\n<td>5<\/td>\n<td><\/td>\n<td><\/td>\n<td>Bernardo Suaza<\/td>\n<td>Orgullo Paisa<\/td>\n<td><\/td>\n<td>m.t.<\/td>\n<\/tr>\n<tr>\n<td>6<\/td>\n<td><\/td>\n<td><\/td>\n<td>Jos\u00e9 Manuel Ortiz<\/td>\n<td>Team Sistecr\u00e9dito<\/td>\n<td><\/td>\n<td>0:09<\/td>\n<\/tr>\n<tr>\n<td>7<\/td>\n<td><\/td>\n<td><\/td>\n<td>Juan Pablo Colmenares<\/td>\n<td>Orgullo Paisa<\/td>\n<td><\/td>\n<td>0:09<\/td>\n<\/tr>\n<tr>\n<td>8<\/td>\n<td><\/td>\n<td><\/td>\n<td>Alexander Gil<\/td>\n<td>GW Erco Sportfitness<\/td>\n<td><\/td>\n<td>0:13<\/td>\n<\/tr>\n<tr>\n<td>9<\/td>\n<td><\/td>\n<td><\/td>\n<td>Alejandro Osorio<\/td>\n<td>Orgullo Paisa<\/td>\n<td><\/td>\n<td>1:14<\/td>\n<\/tr>\n<tr>\n<td>10<\/td>\n<td><\/td>\n<td><\/td>\n<td>Sergio Henao<\/td>\n<td>Nu Colombia<\/td>\n<td><\/td>\n<td>1:26<\/td>\n<\/tr>\n<\/tbody>\n<\/table>\n<\/figure>\n<figure class=\"wp-block-image size-large\"><img fetchpriority=\"high\" decoding=\"async\" width=\"1024\" height=\"684\" src=\"https:\/\/www.revistamundociclistico.com\/wp-content\/uploads\/2026\/09\/Wilson-Pena-Podio-1ET-Lider-Clasica-Marinilla-2026-1024x684.jpg\" alt=\"\" class=\"wp-image-214746\" srcset=\"https:\/\/www.revistamundociclistico.com\/wp-content\/uploads\/2026\/09\/Wilson-Pena-Podio-1ET-Lider-Clasica-Marinilla-2026-1024x684.jpg 1024w, https:\/\/www.revistamundociclistico.com\/wp-content\/uploads\/2026\/09\/Wilson-Pena-Podio-1ET-Lider-Clasica-Marinilla-2026-300x200.jpg 300w, https:\/\/www.revistamundociclistico.com\/wp-content\/uploads\/2026\/09\/Wilson-Pena-Podio-1ET-Lider-Clasica-Marinilla-2026-768x513.jpg 768w, https:\/\/www.revistamundociclistico.com\/wp-content\/uploads\/2026\/09\/Wilson-Pena-Podio-1ET-Lider-Clasica-Marinilla-2026-500x334.jpg 500w, https:\/\/www.revistamundociclistico.com\/wp-content\/uploads\/2026\/09\/Wilson-Pena-Podio-1ET-Lider-Clasica-Marinilla-2026-700x467.jpg 700w, https:\/\/www.revistamundociclistico.com\/wp-content\/uploads\/2026\/09\/Wilson-Pena-Podio-1ET-Lider-Clasica-Marinilla-2026.jpg 1200w\" sizes=\"(max-width: 1024px) 100vw, 1024px\" \/><figcaption class=\"wp-element-caption\"><em>Wilson Pe\u00f1a, l\u00edder de la Cl\u00e1sica de Marinilla 2026. (Foto Anderson Bonilla \u00a9 RMC)<\/em><\/figcaption><\/figure>\n<p class=\"has-medium-font-size\"><strong>Clasificaci\u00f3n General Individual<\/strong><\/p>\n<figure class=\"wp-block-table\">\n<table>\n<tbody>\n<tr>\n<td><strong>1<\/strong><\/td>\n<td><\/td>\n<td><\/td>\n<td><strong>Wilson Pe\u00f1a<\/strong><\/td>\n<td><strong>Team Sistecr\u00e9dito<\/strong><\/td>\n<td><\/td>\n<td><strong>1:52:10<\/strong><\/td>\n<\/tr>\n<tr>\n<td>2<\/td>\n<td><\/td>\n<td><\/td>\n<td>Camio Ardila<\/td>\n<td>Nu Colombia<\/td>\n<td><\/td>\n<td>0:28<\/td>\n<\/tr>\n<tr>\n<td>3<\/td>\n<td><\/td>\n<td><\/td>\n<td>Bernardo Suaza<\/td>\n<td>Orgullo Paisa<\/td>\n<td><\/td>\n<td>0:57<\/td>\n<\/tr>\n<tr>\n<td>4<\/td>\n<td><\/td>\n<td><\/td>\n<td>Kevin Castillo<\/td>\n<td>Orgullo Paisa<\/td>\n<td><\/td>\n<td>0:57<\/td>\n<\/tr>\n<tr>\n<td>5<\/td>\n<td><\/td>\n<td><\/td>\n<td>Jos\u00e9 Manuel Ortiz<\/td>\n<td>Team Sistecr\u00e9dito<\/td>\n<td><\/td>\n<td>1:32<\/td>\n<\/tr>\n<tr>\n<td>6<\/td>\n<td><\/td>\n<td><\/td>\n<td>Alexander Gil<\/td>\n<td>GW Erco Sportfitness<\/td>\n<td><\/td>\n<td>1:34<\/td>\n<\/tr>\n<tr>\n<td>7<\/td>\n<td><\/td>\n<td><\/td>\n<td>Robinson L\u00f3pez<\/td>\n<td>GW Erco Sportfitness<\/td>\n<td><\/td>\n<td>1:39<\/td>\n<\/tr>\n<tr>\n<td>8<\/td>\n<td><\/td>\n<td><\/td>\n<td>Juan Pablo Colmenares<\/td>\n<td>Orgullo Paisa<\/td>\n<td><\/td>\n<td>1:59<\/td>\n<\/tr>\n<tr>\n<td>9<\/td>\n<td><\/td>\n<td><\/td>\n<td>Jaider Mu\u00f1oz<\/td>\n<td>Team Sistecr\u00e9dito<\/td>\n<td><\/td>\n<td>2:32<\/td>\n<\/tr>\n<tr>\n<td>10<\/td>\n<td><\/td>\n<td><\/td>\n<td>Felipe Bravo<\/td>\n<td>GW Erco Sportfitness<\/td>\n<td><\/td>\n<td>2:32<\/td>\n<\/tr>\n<\/tbody>\n<\/table>\n<\/figure>\n<\/div>\n","protected":false},"excerpt":{"rendered":"<p>El risaraldense Kevin Castillo (Orgullo Paisa) se impuso en la segunda etapa de la Cl\u00e1sica de Marinilla 2026, una jornada corta de 67 kil\u00f3metros, que se corri\u00f3 entre el parque&hellip; <\/p>\n","protected":false},"author":1,"featured_media":2599,"comment_status":"open","ping_status":"closed","sticky":false,"template":"Default","format":"standard","meta":{"om_disable_all_campaigns":false,"_monsterinsights_skip_tracking":false,"fifu_image_url":"https:\/\/www.revistamundociclistico.com\/wp-content\/uploads\/2026\/09\/Wilson-Pena-Podio-1ET-Lider-Clasica-Marinilla-2026-1024x684.jpg","fifu_image_alt":"","footnotes":""},"categories":[9],"tags":[],"class_list":["post-2598","post","type-post","status-publish","format-standard","has-post-thumbnail","hentry","category-deportes"],"_links":{"self":[{"href":"https:\/\/radiomiaboyaca.com\/index.php\/wp-json\/wp\/v2\/posts\/2598","targetHints":{"allow":["GET"]}}],"collection":[{"href":"https:\/\/radiomiaboyaca.com\/index.php\/wp-json\/wp\/v2\/posts"}],"about":[{"href":"https:\/\/radiomiaboyaca.com\/index.php\/wp-json\/wp\/v2\/types\/post"}],"author":[{"embeddable":true,"href":"https:\/\/radiomiaboyaca.com\/index.php\/wp-json\/wp\/v2\/users\/1"}],"replies":[{"embeddable":true,"href":"https:\/\/radiomiaboyaca.com\/index.php\/wp-json\/wp\/v2\/comments?post=2598"}],"version-history":[{"count":1,"href":"https:\/\/radiomiaboyaca.com\/index.php\/wp-json\/wp\/v2\/posts\/2598\/revisions"}],"predecessor-version":[{"id":2600,"href":"https:\/\/radiomiaboyaca.com\/index.php\/wp-json\/wp\/v2\/posts\/2598\/revisions\/2600"}],"wp:featuredmedia":[{"embeddable":true,"href":"https:\/\/radiomiaboyaca.com\/index.php\/wp-json\/wp\/v2\/media\/2599"}],"wp:attachment":[{"href":"https:\/\/radiomiaboyaca.com\/index.php\/wp-json\/wp\/v2\/media?parent=2598"}],"wp:term":[{"taxonomy":"category","embeddable":true,"href":"https:\/\/radiomiaboyaca.com\/index.php\/wp-json\/wp\/v2\/categories?post=2598"},{"taxonomy":"post_tag","embeddable":true,"href":"https:\/\/radiomiaboyaca.com\/index.php\/wp-json\/wp\/v2\/tags?post=2598"}],"curies":[{"name":"wp","href":"https:\/\/api.w.org\/{rel}","templated":true}]}}