{"id":2596,"date":"2026-09-01T05:30:05","date_gmt":"2026-09-01T10:30:05","guid":{"rendered":"https:\/\/radiomiaboyaca.com\/?p=2596"},"modified":"2026-09-02T01:23:20","modified_gmt":"2026-09-02T06:23:20","slug":"vuelta-a-espana-la-segunda-semana-arranca-con-un-dia-de-media-montana","status":"publish","type":"post","link":"https:\/\/radiomiaboyaca.com\/index.php\/2026\/09\/01\/vuelta-a-espana-la-segunda-semana-arranca-con-un-dia-de-media-montana\/","title":{"rendered":"Vuelta a Espa\u00f1a: la segunda semana arranca con un d\u00eda de media monta\u00f1a"},"content":{"rendered":"<p>La 10\u00aa etapa de la Vuelta a Espa\u00f1a significa el regreso a la competici\u00f3n para unos ciclistas que ya han tenido el tiempo necesario para asimilar la ca\u00edda y abandono de Tadej Pogacar. Entramos en una nueva fase de la carrera, con un control mucho menos f\u00e9rreo por parte del equipo del l\u00edder y con m\u00e1s emoci\u00f3n en la pelea por la general.<\/p>\n<p>La etapa comienza en <strong>Alcaraz<\/strong> y finaliza en <strong>Elche de la Sierra<\/strong>. En total, son 185 kil\u00f3metros de un perfil que s\u00f3lo incluye tres puertos puntuables y todos ellos son de 3\u00aa categor\u00eda. En principio, no parece una jornada dura, pero si vamos m\u00e1s all\u00e1 vemos que es un d\u00eda con casi <strong>3.000 metros de desnivel<\/strong> acumulado, con un final con tendencia claramente ascendente&#8230; y que desde luego no ser\u00e1 nada sencillo para que un equipo pueda controlar.<\/p>\n<p><strong>Visma-Lease a Bike<\/strong> podr\u00eda plantearse el d\u00eda como una jornada buena para sus velocistas. Pero tal vez es mucho mejor jugar al ataque e intentar meter a sus mejores corredores en la escapada del d\u00eda. Y es que a estas alturas y sin UAE en plan apisonadora, es obvio que Movistar no tiene mucho inter\u00e9s por controlar el pelot\u00f3n con mano de hierro, puesto que su \u00fanica inter\u00e9s es acompa\u00f1ar y escoltar a <strong>Enric Mas<\/strong> de la mejor forma posible. Y eso a veces exige ahorrar energ\u00eda.<\/p>\n<p>FOTO: PROCYCLINGSTATS.COM<\/p>\n<p>La entrada <a rel=\"nofollow\" href=\"https:\/\/www.zikloland.com\/vuelta-a-espana-la-segunda-semana-arranca-con-un-dia-de-media-montana\/\">Vuelta a Espa\u00f1a: la segunda semana arranca con un d\u00eda de media monta\u00f1a<\/a> aparece primero en <a rel=\"nofollow\" href=\"https:\/\/www.zikloland.com\">Zikloland<\/a>.<\/p>\n","protected":false},"excerpt":{"rendered":"<p>La 10\u00aa etapa de la Vuelta a Espa\u00f1a significa el regreso a la competici\u00f3n para unos ciclistas que ya han tenido el tiempo necesario para asimilar la ca\u00edda y abandono&hellip; <\/p>\n","protected":false},"author":1,"featured_media":0,"comment_status":"open","ping_status":"closed","sticky":false,"template":"Default","format":"standard","meta":{"om_disable_all_campaigns":false,"_monsterinsights_skip_tracking":false,"fifu_image_url":"","fifu_image_alt":"","footnotes":""},"categories":[9,1],"tags":[],"class_list":["post-2596","post","type-post","status-publish","format-standard","hentry","category-deportes","category-sin-categoria"],"_links":{"self":[{"href":"https:\/\/radiomiaboyaca.com\/index.php\/wp-json\/wp\/v2\/posts\/2596","targetHints":{"allow":["GET"]}}],"collection":[{"href":"https:\/\/radiomiaboyaca.com\/index.php\/wp-json\/wp\/v2\/posts"}],"about":[{"href":"https:\/\/radiomiaboyaca.com\/index.php\/wp-json\/wp\/v2\/types\/post"}],"author":[{"embeddable":true,"href":"https:\/\/radiomiaboyaca.com\/index.php\/wp-json\/wp\/v2\/users\/1"}],"replies":[{"embeddable":true,"href":"https:\/\/radiomiaboyaca.com\/index.php\/wp-json\/wp\/v2\/comments?post=2596"}],"version-history":[{"count":1,"href":"https:\/\/radiomiaboyaca.com\/index.php\/wp-json\/wp\/v2\/posts\/2596\/revisions"}],"predecessor-version":[{"id":2597,"href":"https:\/\/radiomiaboyaca.com\/index.php\/wp-json\/wp\/v2\/posts\/2596\/revisions\/2597"}],"wp:attachment":[{"href":"https:\/\/radiomiaboyaca.com\/index.php\/wp-json\/wp\/v2\/media?parent=2596"}],"wp:term":[{"taxonomy":"category","embeddable":true,"href":"https:\/\/radiomiaboyaca.com\/index.php\/wp-json\/wp\/v2\/categories?post=2596"},{"taxonomy":"post_tag","embeddable":true,"href":"https:\/\/radiomiaboyaca.com\/index.php\/wp-json\/wp\/v2\/tags?post=2596"}],"curies":[{"name":"wp","href":"https:\/\/api.w.org\/{rel}","templated":true}]}}