{"id":2594,"date":"2026-09-01T09:00:24","date_gmt":"2026-09-01T14:00:24","guid":{"rendered":"https:\/\/radiomiaboyaca.com\/?p=2594"},"modified":"2026-09-02T01:23:19","modified_gmt":"2026-09-02T06:23:19","slug":"tadej-pogacar-operado-en-barcelona-futuro-incierto-en-cuanto-al-final-de-la-temporada","status":"publish","type":"post","link":"https:\/\/radiomiaboyaca.com\/index.php\/2026\/09\/01\/tadej-pogacar-operado-en-barcelona-futuro-incierto-en-cuanto-al-final-de-la-temporada\/","title":{"rendered":"Tadej Pogacar operado en Barcelona; futuro incierto en cuanto al final de la temporada"},"content":{"rendered":"<div id=\"modal-ready\">\n<p>En <strong>Barcelona<\/strong>, a donde lleg\u00f3 trasladado en ambulancia el s\u00e1bado anterior luego de la ca\u00edda que le cost\u00f3 el abandono de la <strong>Vuelta a Espa\u00f1a<\/strong> que lideraba brillantemente desde la primera etapa,\u00a0fue intervenido quir\u00fargicamente el formidable rutero <strong>Tadej Pogacar.<\/strong><\/p>\n<p>El astro esloveno fue operado exitosamente en relaci\u00f3n con la<strong> fractura de su clav\u00edcula izquierda<\/strong> y en dos o tres d\u00edas ser\u00e1 dado de alta para regresar a su lugar de residencia en <strong>M\u00f3naco<\/strong>, curiosamente el lugar de donde parti\u00f3 la ronda ib\u00e9rica y seguir\u00e1 bajo control m\u00e9dico del staff de su escuadra <strong>UAE<\/strong> a la espera de su evoluci\u00f3n y recuperaci\u00f3n total.<\/p>\n<p>Pogi, como se le conoce en el medio cicl\u00edstico ha sido objeto de m\u00faltiples manifestaciones de parte de sus colegas, incluido el mexicano <strong>Isaac del Toro <\/strong>quien viaj\u00f3 desde Estados Unidos, donde prepara el pr\u00f3ximo <strong>Campeonato Mundial <\/strong>de ruta hasta Barcelona para visitar a su compa\u00f1ero de equipo.<\/p>\n<p>En cuanto a la continuidad de la temporada para <strong>Pogacar<\/strong>, no es posible hablar con propiedad y<strong> sus entrenadores prefieren esperar la evoluci\u00f3n<\/strong> del paciente aun cuando pareciera bien dif\u00edcil verlo en bicicleta muy pronto por las <strong>lesiones sufridas<\/strong> y el tiempo perdido sin entrenar\u00a0y correr en v\u00edsperas del mundial de ruta (27 de septiembre), su m\u00e1s cercano objetivo de una temporada casi perfecta en cuanto a victorias obtenidas este a\u00f1o.<\/p>\n<\/div>\n","protected":false},"excerpt":{"rendered":"<p>En Barcelona, a donde lleg\u00f3 trasladado en ambulancia el s\u00e1bado anterior luego de la ca\u00edda que le cost\u00f3 el abandono de la Vuelta a Espa\u00f1a que lideraba brillantemente desde la&hellip; <\/p>\n","protected":false},"author":1,"featured_media":0,"comment_status":"open","ping_status":"closed","sticky":false,"template":"Default","format":"standard","meta":{"om_disable_all_campaigns":false,"_monsterinsights_skip_tracking":false,"fifu_image_url":"","fifu_image_alt":"","footnotes":""},"categories":[9],"tags":[],"class_list":["post-2594","post","type-post","status-publish","format-standard","hentry","category-deportes"],"_links":{"self":[{"href":"https:\/\/radiomiaboyaca.com\/index.php\/wp-json\/wp\/v2\/posts\/2594","targetHints":{"allow":["GET"]}}],"collection":[{"href":"https:\/\/radiomiaboyaca.com\/index.php\/wp-json\/wp\/v2\/posts"}],"about":[{"href":"https:\/\/radiomiaboyaca.com\/index.php\/wp-json\/wp\/v2\/types\/post"}],"author":[{"embeddable":true,"href":"https:\/\/radiomiaboyaca.com\/index.php\/wp-json\/wp\/v2\/users\/1"}],"replies":[{"embeddable":true,"href":"https:\/\/radiomiaboyaca.com\/index.php\/wp-json\/wp\/v2\/comments?post=2594"}],"version-history":[{"count":1,"href":"https:\/\/radiomiaboyaca.com\/index.php\/wp-json\/wp\/v2\/posts\/2594\/revisions"}],"predecessor-version":[{"id":2595,"href":"https:\/\/radiomiaboyaca.com\/index.php\/wp-json\/wp\/v2\/posts\/2594\/revisions\/2595"}],"wp:attachment":[{"href":"https:\/\/radiomiaboyaca.com\/index.php\/wp-json\/wp\/v2\/media?parent=2594"}],"wp:term":[{"taxonomy":"category","embeddable":true,"href":"https:\/\/radiomiaboyaca.com\/index.php\/wp-json\/wp\/v2\/categories?post=2594"},{"taxonomy":"post_tag","embeddable":true,"href":"https:\/\/radiomiaboyaca.com\/index.php\/wp-json\/wp\/v2\/tags?post=2594"}],"curies":[{"name":"wp","href":"https:\/\/api.w.org\/{rel}","templated":true}]}}