{"id":2591,"date":"2026-09-01T10:00:32","date_gmt":"2026-09-01T15:00:32","guid":{"rendered":"https:\/\/radiomiaboyaca.com\/?p=2591"},"modified":"2026-09-02T01:23:19","modified_gmt":"2026-09-02T06:23:19","slug":"el-team-hino-one-la-red-suzuki-buscara-el-tricampeonato-de-la-vuelta-a-honduras-yesid-pira-defendera-el-titulo","status":"publish","type":"post","link":"https:\/\/radiomiaboyaca.com\/index.php\/2026\/09\/01\/el-team-hino-one-la-red-suzuki-buscara-el-tricampeonato-de-la-vuelta-a-honduras-yesid-pira-defendera-el-titulo\/","title":{"rendered":"El Team Hino-One La Red Suzuki buscar\u00e1 el tricampeonato de la Vuelta a Honduras; Yesid Pira defender\u00e1 el t\u00edtulo"},"content":{"rendered":"<div id=\"modal-ready\">\n<p>El equipo continental guatemalteco<strong> Team Hino-One La Red Suzuki<\/strong> ya tiene todo preparado para afrontar su pr\u00f3ximo objetivo internacional: la <strong>Vuelta a Honduras<\/strong>, competencia que se disputar\u00e1 del 2 al 6 de septiembre y en la que el conjunto guatemalteco buscar\u00e1 repetir el \u00e9xito conseguido los \u00faltimos dos a\u00f1os.<\/p>\n<p>La escuadra continental quiere seguir reinando en tierras hondure\u00f1as y en su n\u00f3mina oficial contar\u00e1 con el boyacense <strong>Yesid Pira<\/strong>, quien es el actual campe\u00f3n de la Vuelta a Honduras, adem\u00e1s de <strong>Mardoqueo V\u00e1squez, Melvin Torres, V\u00edctor Tu\u00edz, Wilson Chonay, Edgar Torres <\/strong>campe\u00f3n de la monta\u00f1a en 2025, completa la n\u00f3mina el colombiano <strong>Andr\u00e9s Mancipe<\/strong>, quien debutar\u00e1 con el equipo.<\/p>\n<\/p>\n<figure class=\"wp-block-image size-large is-resized\"><img loading=\"lazy\" decoding=\"async\" width=\"1024\" height=\"683\" src=\"https:\/\/www.revistamundociclistico.com\/wp-content\/uploads\/2026\/09\/Team-Hino-One-La-Red-Suzuki-2026-1024x683.jpg\" alt=\"\" class=\"wp-image-214672\" style=\"width:840px;height:auto\" srcset=\"https:\/\/www.revistamundociclistico.com\/wp-content\/uploads\/2026\/09\/Team-Hino-One-La-Red-Suzuki-2026-1024x683.jpg 1024w, https:\/\/www.revistamundociclistico.com\/wp-content\/uploads\/2026\/09\/Team-Hino-One-La-Red-Suzuki-2026-300x200.jpg 300w, https:\/\/www.revistamundociclistico.com\/wp-content\/uploads\/2026\/09\/Team-Hino-One-La-Red-Suzuki-2026-768x512.jpg 768w, https:\/\/www.revistamundociclistico.com\/wp-content\/uploads\/2026\/09\/Team-Hino-One-La-Red-Suzuki-2026-500x333.jpg 500w, https:\/\/www.revistamundociclistico.com\/wp-content\/uploads\/2026\/09\/Team-Hino-One-La-Red-Suzuki-2026-700x467.jpg 700w, https:\/\/www.revistamundociclistico.com\/wp-content\/uploads\/2026\/09\/Team-Hino-One-La-Red-Suzuki-2026.jpg 1200w\" sizes=\"auto, (max-width: 1024px) 100vw, 1024px\" \/><figcaption class=\"wp-element-caption\"><em>El equipo continental guatemalteco Team Hino-One La Red Suzuki prepar\u00e1ndose para la Vuelta a Honduras. (Foto \u00a9 HINO Cycling Team)<\/em><\/figcaption><\/figure>\n<p>Desde el inicio del a\u00f1o, el conjunto chap\u00edn se plante\u00f3 la preparaci\u00f3n para <strong>llegar en las mejores condiciones a esta competencia<\/strong>, una de las citas internacionales m\u00e1s importantes para la formaci\u00f3n guatemalteca por la dureza de sus recorridos.<\/p>\n<p>Los corredores llegan con un buen ritmo y buen animo tras haber finalizado la <strong>Vuelta Colombia <\/strong>como campeones de la clasificaci\u00f3n de<strong> mejor extranjero con Mardoqueo<\/strong> <strong>V\u00e1squez<\/strong>, as\u00ed como sub campeones de la sub-23 con <strong>Melvin Torres<\/strong>, lo que les da una motivaci\u00f3n extra para ir hacer las cosas bien en territorio hondure\u00f1o.<\/p>\n<p>Etapa 1<br \/>Potrerillos \u2013 Pulhapanzak (135 km)<\/p>\n<p>Etapa 2<br \/>Pimienta \u2013 Represa Hidroel\u00e9ctrica El Caj\u00f3n (133 km)<\/p>\n<p>Etapa 3<br \/>Santa Rita \u2013 El Negrito (128 km)<\/p>\n<p>Etapa 4<br \/>Concepci\u00f3n del Sur \u2013 Circuito La S\u00e1bana \u2013 Pito &#8211; Concepci\u00f3n del Sur (115 km)<\/p>\n<p>Etapa 5<br \/>Circuito Avenida Circunvalaci\u00f3n | 14 vueltas (70,5 km)<\/p>\n<\/div>\n","protected":false},"excerpt":{"rendered":"<p>El equipo continental guatemalteco Team Hino-One La Red Suzuki ya tiene todo preparado para afrontar su pr\u00f3ximo objetivo internacional: la Vuelta a Honduras, competencia que se disputar\u00e1 del 2 al&hellip; <\/p>\n","protected":false},"author":1,"featured_media":2592,"comment_status":"open","ping_status":"closed","sticky":false,"template":"Default","format":"standard","meta":{"om_disable_all_campaigns":false,"_monsterinsights_skip_tracking":false,"fifu_image_url":"https:\/\/www.revistamundociclistico.com\/wp-content\/uploads\/2026\/09\/Team-Hino-One-La-Red-Suzuki-2026-1024x683.jpg","fifu_image_alt":"","footnotes":""},"categories":[9],"tags":[],"class_list":["post-2591","post","type-post","status-publish","format-standard","has-post-thumbnail","hentry","category-deportes"],"_links":{"self":[{"href":"https:\/\/radiomiaboyaca.com\/index.php\/wp-json\/wp\/v2\/posts\/2591","targetHints":{"allow":["GET"]}}],"collection":[{"href":"https:\/\/radiomiaboyaca.com\/index.php\/wp-json\/wp\/v2\/posts"}],"about":[{"href":"https:\/\/radiomiaboyaca.com\/index.php\/wp-json\/wp\/v2\/types\/post"}],"author":[{"embeddable":true,"href":"https:\/\/radiomiaboyaca.com\/index.php\/wp-json\/wp\/v2\/users\/1"}],"replies":[{"embeddable":true,"href":"https:\/\/radiomiaboyaca.com\/index.php\/wp-json\/wp\/v2\/comments?post=2591"}],"version-history":[{"count":1,"href":"https:\/\/radiomiaboyaca.com\/index.php\/wp-json\/wp\/v2\/posts\/2591\/revisions"}],"predecessor-version":[{"id":2593,"href":"https:\/\/radiomiaboyaca.com\/index.php\/wp-json\/wp\/v2\/posts\/2591\/revisions\/2593"}],"wp:featuredmedia":[{"embeddable":true,"href":"https:\/\/radiomiaboyaca.com\/index.php\/wp-json\/wp\/v2\/media\/2592"}],"wp:attachment":[{"href":"https:\/\/radiomiaboyaca.com\/index.php\/wp-json\/wp\/v2\/media?parent=2591"}],"wp:term":[{"taxonomy":"category","embeddable":true,"href":"https:\/\/radiomiaboyaca.com\/index.php\/wp-json\/wp\/v2\/categories?post=2591"},{"taxonomy":"post_tag","embeddable":true,"href":"https:\/\/radiomiaboyaca.com\/index.php\/wp-json\/wp\/v2\/tags?post=2591"}],"curies":[{"name":"wp","href":"https:\/\/api.w.org\/{rel}","templated":true}]}}