{"id":2588,"date":"2026-09-01T12:00:00","date_gmt":"2026-09-01T17:00:00","guid":{"rendered":"https:\/\/radiomiaboyaca.com\/?p=2588"},"modified":"2026-09-02T01:23:18","modified_gmt":"2026-09-02T06:23:18","slug":"el-team-medellin-epm-a-revalidar-el-titulo-de-la-vuelta-a-santa-catarina-con-diego-camargo","status":"publish","type":"post","link":"https:\/\/radiomiaboyaca.com\/index.php\/2026\/09\/01\/el-team-medellin-epm-a-revalidar-el-titulo-de-la-vuelta-a-santa-catarina-con-diego-camargo\/","title":{"rendered":"El Team Medell\u00edn-EPM a revalidar el t\u00edtulo de la Vuelta a Santa Catarina con Diego Camargo"},"content":{"rendered":"<div id=\"modal-ready\">\n<p>La escuadra continental colombiana <strong>Team Medell\u00edn-EPM<\/strong> ya se encuentra en Brasil para afrontar otra competencia internacional en la temporada 2026, se trata de la <strong>Vuelta a Santa Catarina<\/strong>, carrera del <strong>calendario UCI de Am\u00e9rica<\/strong>, que arranca este mi\u00e9rcoles, en cinco d\u00edas de competencia.<\/p>\n<p>La formaci\u00f3n antioque\u00f1a dirigido por <strong>Jos\u00e9 Juli\u00e1n Vel\u00e1squez <\/strong>estar\u00e1 liderado por el boyacense <strong>Diego Camargo<\/strong>, quien defender\u00e1 el t\u00edtulo obtenido el a\u00f1o pasado. La n\u00f3mina del equipo la completan<strong> Daniel M\u00e9ndez, Yeferson Camargo, David Alejandro Gonz\u00e1lez, Walter Vargas<\/strong> y el sub-23 <strong>Mart\u00edn Restrepo<\/strong>, recientemente incorporado a las filas del conjunto antioque\u00f1o, que debut\u00f3 en el Gran Prix Panam\u00e1.<\/p>\n<\/p>\n<figure class=\"wp-block-image size-full\"><img loading=\"lazy\" decoding=\"async\" width=\"1000\" height=\"976\" src=\"https:\/\/www.revistamundociclistico.com\/wp-content\/uploads\/2026\/09\/Nomina-Team-Medellin-Volta-Santa-Catarina-2026.jpg\" alt=\"\" class=\"wp-image-214693\" srcset=\"https:\/\/www.revistamundociclistico.com\/wp-content\/uploads\/2026\/09\/Nomina-Team-Medellin-Volta-Santa-Catarina-2026.jpg 1000w, https:\/\/www.revistamundociclistico.com\/wp-content\/uploads\/2026\/09\/Nomina-Team-Medellin-Volta-Santa-Catarina-2026-300x293.jpg 300w, https:\/\/www.revistamundociclistico.com\/wp-content\/uploads\/2026\/09\/Nomina-Team-Medellin-Volta-Santa-Catarina-2026-768x750.jpg 768w, https:\/\/www.revistamundociclistico.com\/wp-content\/uploads\/2026\/09\/Nomina-Team-Medellin-Volta-Santa-Catarina-2026-500x488.jpg 500w, https:\/\/www.revistamundociclistico.com\/wp-content\/uploads\/2026\/09\/Nomina-Team-Medellin-Volta-Santa-Catarina-2026-700x683.jpg 700w\" sizes=\"auto, (max-width: 1000px) 100vw, 1000px\" \/><figcaption class=\"wp-element-caption\"><em>La n\u00f3mina del Team Medell\u00edn-EPM para la Vuelta a Santa Catarina 2026. (Foto \u00a9 Team Medell\u00edn-EPM)<\/em><\/figcaption><\/figure>\n<p>Tras el exitoso regreso de la<strong> Volta Cicl\u00edstica de Santa Catarina<\/strong> en 2025, el evento se correr\u00e1 este a\u00f1o del 1 al 6 de septiembre de 2026, reuniendo a equipos nacionales e internacionales de \u00e9lite, con etapas en la <strong>Sierra Catarinense<\/strong> y la capital, <strong>Florian\u00f3polis<\/strong>.<\/p>\n<p>Fundada en 1987, la Volta SC ha sido parte integral del calendario ciclista, y despu\u00e9s de un par\u00f3n de casi diez a\u00f1os, regres\u00f3 en 2025 bajo la supervisi\u00f3n de la <strong>UCI Am\u00e9rica Tour<\/strong>. Este a\u00f1o tendr\u00e1 la <strong>participaci\u00f3n de 18 equipos<\/strong> en un evento que no solo se centra en la competencia, sino tambi\u00e9n en su impacto econ\u00f3mico y social en el estado.<\/p>\n<p>Para esta edici\u00f3n <strong>la carrera contar\u00e1 con seis etapas <\/strong>a lo largo de diferentes regiones de Santa Catarina, comenzando en Pomerode y finalizando en Florian\u00f3polis. La jornada inaugural abarca 118 kil\u00f3metros, seguido de jornadas desafiantes que incluyen monta\u00f1as y una contrarreloj por equipos. Tambi\u00e9n destaca la etapa reina, con un recorrido de 138 kil\u00f3metros y m\u00e1s de 2,500 metros de altimetr\u00eda positiva.<\/p>\n<\/div>\n","protected":false},"excerpt":{"rendered":"<p>La escuadra continental colombiana Team Medell\u00edn-EPM ya se encuentra en Brasil para afrontar otra competencia internacional en la temporada 2026, se trata de la Vuelta a Santa Catarina, carrera del&hellip; <\/p>\n","protected":false},"author":1,"featured_media":2589,"comment_status":"open","ping_status":"closed","sticky":false,"template":"Default","format":"standard","meta":{"om_disable_all_campaigns":false,"_monsterinsights_skip_tracking":false,"fifu_image_url":"https:\/\/www.revistamundociclistico.com\/wp-content\/uploads\/2026\/09\/Nomina-Team-Medellin-Volta-Santa-Catarina-2026.jpg","fifu_image_alt":"","footnotes":""},"categories":[9],"tags":[],"class_list":["post-2588","post","type-post","status-publish","format-standard","has-post-thumbnail","hentry","category-deportes"],"_links":{"self":[{"href":"https:\/\/radiomiaboyaca.com\/index.php\/wp-json\/wp\/v2\/posts\/2588","targetHints":{"allow":["GET"]}}],"collection":[{"href":"https:\/\/radiomiaboyaca.com\/index.php\/wp-json\/wp\/v2\/posts"}],"about":[{"href":"https:\/\/radiomiaboyaca.com\/index.php\/wp-json\/wp\/v2\/types\/post"}],"author":[{"embeddable":true,"href":"https:\/\/radiomiaboyaca.com\/index.php\/wp-json\/wp\/v2\/users\/1"}],"replies":[{"embeddable":true,"href":"https:\/\/radiomiaboyaca.com\/index.php\/wp-json\/wp\/v2\/comments?post=2588"}],"version-history":[{"count":1,"href":"https:\/\/radiomiaboyaca.com\/index.php\/wp-json\/wp\/v2\/posts\/2588\/revisions"}],"predecessor-version":[{"id":2590,"href":"https:\/\/radiomiaboyaca.com\/index.php\/wp-json\/wp\/v2\/posts\/2588\/revisions\/2590"}],"wp:featuredmedia":[{"embeddable":true,"href":"https:\/\/radiomiaboyaca.com\/index.php\/wp-json\/wp\/v2\/media\/2589"}],"wp:attachment":[{"href":"https:\/\/radiomiaboyaca.com\/index.php\/wp-json\/wp\/v2\/media?parent=2588"}],"wp:term":[{"taxonomy":"category","embeddable":true,"href":"https:\/\/radiomiaboyaca.com\/index.php\/wp-json\/wp\/v2\/categories?post=2588"},{"taxonomy":"post_tag","embeddable":true,"href":"https:\/\/radiomiaboyaca.com\/index.php\/wp-json\/wp\/v2\/tags?post=2588"}],"curies":[{"name":"wp","href":"https:\/\/api.w.org\/{rel}","templated":true}]}}