{"id":2585,"date":"2026-09-01T13:00:32","date_gmt":"2026-09-01T18:00:32","guid":{"rendered":"https:\/\/radiomiaboyaca.com\/?p=2585"},"modified":"2026-09-02T01:23:18","modified_gmt":"2026-09-02T06:23:18","slug":"angie-londono-primera-lider-de-la-clasica-de-marinilla-en-la-rama-femenina-tras-ganar-la-crono-inicial","status":"publish","type":"post","link":"https:\/\/radiomiaboyaca.com\/index.php\/2026\/09\/01\/angie-londono-primera-lider-de-la-clasica-de-marinilla-en-la-rama-femenina-tras-ganar-la-crono-inicial\/","title":{"rendered":"Angie Londo\u00f1o, primera l\u00edder de la Cl\u00e1sica de Marinilla en la rama femenina tras ganar la crono inicial"},"content":{"rendered":"<div id=\"modal-ready\">\n<p>Cumpliendo con los pron\u00f3sticos, <strong>Angie Mariana Londo\u00f1o (Oro Express)<\/strong> gan\u00f3 este martes la jornada al cron\u00f3metro que sirvi\u00f3 para darle apertura a la<strong> Cl\u00e1sica de Marinilla<\/strong> en la rama femenina. La\u00a0pedalista la antioque\u00f1a par\u00f3 los cron\u00f3metros en 33 minutos y 48 segundos.<\/p>\n<p>Sin duda, una vibrante batalla, bajo un d\u00eda soleado, se vivi\u00f3 en el oriente antioque\u00f1o, en el que la pedalista paisa fue la m\u00e1s r\u00e1pido. Al final, el podio del d\u00eda lo completaron dos corredoras del Sistecredito: <strong>Laura Rojas<\/strong> 2\u00b0 y <strong>Stefan\u00eda S\u00e1nchez<\/strong> 3\u00b0.<\/p>\n<p>El inicio da la carrera antioque\u00f1a para las mujeres se llev\u00f3 a cabo con una<strong> contrarreloj de 18 kil\u00f3metros <\/strong>entre El Pe\u00f1ol y el Parque Principal de Marinilla. En esta nueva edici\u00f3n <strong>solo 33 ciclistas <\/strong>de 5 equipos tomaron la partida.<\/p>\n<p><strong>La Cl\u00e1sica Nacional \u201cRam\u00f3n Emilio Arcila\u201d <\/strong>continuar\u00e1 este mi\u00e9rcoles con el segundo cap\u00edtulo, que tendr\u00e1 67 kil\u00f3metros y se correr\u00e1 desde el parque de Alejandr\u00eda, pasando por Concepci\u00f3n y San Vicente hasta llegar nuevamente al Parque Principal de Marinilla.<\/p>\n<\/p>\n<figure class=\"wp-block-image size-large\"><img loading=\"lazy\" decoding=\"async\" width=\"1024\" height=\"684\" src=\"https:\/\/www.revistamundociclistico.com\/wp-content\/uploads\/2026\/09\/Angie-Londono-1ET-Clasica-Marinilla-2026-1024x684.jpg\" alt=\"\" class=\"wp-image-214752\" srcset=\"https:\/\/www.revistamundociclistico.com\/wp-content\/uploads\/2026\/09\/Angie-Londono-1ET-Clasica-Marinilla-2026-1024x684.jpg 1024w, https:\/\/www.revistamundociclistico.com\/wp-content\/uploads\/2026\/09\/Angie-Londono-1ET-Clasica-Marinilla-2026-300x200.jpg 300w, https:\/\/www.revistamundociclistico.com\/wp-content\/uploads\/2026\/09\/Angie-Londono-1ET-Clasica-Marinilla-2026-768x513.jpg 768w, https:\/\/www.revistamundociclistico.com\/wp-content\/uploads\/2026\/09\/Angie-Londono-1ET-Clasica-Marinilla-2026-500x334.jpg 500w, https:\/\/www.revistamundociclistico.com\/wp-content\/uploads\/2026\/09\/Angie-Londono-1ET-Clasica-Marinilla-2026-700x467.jpg 700w, https:\/\/www.revistamundociclistico.com\/wp-content\/uploads\/2026\/09\/Angie-Londono-1ET-Clasica-Marinilla-2026.jpg 1200w\" sizes=\"auto, (max-width: 1024px) 100vw, 1024px\" \/><figcaption class=\"wp-element-caption\"><em>Angie Mariana Londo\u00f1o, ganadora de la crono inicial de la Cl\u00e1sica de Marinilla 2026. (Foto Anderson Bonilla \u00a9 RMC)<\/em><\/figcaption><\/figure>\n<p id=\"block-2a4cf8d2-6a62-4b32-9be3-877b9c564c53\"><strong>Cl\u00e1sica de Marinilla 2025<br \/>CRI | El Pe\u00f1ol \u2013 Parque de Marinilla (18 km)<\/strong><\/p>\n<figure class=\"wp-block-table\">\n<table>\n<tbody>\n<tr>\n<td><strong>1<\/strong><\/td>\n<td><strong>Angie Mariana Londo\u00f1o <\/strong><\/td>\n<td><strong><strong>Oro Express<\/strong><\/strong><\/td>\n<td><strong>28:12\u2033<\/strong><\/td>\n<\/tr>\n<tr>\n<td>2<\/td>\n<td>Laura Rojas<\/td>\n<td>Team Sistecr\u00e9dito<\/td>\n<td>0:12<\/td>\n<\/tr>\n<tr>\n<td>3<\/td>\n<td>Stefan\u00eda S\u00e1nchez<\/td>\n<td>Team Sistecr\u00e9dito<\/td>\n<td>0:26<\/td>\n<\/tr>\n<tr>\n<td>4<\/td>\n<td>Natalia Garz\u00f3n<\/td>\n<td>Team Sistecr\u00e9dito<\/td>\n<td>0:44<\/td>\n<\/tr>\n<tr>\n<td>5<\/td>\n<td>Diana Pe\u00f1uela<\/td>\n<td>Team Sistecr\u00e9dito<\/td>\n<td>0:55<\/td>\n<\/tr>\n<\/tbody>\n<\/table>\n<\/figure>\n<\/div>\n","protected":false},"excerpt":{"rendered":"<p>Cumpliendo con los pron\u00f3sticos, Angie Mariana Londo\u00f1o (Oro Express) gan\u00f3 este martes la jornada al cron\u00f3metro que sirvi\u00f3 para darle apertura a la Cl\u00e1sica de Marinilla en la rama femenina.&hellip; <\/p>\n","protected":false},"author":1,"featured_media":2586,"comment_status":"open","ping_status":"closed","sticky":false,"template":"Default","format":"standard","meta":{"om_disable_all_campaigns":false,"_monsterinsights_skip_tracking":false,"fifu_image_url":"https:\/\/www.revistamundociclistico.com\/wp-content\/uploads\/2026\/09\/Angie-Londono-1ET-Clasica-Marinilla-2026-1024x684.jpg","fifu_image_alt":"","footnotes":""},"categories":[9],"tags":[],"class_list":["post-2585","post","type-post","status-publish","format-standard","has-post-thumbnail","hentry","category-deportes"],"_links":{"self":[{"href":"https:\/\/radiomiaboyaca.com\/index.php\/wp-json\/wp\/v2\/posts\/2585","targetHints":{"allow":["GET"]}}],"collection":[{"href":"https:\/\/radiomiaboyaca.com\/index.php\/wp-json\/wp\/v2\/posts"}],"about":[{"href":"https:\/\/radiomiaboyaca.com\/index.php\/wp-json\/wp\/v2\/types\/post"}],"author":[{"embeddable":true,"href":"https:\/\/radiomiaboyaca.com\/index.php\/wp-json\/wp\/v2\/users\/1"}],"replies":[{"embeddable":true,"href":"https:\/\/radiomiaboyaca.com\/index.php\/wp-json\/wp\/v2\/comments?post=2585"}],"version-history":[{"count":1,"href":"https:\/\/radiomiaboyaca.com\/index.php\/wp-json\/wp\/v2\/posts\/2585\/revisions"}],"predecessor-version":[{"id":2587,"href":"https:\/\/radiomiaboyaca.com\/index.php\/wp-json\/wp\/v2\/posts\/2585\/revisions\/2587"}],"wp:featuredmedia":[{"embeddable":true,"href":"https:\/\/radiomiaboyaca.com\/index.php\/wp-json\/wp\/v2\/media\/2586"}],"wp:attachment":[{"href":"https:\/\/radiomiaboyaca.com\/index.php\/wp-json\/wp\/v2\/media?parent=2585"}],"wp:term":[{"taxonomy":"category","embeddable":true,"href":"https:\/\/radiomiaboyaca.com\/index.php\/wp-json\/wp\/v2\/categories?post=2585"},{"taxonomy":"post_tag","embeddable":true,"href":"https:\/\/radiomiaboyaca.com\/index.php\/wp-json\/wp\/v2\/tags?post=2585"}],"curies":[{"name":"wp","href":"https:\/\/api.w.org\/{rel}","templated":true}]}}