{"id":2582,"date":"2026-09-01T14:00:33","date_gmt":"2026-09-01T19:00:33","guid":{"rendered":"https:\/\/radiomiaboyaca.com\/?p=2582"},"modified":"2026-09-02T01:23:18","modified_gmt":"2026-09-02T06:23:18","slug":"bastien-tronchon-sorprende-en-elche-de-la-sierra-harold-tejada-sigue-firme-en-el-top-10-de-la-vuelta","status":"publish","type":"post","link":"https:\/\/radiomiaboyaca.com\/index.php\/2026\/09\/01\/bastien-tronchon-sorprende-en-elche-de-la-sierra-harold-tejada-sigue-firme-en-el-top-10-de-la-vuelta\/","title":{"rendered":"Bastien Tronchon sorprende en Elche de la Sierra; Harold Tejada sigue firme en el top 10 de La Vuelta"},"content":{"rendered":"<div id=\"modal-ready\">\n<p>El franc\u00e9s&nbsp;<strong>Bastien Tronchon<\/strong>&nbsp;dio la sorpresa este martes en la&nbsp;<strong>d\u00e9cima etapa de La Vuelta a Espa\u00f1a 2026<\/strong>, disputada sobre&nbsp;<strong>184,7 kil\u00f3metros entre Alcaraz y Elche de la Sierra<\/strong>, al imponerse en un final ca\u00f3tico y muy cerrado. El corredor del&nbsp;<strong>Groupama-FDJ United<\/strong>&nbsp;consigui\u00f3 su primera victoria en una gran vuelta, despu\u00e9s de una jornada ondulada que parec\u00eda abierta para los velocistas y cazadores de etapas.<\/p>\n<p>El reinicio de La Vuelta tras su primer d\u00eda de descanso se resolvi\u00f3 despu\u00e9s de varios movimientos en los kil\u00f3metros finales.&nbsp;<strong>Yevgeniy Fedorov<\/strong>&nbsp;y&nbsp;<strong>Xabier Mikel Azparren<\/strong>&nbsp;intentaron anticipar el sprint con un ataque tard\u00edo, pero el pelot\u00f3n los neutraliz\u00f3 muy cerca de la meta. En medio de la confusi\u00f3n, Tronchon encontr\u00f3 el espacio, lanz\u00f3 su remate y super\u00f3 en la definici\u00f3n al dan\u00e9s&nbsp;<strong>Magnus Cort<\/strong>, segundo, y al belga&nbsp;<strong>Thibau Nys<\/strong>, tercero.<\/p>\n<p>El top 10 de la jornada lo completaron&nbsp;<strong>Wout van Aert<\/strong>,&nbsp;<strong>Alessandro Romele<\/strong>,&nbsp;<strong>Xabier Mikel Azparren<\/strong>,&nbsp;<strong>Finn Fisher-Black<\/strong>,&nbsp;<strong>Orluis Aular<\/strong>,&nbsp;<strong>Jordan Labrosse<\/strong>&nbsp;y&nbsp;<strong>Hugo Hofstetter<\/strong>, todos en una llegada marcada por la tensi\u00f3n. Para Tronchon, de 24 a\u00f1os, fue una victoria de enorme valor, no solo por el escenario, sino por la manera en que supo aprovechar una definici\u00f3n desordenada.<\/p>\n<p>La clasificaci\u00f3n general no sufri\u00f3 cambios entre los grandes favoritos.&nbsp;<strong>Enric Mas<\/strong>&nbsp;conserv\u00f3 el maillot rojo con un tiempo acumulado de&nbsp;<strong>32:41:44<\/strong>, seguido por&nbsp;<strong>Primoz Roglic<\/strong>, a&nbsp;<strong>1:18<\/strong>, y&nbsp;<strong>Felix Gall<\/strong>, a&nbsp;<strong>1:39<\/strong>. Detr\u00e1s se mantienen&nbsp;<strong>Oscar Onley<\/strong>,&nbsp;<strong>Richard Carapaz<\/strong>,&nbsp;<strong>Mattias Skjelmose<\/strong>&nbsp;y&nbsp;<strong>Sepp Kuss<\/strong>, en una general que sigue abierta tras el abandono de Tadej Pogacar y antes del regreso de la monta\u00f1a.<\/p>\n<p>Por Colombia,&nbsp;<strong>Harold Tejada<\/strong>&nbsp;volvi\u00f3 a salvar una jornada peligrosa y se mantiene como el mejor escarabajo de la carrera. El huilense del&nbsp;<strong>XDS Astana Team<\/strong>&nbsp;termin\u00f3 la etapa en la&nbsp;<strong>casilla 41<\/strong>, con el mismo tiempo del ganador, y contin\u00faa&nbsp;<strong>octavo en la clasificaci\u00f3n general<\/strong>, a&nbsp;<strong>4:39<\/strong>&nbsp;de Enric Mas. Tambi\u00e9n llegaron en el grupo principal&nbsp;<strong>Santiago Buitrago<\/strong>, 53\u00b0 en la etapa y 26\u00b0 en la general, a&nbsp;<strong>41:12<\/strong>;&nbsp;<strong>Juan Felipe Rodr\u00edguez<\/strong>, 55\u00b0 en la etapa y 17\u00b0 en la general, a&nbsp;<strong>16:54<\/strong>; e&nbsp;<strong>Iv\u00e1n Ramiro Sosa<\/strong>, 67\u00b0 en la etapa y 111\u00b0 en la general, a&nbsp;<strong>1:39:47<\/strong>.<\/p>\n<p>La Vuelta continuar\u00e1 este mi\u00e9rcoles con la&nbsp;<strong>und\u00e9cima etapa<\/strong>, entre&nbsp;<strong>Cartagena y Lorca<\/strong>, sobre&nbsp;<strong>153,8 kil\u00f3metros<\/strong>, una jornada catalogada como llana, aunque con el&nbsp;<strong>Alto de Aledo<\/strong>, de tercera categor\u00eda, ubicado a 32 kil\u00f3metros de la meta. Ser\u00e1 otro d\u00eda para estar atentos a los cortes, al viento y a una llegada que puede ofrecer una nueva oportunidad para los hombres r\u00e1pidos o para una fuga bien calculada.<a href=\"https:\/\/www.procyclingstats.com\/rider\/bastien-tronchon\"><\/a><\/p>\n<p class=\"has-medium-font-size\"><strong>La Vuelta Ciclista a Espa\u00f1a (2.UWT)<\/strong><br \/><strong>Resultados Etapa 10 | Alcaraz &#8211; Elche de la Sierra (184,7 km)<\/strong><\/p>\n<figure class=\"wp-block-table\">\n<table>\n<tbody>\n<tr>\n<td>1<\/td>\n<td><\/td>\n<td><\/td>\n<td>Bastien Tronchon <\/td>\n<td>Groupama-FDJ United<\/td>\n<td><\/td>\n<td>4:07:41<\/td>\n<\/tr>\n<tr>\n<td>2<\/td>\n<td><\/td>\n<td><\/td>\n<td>Magnus Cort <\/td>\n<td>Uno-X Mobility<\/td>\n<td><\/td>\n<td>m.t.<\/td>\n<\/tr>\n<tr>\n<td>3<\/td>\n<td><\/td>\n<td><\/td>\n<td>Thibau Nys <\/td>\n<td>Lidl-Trek<\/td>\n<td><\/td>\n<td>m.t.<\/td>\n<\/tr>\n<tr>\n<td>4<\/td>\n<td><\/td>\n<td><\/td>\n<td>Wout van Aert <\/td>\n<td>Team Visma | Lease a Bike<\/td>\n<td><\/td>\n<td>m.t.<\/td>\n<\/tr>\n<tr>\n<td>5<\/td>\n<td><\/td>\n<td><\/td>\n<td>Alessandro Romele <\/td>\n<td>XDS Astana Team<\/td>\n<td><\/td>\n<td>m.t.<\/td>\n<\/tr>\n<tr>\n<td>6<\/td>\n<td><\/td>\n<td><\/td>\n<td>Xabier Azparren <\/td>\n<td>Pinarello-Q36.5 Pro Cycling Team<\/td>\n<td><\/td>\n<td>m.t.<\/td>\n<\/tr>\n<tr>\n<td>7<\/td>\n<td><\/td>\n<td><\/td>\n<td>Finn Fisher-Black <\/td>\n<td>Red Bull-BORA-hansgrohe<\/td>\n<td><\/td>\n<td>m.t.<\/td>\n<\/tr>\n<tr>\n<td>8<\/td>\n<td><\/td>\n<td><\/td>\n<td>Orluis Aular <\/td>\n<td>Movistar Team<\/td>\n<td><\/td>\n<td>m.t.<\/td>\n<\/tr>\n<tr>\n<td>9<\/td>\n<td><\/td>\n<td><\/td>\n<td>Jordan Labrosse <\/td>\n<td>Decathlon CMA CGM Team<\/td>\n<td><\/td>\n<td>m.t.<\/td>\n<\/tr>\n<tr>\n<td>10<\/td>\n<td><\/td>\n<td><\/td>\n<td>Hugo Hofstetter <\/td>\n<td>NSN Cycling Team<\/td>\n<td><\/td>\n<td>m.t.<\/td>\n<\/tr>\n<\/tbody>\n<\/table>\n<\/figure>\n<figure class=\"wp-block-table\">\n<table>\n<tbody>\n<tr>\n<td><strong>41<\/strong><\/td>\n<td><strong>Harold Tejada <\/strong><\/td>\n<td><strong>XDS Astana Team<\/strong><\/td>\n<td><\/td>\n<td><\/td>\n<td><\/td>\n<td><strong>m.t.<\/strong><\/td>\n<\/tr>\n<tr>\n<td><strong>53<\/strong><\/td>\n<td><strong>Santiago Buitrago <\/strong><\/td>\n<td><strong>Bahrain &#8211; Victorious<\/strong><\/td>\n<td><\/td>\n<td><\/td>\n<td><\/td>\n<td><strong>m.t.<\/strong><\/td>\n<\/tr>\n<tr>\n<td><strong>55<\/strong><\/td>\n<td><strong>Juan Felipe Rodriguez <\/strong><\/td>\n<td><strong>EF Education &#8211; EasyPost<\/strong><\/td>\n<td><\/td>\n<td><\/td>\n<td><\/td>\n<td><strong>m.t.<\/strong><\/td>\n<\/tr>\n<tr>\n<td><strong>67<\/strong><\/td>\n<td><strong>Iv\u00e1n Ramiro Sosa <\/strong><\/td>\n<td><strong>Equipo Kern Pharma<\/strong><\/td>\n<td><\/td>\n<td><\/td>\n<td><\/td>\n<td><strong>m.t.<\/strong><\/td>\n<\/tr>\n<tr>\n<td><strong>140<\/strong><\/td>\n<td><strong>Juan Guillermo Mart\u00ednez <\/strong><\/td>\n<td><strong>Team Picnic PostNL<\/strong><\/td>\n<td><\/td>\n<td><\/td>\n<td><\/td>\n<td><strong>10:32<\/strong><\/td>\n<\/tr>\n<\/tbody>\n<\/table>\n<\/figure>\n<figure class=\"wp-block-image size-large\"><img loading=\"lazy\" decoding=\"async\" width=\"1024\" height=\"684\" src=\"https:\/\/www.revistamundociclistico.com\/wp-content\/uploads\/2026\/09\/Enric-Mas-Podio-ET10-Vuelta-Espana-2026-1024x684.jpg\" alt=\"\" class=\"wp-image-214755\" srcset=\"https:\/\/www.revistamundociclistico.com\/wp-content\/uploads\/2026\/09\/Enric-Mas-Podio-ET10-Vuelta-Espana-2026-1024x684.jpg 1024w, https:\/\/www.revistamundociclistico.com\/wp-content\/uploads\/2026\/09\/Enric-Mas-Podio-ET10-Vuelta-Espana-2026-300x201.jpg 300w, https:\/\/www.revistamundociclistico.com\/wp-content\/uploads\/2026\/09\/Enric-Mas-Podio-ET10-Vuelta-Espana-2026-768x513.jpg 768w, https:\/\/www.revistamundociclistico.com\/wp-content\/uploads\/2026\/09\/Enric-Mas-Podio-ET10-Vuelta-Espana-2026-500x334.jpg 500w, https:\/\/www.revistamundociclistico.com\/wp-content\/uploads\/2026\/09\/Enric-Mas-Podio-ET10-Vuelta-Espana-2026-700x468.jpg 700w, https:\/\/www.revistamundociclistico.com\/wp-content\/uploads\/2026\/09\/Enric-Mas-Podio-ET10-Vuelta-Espana-2026.jpg 1200w\" sizes=\"auto, (max-width: 1024px) 100vw, 1024px\" \/><figcaption class=\"wp-element-caption\"><em>El espa\u00f1ol Enric Mas, l\u00edder de la Vuelta a Espa\u00f1a 2026. (Foto \u00a9 La Vuelta)<\/em><\/figcaption><\/figure>\n<p class=\"has-medium-font-size\"><strong>Clasificaci\u00f3n General Individual<\/strong><\/p>\n<figure class=\"wp-block-table\">\n<table>\n<tbody>\n<tr>\n<td>1<\/td>\n<td><\/td>\n<td><\/td>\n<td><\/td>\n<td>Enric Mas <\/td>\n<td>Movistar Team<\/td>\n<td>32:41:44<\/td>\n<\/tr>\n<tr>\n<td>2<\/td>\n<td><\/td>\n<td><\/td>\n<td><\/td>\n<td>Primoz Roglic <\/td>\n<td>Red Bull-BORA-hansgrohe<\/td>\n<td>1:18<\/td>\n<\/tr>\n<tr>\n<td>3<\/td>\n<td><\/td>\n<td><\/td>\n<td><\/td>\n<td>Felix Gall <\/td>\n<td>Decathlon CMA CGM Team<\/td>\n<td>1:39<\/td>\n<\/tr>\n<tr>\n<td>4<\/td>\n<td><\/td>\n<td><\/td>\n<td><\/td>\n<td>Oscar Onley <\/td>\n<td>Netcompany INEOS Cycling Team<\/td>\n<td>2:20<\/td>\n<\/tr>\n<tr>\n<td>5<\/td>\n<td><\/td>\n<td><\/td>\n<td><\/td>\n<td>Richard Carapaz <\/td>\n<td>EF Education-EasyPost<\/td>\n<td>3:26<\/td>\n<\/tr>\n<tr>\n<td>6<\/td>\n<td><\/td>\n<td><\/td>\n<td><\/td>\n<td>Mattias Skjelmose <\/td>\n<td>Lidl-Trek<\/td>\n<td>3:55<\/td>\n<\/tr>\n<tr>\n<td>7<\/td>\n<td><\/td>\n<td><\/td>\n<td><\/td>\n<td>Sepp Kuss <\/td>\n<td>Team Visma | Lease a Bike<\/td>\n<td>4:09<\/td>\n<\/tr>\n<tr>\n<td><strong>8<\/strong><\/td>\n<td><\/td>\n<td><\/td>\n<td><\/td>\n<td><strong>Harold Tejada <\/strong><\/td>\n<td><strong>XDS Astana Team<\/strong><\/td>\n<td><strong>4:39<\/strong><\/td>\n<\/tr>\n<tr>\n<td>9<\/td>\n<td><\/td>\n<td><\/td>\n<td><\/td>\n<td>Gregor M\u00fchlberger <\/td>\n<td>Decathlon CMA CGM Team<\/td>\n<td>7:33<\/td>\n<\/tr>\n<tr>\n<td>10<\/td>\n<td><\/td>\n<td><\/td>\n<td><\/td>\n<td>Jakob Omrzel <\/td>\n<td>Bahrain Victorious<\/td>\n<td>8:05<\/td>\n<\/tr>\n<\/tbody>\n<\/table>\n<\/figure>\n<figure class=\"wp-block-table\">\n<table>\n<tbody>\n<tr>\n<td><strong>17<\/strong><\/td>\n<td><\/td>\n<td><\/td>\n<td><strong>Juan Felipe Rodr\u00edguez <\/strong><\/td>\n<td><strong>EF Education &#8211; EasyPost<\/strong><\/td>\n<td><\/td>\n<td><\/td>\n<td><strong>16:54<\/strong><\/td>\n<\/tr>\n<tr>\n<td><strong>26<\/strong><\/td>\n<td><\/td>\n<td><\/td>\n<td><strong>Santiago Buitrago <\/strong><\/td>\n<td><strong>Bahrain &#8211; Victorious<\/strong><\/td>\n<td><\/td>\n<td><\/td>\n<td><strong>41:12<\/strong><\/td>\n<\/tr>\n<tr>\n<td><strong>111<\/strong><\/td>\n<td><\/td>\n<td><\/td>\n<td><strong>Iv\u00e1n Ramiro Sosa <\/strong><\/td>\n<td><strong>Equipo Kern Pharma<\/strong><\/td>\n<td><\/td>\n<td><\/td>\n<td><strong>1:39:47<\/strong><\/td>\n<\/tr>\n<tr>\n<td><strong>152<\/strong><\/td>\n<td><\/td>\n<td><\/td>\n<td><strong>Juan Guillermo Mart\u00ednez <\/strong><\/td>\n<td><strong>Team Picnic PostNL<\/strong><\/td>\n<td><\/td>\n<td><\/td>\n<td><strong>2:08:16<\/strong><\/td>\n<\/tr>\n<\/tbody>\n<\/table>\n<\/figure>\n<\/div>\n","protected":false},"excerpt":{"rendered":"<p>El franc\u00e9s&nbsp;Bastien Tronchon&nbsp;dio la sorpresa este martes en la&nbsp;d\u00e9cima etapa de La Vuelta a Espa\u00f1a 2026, disputada sobre&nbsp;184,7 kil\u00f3metros entre Alcaraz y Elche de la Sierra, al imponerse en un&hellip; <\/p>\n","protected":false},"author":1,"featured_media":2583,"comment_status":"open","ping_status":"closed","sticky":false,"template":"Default","format":"standard","meta":{"om_disable_all_campaigns":false,"_monsterinsights_skip_tracking":false,"fifu_image_url":"https:\/\/www.revistamundociclistico.com\/wp-content\/uploads\/2026\/09\/Enric-Mas-Podio-ET10-Vuelta-Espana-2026-1024x684.jpg","fifu_image_alt":"","footnotes":""},"categories":[9],"tags":[],"class_list":["post-2582","post","type-post","status-publish","format-standard","has-post-thumbnail","hentry","category-deportes"],"_links":{"self":[{"href":"https:\/\/radiomiaboyaca.com\/index.php\/wp-json\/wp\/v2\/posts\/2582","targetHints":{"allow":["GET"]}}],"collection":[{"href":"https:\/\/radiomiaboyaca.com\/index.php\/wp-json\/wp\/v2\/posts"}],"about":[{"href":"https:\/\/radiomiaboyaca.com\/index.php\/wp-json\/wp\/v2\/types\/post"}],"author":[{"embeddable":true,"href":"https:\/\/radiomiaboyaca.com\/index.php\/wp-json\/wp\/v2\/users\/1"}],"replies":[{"embeddable":true,"href":"https:\/\/radiomiaboyaca.com\/index.php\/wp-json\/wp\/v2\/comments?post=2582"}],"version-history":[{"count":1,"href":"https:\/\/radiomiaboyaca.com\/index.php\/wp-json\/wp\/v2\/posts\/2582\/revisions"}],"predecessor-version":[{"id":2584,"href":"https:\/\/radiomiaboyaca.com\/index.php\/wp-json\/wp\/v2\/posts\/2582\/revisions\/2584"}],"wp:featuredmedia":[{"embeddable":true,"href":"https:\/\/radiomiaboyaca.com\/index.php\/wp-json\/wp\/v2\/media\/2583"}],"wp:attachment":[{"href":"https:\/\/radiomiaboyaca.com\/index.php\/wp-json\/wp\/v2\/media?parent=2582"}],"wp:term":[{"taxonomy":"category","embeddable":true,"href":"https:\/\/radiomiaboyaca.com\/index.php\/wp-json\/wp\/v2\/categories?post=2582"},{"taxonomy":"post_tag","embeddable":true,"href":"https:\/\/radiomiaboyaca.com\/index.php\/wp-json\/wp\/v2\/tags?post=2582"}],"curies":[{"name":"wp","href":"https:\/\/api.w.org\/{rel}","templated":true}]}}