{"id":2579,"date":"2026-09-01T14:50:20","date_gmt":"2026-09-01T19:50:20","guid":{"rendered":"https:\/\/radiomiaboyaca.com\/?p=2579"},"modified":"2026-09-02T01:23:18","modified_gmt":"2026-09-02T06:23:18","slug":"wilson-pena-gana-la-contrarreloj-inaugural-de-la-clasica-de-marinilla-2026","status":"publish","type":"post","link":"https:\/\/radiomiaboyaca.com\/index.php\/2026\/09\/01\/wilson-pena-gana-la-contrarreloj-inaugural-de-la-clasica-de-marinilla-2026\/","title":{"rendered":"Wilson Pe\u00f1a gana la contrarreloj inaugural de la Cl\u00e1sica de Marinilla 2026"},"content":{"rendered":"<div id=\"modal-ready\">\n<p>En gran demostraci\u00f3n, el zipaquire\u00f1o <strong>Wilson Pe\u00f1a<\/strong> se impuso en la primera etapa de la edici\u00f3n 35\u00b0 de la <strong>Cl\u00e1sica de Marinilla<\/strong>, una <strong>contrarreloj individual <\/strong>de 18 kil\u00f3metros entre El Pe\u00f1ol y el Parque Principal de Marinilla.<\/p>\n<p>El corredor del<strong> Team Sistecr\u00e9dito<\/strong> firm\u00f3 el triunfo con un tiempo de 27:15\u201d, superando por 28 segundos al tolimense<strong> Camilo Ardila (NU Colombia) <\/strong>y por 57\u201d segundos al antioque\u00f1o <strong>Bernardo Suaza<\/strong>, del equipo <strong>Orgullo Paisa<\/strong>.<\/p>\n<p>El segundo cap\u00edtulo tendr\u00e1 67 kil\u00f3metros y se correr\u00e1 este mi\u00e9rcoles desde el parque de <strong>Alejandr\u00eda<\/strong>, pasando por <strong>Concepci\u00f3n <\/strong>y <strong>San Vicente<\/strong> hasta llegar nuevamente al <strong>Parque Principal de Marinilla.<\/strong><\/p>\n<p><strong>La Cl\u00e1sica Nacional \u201cRam\u00f3n Emilio Arcila\u201d<\/strong> finalizar\u00e1 el viernes despu\u00e9s de cuatro etapas, con un circuito urbano en el municipio que le pone nombre a la carrera, en el oriente antioque\u00f1o.<\/p>\n<\/p>\n<figure class=\"wp-block-image size-large\"><img fetchpriority=\"high\" decoding=\"async\" width=\"1024\" height=\"684\" src=\"https:\/\/www.revistamundociclistico.com\/wp-content\/uploads\/2026\/09\/Wilson-Pena-Podio-1ET-Lider-Clasica-Marinilla-2026-1024x684.jpg\" alt=\"\" class=\"wp-image-214746\" srcset=\"https:\/\/www.revistamundociclistico.com\/wp-content\/uploads\/2026\/09\/Wilson-Pena-Podio-1ET-Lider-Clasica-Marinilla-2026-1024x684.jpg 1024w, https:\/\/www.revistamundociclistico.com\/wp-content\/uploads\/2026\/09\/Wilson-Pena-Podio-1ET-Lider-Clasica-Marinilla-2026-300x200.jpg 300w, https:\/\/www.revistamundociclistico.com\/wp-content\/uploads\/2026\/09\/Wilson-Pena-Podio-1ET-Lider-Clasica-Marinilla-2026-768x513.jpg 768w, https:\/\/www.revistamundociclistico.com\/wp-content\/uploads\/2026\/09\/Wilson-Pena-Podio-1ET-Lider-Clasica-Marinilla-2026-500x334.jpg 500w, https:\/\/www.revistamundociclistico.com\/wp-content\/uploads\/2026\/09\/Wilson-Pena-Podio-1ET-Lider-Clasica-Marinilla-2026-700x467.jpg 700w, https:\/\/www.revistamundociclistico.com\/wp-content\/uploads\/2026\/09\/Wilson-Pena-Podio-1ET-Lider-Clasica-Marinilla-2026.jpg 1200w\" sizes=\"(max-width: 1024px) 100vw, 1024px\" \/><figcaption class=\"wp-element-caption\"><em>Wilson Pe\u00f1a, primer l\u00edder de la Cl\u00e1sica de Marinilla 2026. (Foto Anderson Bonilla \u00a9 RMC)<\/em><\/figcaption><\/figure>\n<p class=\"has-medium-font-size\" id=\"block-2a4cf8d2-6a62-4b32-9be3-877b9c564c53\"><strong>Cl\u00e1sica de Marinilla 2025<br \/>CRI | El Pe\u00f1ol \u2013 Parque de Marinilla (18 km)<\/strong><\/p>\n<figure class=\"wp-block-table\">\n<table>\n<tbody>\n<tr>\n<td><strong>1<\/strong><\/td>\n<td><strong>Wilson Pe\u00f1a<\/strong><\/td>\n<td><strong>Team Sistecr\u00e9dito<\/strong><\/td>\n<td><strong>28:12\u2033<\/strong><\/td>\n<\/tr>\n<tr>\n<td>2<\/td>\n<td>Camilo Ardila<\/td>\n<td> NU Colombia<\/td>\n<td>0:28<\/td>\n<\/tr>\n<tr>\n<td>3<\/td>\n<td>Bernardo Suaza<\/td>\n<td>Orgullo Paisa<\/td>\n<td>0:57<\/td>\n<\/tr>\n<tr>\n<td>4<\/td>\n<td>Kevin Castillo<\/td>\n<td>Orgullo Paisa<\/td>\n<td>0:58<\/td>\n<\/tr>\n<tr>\n<td>5<\/td>\n<td>Jaider Mu\u00f1oz<\/td>\n<td>Team Sistecr\u00e9dito<\/td>\n<td>1:06<\/td>\n<\/tr>\n<\/tbody>\n<\/table>\n<\/figure>\n<\/div>\n","protected":false},"excerpt":{"rendered":"<p>En gran demostraci\u00f3n, el zipaquire\u00f1o Wilson Pe\u00f1a se impuso en la primera etapa de la edici\u00f3n 35\u00b0 de la Cl\u00e1sica de Marinilla, una contrarreloj individual de 18 kil\u00f3metros entre El&hellip; <\/p>\n","protected":false},"author":1,"featured_media":2580,"comment_status":"open","ping_status":"closed","sticky":false,"template":"Default","format":"standard","meta":{"om_disable_all_campaigns":false,"_monsterinsights_skip_tracking":false,"fifu_image_url":"https:\/\/www.revistamundociclistico.com\/wp-content\/uploads\/2026\/09\/Wilson-Pena-Podio-1ET-Lider-Clasica-Marinilla-2026-1024x684.jpg","fifu_image_alt":"","footnotes":""},"categories":[9],"tags":[],"class_list":["post-2579","post","type-post","status-publish","format-standard","has-post-thumbnail","hentry","category-deportes"],"_links":{"self":[{"href":"https:\/\/radiomiaboyaca.com\/index.php\/wp-json\/wp\/v2\/posts\/2579","targetHints":{"allow":["GET"]}}],"collection":[{"href":"https:\/\/radiomiaboyaca.com\/index.php\/wp-json\/wp\/v2\/posts"}],"about":[{"href":"https:\/\/radiomiaboyaca.com\/index.php\/wp-json\/wp\/v2\/types\/post"}],"author":[{"embeddable":true,"href":"https:\/\/radiomiaboyaca.com\/index.php\/wp-json\/wp\/v2\/users\/1"}],"replies":[{"embeddable":true,"href":"https:\/\/radiomiaboyaca.com\/index.php\/wp-json\/wp\/v2\/comments?post=2579"}],"version-history":[{"count":1,"href":"https:\/\/radiomiaboyaca.com\/index.php\/wp-json\/wp\/v2\/posts\/2579\/revisions"}],"predecessor-version":[{"id":2581,"href":"https:\/\/radiomiaboyaca.com\/index.php\/wp-json\/wp\/v2\/posts\/2579\/revisions\/2581"}],"wp:featuredmedia":[{"embeddable":true,"href":"https:\/\/radiomiaboyaca.com\/index.php\/wp-json\/wp\/v2\/media\/2580"}],"wp:attachment":[{"href":"https:\/\/radiomiaboyaca.com\/index.php\/wp-json\/wp\/v2\/media?parent=2579"}],"wp:term":[{"taxonomy":"category","embeddable":true,"href":"https:\/\/radiomiaboyaca.com\/index.php\/wp-json\/wp\/v2\/categories?post=2579"},{"taxonomy":"post_tag","embeddable":true,"href":"https:\/\/radiomiaboyaca.com\/index.php\/wp-json\/wp\/v2\/tags?post=2579"}],"curies":[{"name":"wp","href":"https:\/\/api.w.org\/{rel}","templated":true}]}}