{"id":2575,"date":"2026-08-31T02:45:47","date_gmt":"2026-08-31T07:45:47","guid":{"rendered":"https:\/\/radiomiaboyaca.com\/?p=2575"},"modified":"2026-09-01T01:19:08","modified_gmt":"2026-09-01T06:19:08","slug":"los-dioses-tambien-pueden-caer-las-derrotas-de-pogacar-y-van-der-poel","status":"publish","type":"post","link":"https:\/\/radiomiaboyaca.com\/index.php\/2026\/08\/31\/los-dioses-tambien-pueden-caer-las-derrotas-de-pogacar-y-van-der-poel\/","title":{"rendered":"Los dioses tambi\u00e9n pueden caer: las derrotas de Pogacar y Van der Poel"},"content":{"rendered":"<p>Los dioses tambi\u00e9n pueden caer. Y as\u00ed lo hemos visto en apenas unos d\u00edas. En la Vuelta a Espa\u00f1a y en el campeonato del Mundo de mountain bike hemos comprobado que la mala fortuna y un mal d\u00eda pueden provocar que esos dioses intocables sean&#8230; al menos durante un tiempo humanos. Eso es lo sucedido con Tadej Pogacar y Mathieu van der Poel.<\/p>\n<p>No hay ninguna duda de que <strong>Tadej Pogacar<\/strong> iba camino de una c\u00f3moda victoria en la <strong>Vuelta a Espa\u00f1a de 2026<\/strong>. Ya hab\u00eda conseguido una renta considerable sorbe todos sus rivales y aunque <strong>Enric Mas<\/strong> est\u00e1 mejor que nunca, eso es muy diferente a pensar que el mallorqu\u00edn podr\u00eda descolgar y remontar varios minutos al de <strong>UAE<\/strong>. Sin embargo, una ca\u00edda camino de Xeraco le dej\u00f3 fuera de la carrera, le oblig\u00f3 a pasar por el quir\u00f3fano y genera un gran interrogante: \u00bfpodr\u00e1 volver a correr en 2026? No parece f\u00e1cil.<\/p>\n<p>El otro protagonista que se ha llevado un buen golpe ha sido <strong>Mathieu van der Poel.<\/strong> El neerland\u00e9s lleva desde hace unos cuantos a\u00f1os con una idea en la cabeza: ganar el <strong>Mundial de mountain bike<\/strong>. Y lo cierto es que muchas veces se dice que es imposible porque sale desde una posici\u00f3n muy retrasada. Sin embargo, ayer vimos a <strong>Tom Pidcock<\/strong> remontar hasta el oro y proclamarse campe\u00f3n mundial mientras que Van der Poel mostraba la cruz de la moneda y era incapaz de remontar y ni siquiera de encontrar un ritmo adecuado y proporcional a su calidad. Si Van der Poel logra ganar el Mundial de mountain bike, es obvio que lo tendr\u00e1 que hacer dedic\u00e1ndose en cuerpo y alma durante muchos meses. El llego y gano&#8230; no funciona para un ciclista que es todo un dios en el ciclocross o las cl\u00e1sicas de adoquines&#8230; pero no en la bicicleta de monta\u00f1a.<\/p>\n<div class=\"css-g5y9jx r-16y2uox r-1wbh5a2 r-1pi2tsx r-1777fci\">\n<div class=\"css-g5y9jx r-1habvwh\">\n<div class=\"css-g5y9jx r-xoduu5 r-1wbh5a2 r-dnmrzs r-1ny4l3l\">\n<div class=\"css-g5y9jx r-xoduu5 r-1wbh5a2 r-dnmrzs r-1ny4l3l r-1awozwy r-18u37iz\">\n<div class=\"css-g5y9jx r-xoduu5 r-1wbh5a2 r-dnmrzs r-1ny4l3l\">\n<div class=\"css-g5y9jx r-xoduu5 r-1awozwy r-18u37iz r-dnmrzs\"><span class=\"css-1jxf684 r-bcqeeo r-1ttztb7 r-qvutc0 r-poiln3 r-b88u0q r-1awozwy r-6koalj r-1udh08x r-3s2u2q\"><span class=\"css-1jxf684 r-dnmrzs r-1udh08x r-1udbk01 r-3s2u2q r-bcqeeo r-1ttztb7 r-qvutc0 r-poiln3\"><span class=\"css-1jxf684 r-bcqeeo r-1ttztb7 r-qvutc0 r-poiln3\">FOTO: @UAE-TeamEmirates<\/span><\/span><\/span><\/div>\n<\/div>\n<\/div>\n<\/div>\n<\/div>\n<\/div>\n<p>La entrada <a rel=\"nofollow\" href=\"https:\/\/www.zikloland.com\/los-dioses-tambien-pueden-caer-las-derrotas-de-pogacar-y-van-der-poel\/\">Los dioses tambi\u00e9n pueden caer: las derrotas de Pogacar y Van der Poel<\/a> aparece primero en <a rel=\"nofollow\" href=\"https:\/\/www.zikloland.com\">Zikloland<\/a>.<\/p>\n","protected":false},"excerpt":{"rendered":"<p>Los dioses tambi\u00e9n pueden caer. Y as\u00ed lo hemos visto en apenas unos d\u00edas. En la Vuelta a Espa\u00f1a y en el campeonato del Mundo de mountain bike hemos comprobado&hellip; <\/p>\n","protected":false},"author":1,"featured_media":0,"comment_status":"open","ping_status":"closed","sticky":false,"template":"Default","format":"standard","meta":{"om_disable_all_campaigns":false,"_monsterinsights_skip_tracking":false,"fifu_image_url":"","fifu_image_alt":"","footnotes":""},"categories":[9,1],"tags":[],"class_list":["post-2575","post","type-post","status-publish","format-standard","hentry","category-deportes","category-sin-categoria"],"_links":{"self":[{"href":"https:\/\/radiomiaboyaca.com\/index.php\/wp-json\/wp\/v2\/posts\/2575","targetHints":{"allow":["GET"]}}],"collection":[{"href":"https:\/\/radiomiaboyaca.com\/index.php\/wp-json\/wp\/v2\/posts"}],"about":[{"href":"https:\/\/radiomiaboyaca.com\/index.php\/wp-json\/wp\/v2\/types\/post"}],"author":[{"embeddable":true,"href":"https:\/\/radiomiaboyaca.com\/index.php\/wp-json\/wp\/v2\/users\/1"}],"replies":[{"embeddable":true,"href":"https:\/\/radiomiaboyaca.com\/index.php\/wp-json\/wp\/v2\/comments?post=2575"}],"version-history":[{"count":1,"href":"https:\/\/radiomiaboyaca.com\/index.php\/wp-json\/wp\/v2\/posts\/2575\/revisions"}],"predecessor-version":[{"id":2576,"href":"https:\/\/radiomiaboyaca.com\/index.php\/wp-json\/wp\/v2\/posts\/2575\/revisions\/2576"}],"wp:attachment":[{"href":"https:\/\/radiomiaboyaca.com\/index.php\/wp-json\/wp\/v2\/media?parent=2575"}],"wp:term":[{"taxonomy":"category","embeddable":true,"href":"https:\/\/radiomiaboyaca.com\/index.php\/wp-json\/wp\/v2\/categories?post=2575"},{"taxonomy":"post_tag","embeddable":true,"href":"https:\/\/radiomiaboyaca.com\/index.php\/wp-json\/wp\/v2\/tags?post=2575"}],"curies":[{"name":"wp","href":"https:\/\/api.w.org\/{rel}","templated":true}]}}