{"id":2572,"date":"2026-08-31T09:00:17","date_gmt":"2026-08-31T14:00:17","guid":{"rendered":"https:\/\/radiomiaboyaca.com\/?p=2572"},"modified":"2026-09-01T01:19:07","modified_gmt":"2026-09-01T06:19:07","slug":"ciclo-retro-los-seis-escarabajos-que-conquistaron-la-camiseta-de-los-premios-de-montana-en-la-vuelta-a-espana","status":"publish","type":"post","link":"https:\/\/radiomiaboyaca.com\/index.php\/2026\/08\/31\/ciclo-retro-los-seis-escarabajos-que-conquistaron-la-camiseta-de-los-premios-de-montana-en-la-vuelta-a-espana\/","title":{"rendered":"Ciclo-Retro: los seis escarabajos que conquistaron la camiseta de los premios de monta\u00f1a en la Vuelta a Espa\u00f1a"},"content":{"rendered":"<div id=\"modal-ready\">\n<p>En seis oportunidades Colombia consigui\u00f3 ganar la ic\u00f3nica camiseta de los lunares que se le adjudica al mejor escalador de la<strong> Vuelta a Espa\u00f1a<\/strong>. El primer escarabajo en ganarla fue <strong>Lucho Herrera<\/strong> en 1987, el mismo a\u00f1o en el que tambi\u00e9n se qued\u00f3 con el t\u00edtulo de la competencia. <\/p>\n<p>Ya refiri\u00e9ndonos al \u00faltimo nacional que la gan\u00f3, tenemos que hablar de <strong>F\u00e9lix &#8216;El Gato&#8217; C\u00e1rdenas<\/strong>, que se coron\u00f3 como el rey de la monta\u00f1a de manera consecutiva en 2003 y 2004. <\/p>\n<\/p>\n<figure class=\"wp-block-image size-large\"><img loading=\"lazy\" decoding=\"async\" width=\"1024\" height=\"683\" src=\"https:\/\/www.revistamundociclistico.com\/wp-content\/uploads\/2026\/08\/Santiago-Buitrago-9ET-Vuelta-Espana-2026-1024x683.jpg\" alt=\"\" class=\"wp-image-214635\" srcset=\"https:\/\/www.revistamundociclistico.com\/wp-content\/uploads\/2026\/08\/Santiago-Buitrago-9ET-Vuelta-Espana-2026-1024x683.jpg 1024w, https:\/\/www.revistamundociclistico.com\/wp-content\/uploads\/2026\/08\/Santiago-Buitrago-9ET-Vuelta-Espana-2026-300x200.jpg 300w, https:\/\/www.revistamundociclistico.com\/wp-content\/uploads\/2026\/08\/Santiago-Buitrago-9ET-Vuelta-Espana-2026-768x512.jpg 768w, https:\/\/www.revistamundociclistico.com\/wp-content\/uploads\/2026\/08\/Santiago-Buitrago-9ET-Vuelta-Espana-2026-500x333.jpg 500w, https:\/\/www.revistamundociclistico.com\/wp-content\/uploads\/2026\/08\/Santiago-Buitrago-9ET-Vuelta-Espana-2026-700x467.jpg 700w, https:\/\/www.revistamundociclistico.com\/wp-content\/uploads\/2026\/08\/Santiago-Buitrago-9ET-Vuelta-Espana-2026.jpg 1200w\" sizes=\"auto, (max-width: 1024px) 100vw, 1024px\" \/><figcaption class=\"wp-element-caption\"><em>Santiago Buitrago, l\u00edder de la monta\u00f1a en la Vuelta a Espa\u00f1a 2026. (Foto Team Bahrain Victorious \u00a9 Sprint Cycling)<\/em><\/figcaption><\/figure>\n<p>En la presente edici\u00f3n de la ronda ib\u00e9rica, <strong>Santiago Buitrago<\/strong> est\u00e1 haciendo historia en este apartado: el bogotano termin\u00f3 como l\u00edder de la monta\u00f1a trasncurrida la primera semana.<\/p>\n<p>A continuaci\u00f3n, la <strong>Revista Mundo Cicl\u00edstico<\/strong> hace un recuento con todos los colombianos que se llevaron la &#8216;camiseta de la monta\u00f1a&#8217; para su casa.<\/p>\n<p class=\"has-medium-font-size\"><strong>Lucho Herrera (1987 y 1991)<\/strong><\/p>\n<figure class=\"wp-block-image size-full\"><img loading=\"lazy\" decoding=\"async\" width=\"720\" height=\"420\" src=\"https:\/\/www.revistamundociclistico.com\/wp-content\/uploads\/2012\/05\/luis-herrera-vuelta-a-espana-2-720-px.jpg\" alt=\"Lucho Herrera sub\u00eda nuevamente al podio para vestirse de amarillo a falta de tres jornadas para el cierre de la vuelta\" class=\"wp-image-13304\" srcset=\"https:\/\/www.revistamundociclistico.com\/wp-content\/uploads\/2012\/05\/luis-herrera-vuelta-a-espana-2-720-px.jpg 720w, https:\/\/www.revistamundociclistico.com\/wp-content\/uploads\/2012\/05\/luis-herrera-vuelta-a-espana-2-720-px-300x175.jpg 300w\" sizes=\"auto, (max-width: 720px) 100vw, 720px\" \/><figcaption class=\"wp-element-caption\"><em>Lucho Herrera gan\u00f3 la Vuelta a Espa\u00f1a de 1987 y ese mismo a\u00f1o fue el mejor escalador. (Foto \u00a9 RMC)<\/em><\/figcaption><\/figure>\n<p class=\"has-medium-font-size\"><strong>\u00d3scar de Jes\u00fas Vargas (1989)<\/strong><\/p>\n<figure class=\"wp-block-image size-full\"><img loading=\"lazy\" decoding=\"async\" width=\"720\" height=\"420\" src=\"https:\/\/www.revistamundociclistico.com\/wp-content\/uploads\/2013\/11\/Oscar-de-Jesus-Vargas-Ciclista-720-px.jpg\" alt=\"\u201cLos objetivos con el equipo son los de poder estar disputando de nuevo la Vuelta a Colombia, el Cl\u00e1sico RCN y dem\u00e1s carreras importantes del calendario nacional\u201d, dijo el ahora entrenador, que como ciclista fue podio de la Vuelta a Espa\u00f1a en 1989\" class=\"wp-image-24548\" srcset=\"https:\/\/www.revistamundociclistico.com\/wp-content\/uploads\/2013\/11\/Oscar-de-Jesus-Vargas-Ciclista-720-px.jpg 720w, https:\/\/www.revistamundociclistico.com\/wp-content\/uploads\/2013\/11\/Oscar-de-Jesus-Vargas-Ciclista-720-px-300x175.jpg 300w\" sizes=\"auto, (max-width: 720px) 100vw, 720px\" \/><figcaption class=\"wp-element-caption\">\u00d3scar de Jes\u00fas Vargas fue rey de la monta\u00f1a en la Vuelta a Espa\u00f1a en 1989. (Foto \u00a9 RMC)<\/figcaption><\/figure>\n<p class=\"has-medium-font-size\">\n<p class=\"has-medium-font-size\"><strong>Mart\u00edn Farf\u00e1n (1990)<\/strong><\/p>\n<figure class=\"wp-block-image size-full\"><img loading=\"lazy\" decoding=\"async\" width=\"500\" height=\"608\" src=\"https:\/\/www.revistamundociclistico.com\/wp-content\/uploads\/2020\/07\/Martin-Farfan-1990-2.jpg\" alt=\"\" class=\"wp-image-84860\" srcset=\"https:\/\/www.revistamundociclistico.com\/wp-content\/uploads\/2020\/07\/Martin-Farfan-1990-2.jpg 500w, https:\/\/www.revistamundociclistico.com\/wp-content\/uploads\/2020\/07\/Martin-Farfan-1990-2-247x300.jpg 247w\" sizes=\"auto, (max-width: 500px) 100vw, 500px\" \/><\/figure>\n<p>Mart\u00edn Farfan, el mejor escalado de la Vuelta en 1990. (Foto \u00a9 RMC)<\/p>\n<p class=\"has-medium-font-size\"><strong>F\u00e9lix &#8216;El Gato&#8217; C\u00e1rdenas (2003 y 2004)<\/strong><\/p>\n<figure class=\"wp-block-image size-large\"><img loading=\"lazy\" decoding=\"async\" width=\"1024\" height=\"683\" src=\"https:\/\/www.revistamundociclistico.com\/wp-content\/uploads\/2022\/04\/Felix-Cardenas-Vuelta-Asturias-2004-1024x683.jpg\" alt=\"\" class=\"wp-image-119091\" srcset=\"https:\/\/www.revistamundociclistico.com\/wp-content\/uploads\/2022\/04\/Felix-Cardenas-Vuelta-Asturias-2004-1024x683.jpg 1024w, https:\/\/www.revistamundociclistico.com\/wp-content\/uploads\/2022\/04\/Felix-Cardenas-Vuelta-Asturias-2004-300x200.jpg 300w, https:\/\/www.revistamundociclistico.com\/wp-content\/uploads\/2022\/04\/Felix-Cardenas-Vuelta-Asturias-2004-768x512.jpg 768w, https:\/\/www.revistamundociclistico.com\/wp-content\/uploads\/2022\/04\/Felix-Cardenas-Vuelta-Asturias-2004.jpg 1200w\" sizes=\"auto, (max-width: 1024px) 100vw, 1024px\" \/><figcaption class=\"wp-element-caption\">Defendiendo los colores del <em>Caf\u00e9 Baqu\u00e9-Orbitel<\/em>, repiti\u00f3 el t\u00edtulo como el mejor escalador en 2004 y se adjudic\u00f3 la etapa 17. (<em>Foto \u00a9<\/em> <em>Caf\u00e9 Baqu\u00e9-Orbitel<\/em>)<\/figcaption><\/figure>\n<\/div>\n","protected":false},"excerpt":{"rendered":"<p>En seis oportunidades Colombia consigui\u00f3 ganar la ic\u00f3nica camiseta de los lunares que se le adjudica al mejor escalador de la Vuelta a Espa\u00f1a. El primer escarabajo en ganarla fue&hellip; <\/p>\n","protected":false},"author":1,"featured_media":2573,"comment_status":"open","ping_status":"closed","sticky":false,"template":"Default","format":"standard","meta":{"om_disable_all_campaigns":false,"_monsterinsights_skip_tracking":false,"fifu_image_url":"https:\/\/www.revistamundociclistico.com\/wp-content\/uploads\/2026\/08\/Santiago-Buitrago-9ET-Vuelta-Espana-2026-1024x683.jpg","fifu_image_alt":"","footnotes":""},"categories":[9],"tags":[],"class_list":["post-2572","post","type-post","status-publish","format-standard","has-post-thumbnail","hentry","category-deportes"],"_links":{"self":[{"href":"https:\/\/radiomiaboyaca.com\/index.php\/wp-json\/wp\/v2\/posts\/2572","targetHints":{"allow":["GET"]}}],"collection":[{"href":"https:\/\/radiomiaboyaca.com\/index.php\/wp-json\/wp\/v2\/posts"}],"about":[{"href":"https:\/\/radiomiaboyaca.com\/index.php\/wp-json\/wp\/v2\/types\/post"}],"author":[{"embeddable":true,"href":"https:\/\/radiomiaboyaca.com\/index.php\/wp-json\/wp\/v2\/users\/1"}],"replies":[{"embeddable":true,"href":"https:\/\/radiomiaboyaca.com\/index.php\/wp-json\/wp\/v2\/comments?post=2572"}],"version-history":[{"count":1,"href":"https:\/\/radiomiaboyaca.com\/index.php\/wp-json\/wp\/v2\/posts\/2572\/revisions"}],"predecessor-version":[{"id":2574,"href":"https:\/\/radiomiaboyaca.com\/index.php\/wp-json\/wp\/v2\/posts\/2572\/revisions\/2574"}],"wp:featuredmedia":[{"embeddable":true,"href":"https:\/\/radiomiaboyaca.com\/index.php\/wp-json\/wp\/v2\/media\/2573"}],"wp:attachment":[{"href":"https:\/\/radiomiaboyaca.com\/index.php\/wp-json\/wp\/v2\/media?parent=2572"}],"wp:term":[{"taxonomy":"category","embeddable":true,"href":"https:\/\/radiomiaboyaca.com\/index.php\/wp-json\/wp\/v2\/categories?post=2572"},{"taxonomy":"post_tag","embeddable":true,"href":"https:\/\/radiomiaboyaca.com\/index.php\/wp-json\/wp\/v2\/tags?post=2572"}],"curies":[{"name":"wp","href":"https:\/\/api.w.org\/{rel}","templated":true}]}}