{"id":2570,"date":"2026-08-31T10:00:00","date_gmt":"2026-08-31T15:00:00","guid":{"rendered":"https:\/\/radiomiaboyaca.com\/?p=2570"},"modified":"2026-09-01T01:19:07","modified_gmt":"2026-09-01T06:19:07","slug":"andres-mancipe-nuevo-refuerzo-del-team-hino-one-la-red-suzuki-para-lo-que-resta-de-la-temporada","status":"publish","type":"post","link":"https:\/\/radiomiaboyaca.com\/index.php\/2026\/08\/31\/andres-mancipe-nuevo-refuerzo-del-team-hino-one-la-red-suzuki-para-lo-que-resta-de-la-temporada\/","title":{"rendered":"Andr\u00e9s Mancipe, nuevo refuerzo del Team Hino-One La Red Suzuki para lo que resta de la temporada"},"content":{"rendered":"<div id=\"modal-ready\">\n<p>El equipo continental guatemalteco <strong>Hino-One La Red Suzuki <\/strong>contin\u00faa fortaleciendo su planilla de cara a los principales objetivos de la segunda parte de la temporada y anunci\u00f3 la incorporaci\u00f3n del colombiano<strong> Andr\u00e9s Mancipe<\/strong>, quien se suma a la escuadra guatemalteca para debutar en la<strong> Vuelta a Honduras<\/strong>.<\/p>\n<p>\u201cBueno, <strong>lleg\u00f3 con las expectativas muy altas<\/strong>, la idea es ayudar a Mardoqueo y a Pira en las etapas monta\u00f1osas, y si puedo estar diputando alguna ser\u00eda s\u00faper bueno para m\u00ed. <strong>Vengo bien, de hacer un mes de competencias en Espa\u00f1a<\/strong> y llego con buenas piernas para lo que viene\u201d dijo Mancipe.<\/p>\n<p>A sus 24 a\u00f1os, Mancipe llega al <strong>Team Hino-One La Red Suzuki <\/strong>con una trayectoria que combina experiencia en el competitivo ciclismo colombiano y dos temporadas desarrolladas en Espa\u00f1a, donde ha adquirido un importante rodaje dentro del calendario europeo.<\/p>\n<p>\u201c<strong>Es un corredor bien completo, sube bien y se defiende tambi\u00e9n muy bien en el plano<\/strong>. El objetivo siempre es reforzar el equipo y tener siempre un bloque m\u00e1s competitivo. <strong>\u00c9l viene de Espa\u00f1a<\/strong>, es un ciclista muy fuerte. Estar\u00e1 terminando la temporada con nosotros y ah\u00ed se analizar\u00e1 si se le har\u00e1 contrato para el pr\u00f3ximo a\u00f1o\u201d, indic\u00f3 el t\u00e9cnico del equipo, <strong>Alfredo Ajpacaj\u00e1<\/strong>.<\/p>\n<p>El corredor colombiano ha formado parte de importantes escuadras de su pa\u00eds. En 2022 defendi\u00f3 los colores del <strong>Colombia Tierra de Atletas \u2013 GW Bicicletas<\/strong>, mientras que en 2023 integr\u00f3 el <strong>GW Shimano-Sidermec<\/strong>, sus \u00faltimas dos temporadas corri\u00f3 en el calendario espa\u00f1ol con el club <strong>ODL Team \u2013 Lasal Cocinas<\/strong>.<\/p>\n<p>Uno de los principales objetivos con su llegada ser\u00e1 que Mancipe se <strong>convierta en un gregario de lujo para Mardoqueo V\u00e1squez<\/strong>, especialmente de cara a la <strong>Vuelta a Guatemala<\/strong>, principal reto del Team Hino-One La Red Suzuki para este segundo semestre.<\/p>\n<p><strong>Mancipe afronta ahora una nueva etapa de su carrera deportiva en Guatemala<\/strong>, donde buscar\u00e1 aportar toda la experiencia adquirida durante sus a\u00f1os de formaci\u00f3n y competencia tanto en Colombia como en Espa\u00f1a.<\/p>\n<p class=\"has-medium-font-size\"><strong><em>*Con Informaci\u00f3n Hino Cycling Team\u00a0<\/em><\/strong><\/p>\n<\/div>\n","protected":false},"excerpt":{"rendered":"<p>El equipo continental guatemalteco Hino-One La Red Suzuki contin\u00faa fortaleciendo su planilla de cara a los principales objetivos de la segunda parte de la temporada y anunci\u00f3 la incorporaci\u00f3n del&hellip; <\/p>\n","protected":false},"author":1,"featured_media":0,"comment_status":"open","ping_status":"closed","sticky":false,"template":"Default","format":"standard","meta":{"om_disable_all_campaigns":false,"_monsterinsights_skip_tracking":false,"fifu_image_url":"","fifu_image_alt":"","footnotes":""},"categories":[9],"tags":[],"class_list":["post-2570","post","type-post","status-publish","format-standard","hentry","category-deportes"],"_links":{"self":[{"href":"https:\/\/radiomiaboyaca.com\/index.php\/wp-json\/wp\/v2\/posts\/2570","targetHints":{"allow":["GET"]}}],"collection":[{"href":"https:\/\/radiomiaboyaca.com\/index.php\/wp-json\/wp\/v2\/posts"}],"about":[{"href":"https:\/\/radiomiaboyaca.com\/index.php\/wp-json\/wp\/v2\/types\/post"}],"author":[{"embeddable":true,"href":"https:\/\/radiomiaboyaca.com\/index.php\/wp-json\/wp\/v2\/users\/1"}],"replies":[{"embeddable":true,"href":"https:\/\/radiomiaboyaca.com\/index.php\/wp-json\/wp\/v2\/comments?post=2570"}],"version-history":[{"count":1,"href":"https:\/\/radiomiaboyaca.com\/index.php\/wp-json\/wp\/v2\/posts\/2570\/revisions"}],"predecessor-version":[{"id":2571,"href":"https:\/\/radiomiaboyaca.com\/index.php\/wp-json\/wp\/v2\/posts\/2570\/revisions\/2571"}],"wp:attachment":[{"href":"https:\/\/radiomiaboyaca.com\/index.php\/wp-json\/wp\/v2\/media?parent=2570"}],"wp:term":[{"taxonomy":"category","embeddable":true,"href":"https:\/\/radiomiaboyaca.com\/index.php\/wp-json\/wp\/v2\/categories?post=2570"},{"taxonomy":"post_tag","embeddable":true,"href":"https:\/\/radiomiaboyaca.com\/index.php\/wp-json\/wp\/v2\/tags?post=2570"}],"curies":[{"name":"wp","href":"https:\/\/api.w.org\/{rel}","templated":true}]}}