{"id":2565,"date":"2026-08-31T12:00:29","date_gmt":"2026-08-31T17:00:29","guid":{"rendered":"https:\/\/radiomiaboyaca.com\/?p=2565"},"modified":"2026-09-01T01:19:06","modified_gmt":"2026-09-01T06:19:06","slug":"vuelta-a-colombia-master-2026-mas-de-400-corredores-inician-la-fiesta-del-ciclismo-recreativo-en-yopal","status":"publish","type":"post","link":"https:\/\/radiomiaboyaca.com\/index.php\/2026\/08\/31\/vuelta-a-colombia-master-2026-mas-de-400-corredores-inician-la-fiesta-del-ciclismo-recreativo-en-yopal\/","title":{"rendered":"Vuelta a Colombia Master 2026: m\u00e1s de 400 corredores inician la fiesta del ciclismo recreativo en Yopal"},"content":{"rendered":"<div id=\"modal-ready\">\n<p>Todo listo en las hermosas llanuras del Casanare para el inicio este mi\u00e9rcoles de la <strong>edici\u00f3n 31 de la Vuelta a Colombia Master<\/strong>, que como en los a\u00f1os anteriores contar\u00e1 con una masiva presencia de corredores nacionales e internacionales, m\u00e1s de 400 hombres y mujeres de diez pa\u00edses, apasionados por la bicicleta.<\/p>\n<p><strong>Un multicolor espect\u00e1culo deportivo<\/strong> que invita a la afici\u00f3n casanare\u00f1a a volcarse a en sus calles y carreteras, no solo para animar al numeroso contingente de la regi\u00f3n, como a esas grandes leyendas del ciclismo que escribieron p\u00e1ginas de oro en la historia del ciclismo colombiano, <strong>destacando a Mart\u00edn Ram\u00edrez, Pablo Wilches, Libardo Ni\u00f1o, Israel Ochoa, Gerardo Moncada<\/strong>, entre otros.<\/p>\n<p><strong>La fiesta de la XXXI Vuelta a Colombia Master <\/strong>se iniciar\u00e1 este martes desde las 9:00 am en el Hotel GHL de <strong>Yopal, sede oficial de la carrera<\/strong>, con la entrega de los Kits para los corredores inscritos. El congresillo t\u00e9cnico, liderado por el comisario internacional <strong>H\u00e9ctor Fabio Arcila<\/strong>, est\u00e1 programado para las 3:00 pm en uno de los salones del hotel GHL.<\/p>\n<p>La primera de las cinco etapas programadas por la organizaci\u00f3n de la carrera a cargo de la <strong>Asociaci\u00f3n Colombiana de Ciclismo Senior Master<\/strong> y <strong>Krear Deportes<\/strong>, rodar\u00e1 el mi\u00e9rcoles sobre un trazado de 73 kms. Entre <strong>Yopal<\/strong> y <strong>Pore<\/strong>, con altas posibilidades para especialistas del terreno llano y para velocistas en las eventuales llegadas masivas.<\/p>\n<p>La <strong>Vuelta a Colombia Master <\/strong>ha contado con el enorme respaldo del se\u00f1or gobernador del Casanare, <strong>Cesar Augusto Ort\u00edz Zorro<\/strong>; el alcalde de Yopal, <strong>Marco Tulio Ruiz Ria\u00f1o<\/strong>, el gerente de Indercas, Rubiel Vargas, quienes no han escatimado esfuerzos para traer a la regi\u00f3n el evento, que no solo es recreaci\u00f3n y esparcimiento sino que dinamiza la econom\u00eda de los sectores hotelero, gastron\u00f3mico y tur\u00edstico de la regi\u00f3n.<\/p>\n<p><em><strong>*Con Informaci\u00f3n Departamento de Comunicaciones Vuelta a Colombia Master 2026<\/strong><\/em><\/p>\n<\/div>\n","protected":false},"excerpt":{"rendered":"<p>Todo listo en las hermosas llanuras del Casanare para el inicio este mi\u00e9rcoles de la edici\u00f3n 31 de la Vuelta a Colombia Master, que como en los a\u00f1os anteriores contar\u00e1&hellip; <\/p>\n","protected":false},"author":1,"featured_media":0,"comment_status":"open","ping_status":"closed","sticky":false,"template":"Default","format":"standard","meta":{"om_disable_all_campaigns":false,"_monsterinsights_skip_tracking":false,"fifu_image_url":"","fifu_image_alt":"","footnotes":""},"categories":[9],"tags":[],"class_list":["post-2565","post","type-post","status-publish","format-standard","hentry","category-deportes"],"_links":{"self":[{"href":"https:\/\/radiomiaboyaca.com\/index.php\/wp-json\/wp\/v2\/posts\/2565","targetHints":{"allow":["GET"]}}],"collection":[{"href":"https:\/\/radiomiaboyaca.com\/index.php\/wp-json\/wp\/v2\/posts"}],"about":[{"href":"https:\/\/radiomiaboyaca.com\/index.php\/wp-json\/wp\/v2\/types\/post"}],"author":[{"embeddable":true,"href":"https:\/\/radiomiaboyaca.com\/index.php\/wp-json\/wp\/v2\/users\/1"}],"replies":[{"embeddable":true,"href":"https:\/\/radiomiaboyaca.com\/index.php\/wp-json\/wp\/v2\/comments?post=2565"}],"version-history":[{"count":1,"href":"https:\/\/radiomiaboyaca.com\/index.php\/wp-json\/wp\/v2\/posts\/2565\/revisions"}],"predecessor-version":[{"id":2566,"href":"https:\/\/radiomiaboyaca.com\/index.php\/wp-json\/wp\/v2\/posts\/2565\/revisions\/2566"}],"wp:attachment":[{"href":"https:\/\/radiomiaboyaca.com\/index.php\/wp-json\/wp\/v2\/media?parent=2565"}],"wp:term":[{"taxonomy":"category","embeddable":true,"href":"https:\/\/radiomiaboyaca.com\/index.php\/wp-json\/wp\/v2\/categories?post=2565"},{"taxonomy":"post_tag","embeddable":true,"href":"https:\/\/radiomiaboyaca.com\/index.php\/wp-json\/wp\/v2\/tags?post=2565"}],"curies":[{"name":"wp","href":"https:\/\/api.w.org\/{rel}","templated":true}]}}