{"id":2563,"date":"2026-08-31T13:00:07","date_gmt":"2026-08-31T18:00:07","guid":{"rendered":"https:\/\/radiomiaboyaca.com\/?p=2563"},"modified":"2026-09-01T01:19:06","modified_gmt":"2026-09-01T06:19:06","slug":"oficial-el-clasico-rcn-sistecredito-2026-cambia-de-fecha-y-el-recorrido-sigue-igual","status":"publish","type":"post","link":"https:\/\/radiomiaboyaca.com\/index.php\/2026\/08\/31\/oficial-el-clasico-rcn-sistecredito-2026-cambia-de-fecha-y-el-recorrido-sigue-igual\/","title":{"rendered":"Oficial: el Cl\u00e1sico RCN Sistecr\u00e9dito 2026 cambia de fecha y el recorrido sigue igual"},"content":{"rendered":"<div id=\"modal-ready\">\n<p>El <strong>\u2018Duelo de Titanes\u2019<\/strong> se disputar\u00e1 del 17 al 25 de octubre, con las mismas nueve etapas y los 1.272 kil\u00f3metros inicialmente anunciados. En atenci\u00f3n a la emergencia que vive Colombia tras el terremoto del pasado 10 de agosto, la organizaci\u00f3n del <strong>Cl\u00e1sico RCN Sistecr\u00e9dito 2026<\/strong> determin\u00f3 modificar las fechas de la edici\u00f3n n\u00famero 66 de la tradicional carrera del calendario nacional.<\/p>\n<p>La competencia, inicialmente programada del 19 al 27 de septiembre, se realizar\u00e1 ahora en octubre, pero <strong>el recorrido no cambia<\/strong>. La versi\u00f3n de este a\u00f1o <strong>conservar\u00e1 las mismas nueve etapas, 1.272 kil\u00f3metros<\/strong> y ciudades de salida y llegada anunciadas inicialmente. El \u00fanico ajuste corresponde al calendario de competencia.<\/p>\n<p>La decisi\u00f3n busca atender el contexto que atraviesa el pa\u00eds y garantizar las condiciones necesarias para la realizaci\u00f3n de <strong>una de las carreras m\u00e1s importantes del calendario cicl\u00edstico colombiano<\/strong>.<\/p>\n<p>Pero el <strong>Cl\u00e1sico RCN Sistecr\u00e9dito 2026<\/strong> tambi\u00e9n quiere asumir un compromiso que va m\u00e1s all\u00e1 de lo deportivo.<strong> Llevar un mensaje de optimismo<\/strong>, recuperaci\u00f3n an\u00edmica y reconstrucci\u00f3n material a las zonas afectadas por el terremoto har\u00e1 parte de la labor de esta nueva edici\u00f3n, como un valioso aporte a la reactivaci\u00f3n econ\u00f3mica y social de las regiones afectadas.<\/p>\n<p>La organizaci\u00f3n insiste en una <strong>convocatoria nacional para continuar apoyando a los compatriotas m\u00e1s afectados por la emergencia<\/strong>. El Cl\u00e1sico quiere ser tambi\u00e9n un escenario de solidaridad y acompa\u00f1amiento, llevando a las regiones un mensaje de esperanza, fortaleza y apoyo, con el respaldo de todo el pa\u00eds.<\/p>\n<p class=\"has-medium-font-size\"><strong>Nueve etapas, 1.272 kil\u00f3metros y siete departamentos<\/strong><\/p>\n<p>El <strong>Cl\u00e1sico RCN Sistecr\u00e9dito 2026 <\/strong>mantiene un recorrido dise\u00f1ado para responder a las exigencias del ciclismo moderno y ofrecer una competencia de alto nivel al talento colombiano que posteriormente afrontar\u00e1 los principales retos del calendario internacional.<\/p>\n<p>Durante nueve d\u00edas, el pelot\u00f3n recorrer\u00e1 <strong>carreteras de Cundinamarca, Tolima, Quind\u00edo, Risaralda, Valle del Cauca, Caldas<\/strong> y <strong>Antioquia<\/strong>.<\/p>\n<p>El trazado combina etapas llanas, media monta\u00f1a, ascensos exigentes, largos descensos y una espectacular cronoescalada final, que<strong> llevar\u00e1 la definici\u00f3n hasta el Alto de Las Palmas<\/strong>.<\/p>\n<p>La <strong>diversidad geogr\u00e1fica y clim\u00e1tica <\/strong>volver\u00e1 a poner a prueba a los mejores ruteros del pa\u00eds, en una carrera que mantiene intacta la esencia competitiva que durante d\u00e9cadas ha caracterizado al \u201cDuelo de Titanes\u201d.<\/p>\n<p class=\"has-medium-font-size\"><strong>Cambian las fechas, el desaf\u00edo permanece<\/strong><\/p>\n<p>El <strong>Cl\u00e1sico RCN Sistecr\u00e9dito 2026<\/strong> afrontar\u00e1 una nueva edici\u00f3n en un nuevo momento del calendario, como consecuencia de la emergencia que vive Colombia, pero lo har\u00e1 con el mismo recorrido, la misma distancia y el mismo esp\u00edritu competitivo.<\/p>\n<p>\u201c<strong>Queremos que este Cl\u00e1sico RCN Sistecr\u00e9dito sea tambi\u00e9n un Cl\u00e1sico Social, un Cl\u00e1sico de esperanza, de fort<\/strong>aleza y de apoyo. Vamos a recorrer las regiones afectadas llevando un mensaje de optimismo y de recuperaci\u00f3n, y queremos que esta carrera sea un aporte a la reactivaci\u00f3n econ\u00f3mica de esas zonas. Por eso hacemos una convocatoria a todo el pa\u00eds para que sigamos acompa\u00f1ando y apoyando a nuestros compatriotas que hoy m\u00e1s lo necesitan.<strong> El Cl\u00e1sico RCN quiere estar ah\u00ed, cerca de ellos, y demostrar una vez m\u00e1s que Colombia unida es capaz de salir adelante<\/strong>\u201d, afirm\u00f3 H\u00e9ctor Palau Saldarriaga, director del Cl\u00e1sico RCN Sistecr\u00e9dito.<\/p>\n<p class=\"has-medium-font-size\"><strong>Recorrido del Cl\u00e1sico RCN Sistecr\u00e9dito 2026<\/strong><\/p>\n<p><strong>Etapa 1 \u2013 s\u00e1bado 17 de octubre<\/strong><br \/>Mosquera \u2013 Zipaquir\u00e1 | 182,9 km.<br \/>Mosquera \u2013 Madrid \u2013 Facatativ\u00e1 \u2013 El Rosal \u2013 Subachoque \u2013 Tabio \u2013 Cajic\u00e1 \u2013 Ubat\u00e9 \u2013 Zipaquir\u00e1.<\/p>\n<p><strong>Etapa 2 \u2013 domingo 18 de octubre<\/strong><br \/>Funza \u2013 Honda | 131,3 km.<br \/>Funza \u2013 Mosquera \u2013 Madrid \u2013 Facatativ\u00e1 \u2013 Alto de La Tribuna \u2013 Sasaima \u2013 Villeta \u2013 Guaduas \u2013 Honda.<\/p>\n<p><strong>Etapa 3 \u2013 lunes 19 de octubre<\/strong><br \/>Honda \u2013 Villa Restrepo | 153,1 km.<br \/>Honda \u2013 Mariquita \u2013 Armero Guayabal \u2013 L\u00e9rida \u2013 Venadillo \u2013 Alvarado \u2013 Ibagu\u00e9 \u2013 Villa Restrepo.<\/p>\n<p><strong>Etapa 4 \u2013 martes 20 de octubre<\/strong><br \/>Ibagu\u00e9 \u2013 Sevilla | 133 km.<br \/>Ibagu\u00e9 \u2013 Cajamarca \u2013 Calarc\u00e1 \u2013 Barcelona \u2013 Caicedonia \u2013 Sevilla.<\/p>\n<p><strong>Etapa 5 \u2013 mi\u00e9rcoles 21 de octubre<\/strong><br \/>Caicedonia \u2013 Cali | 171,7 km.<br \/>Caicedonia \u2013 Sevilla \u2013 La Uribe \u2013 Bugalagrande \u2013 Tulu\u00e1 \u2013 Buga \u2013 Amaime \u2013 Palmira \u2013 Cali.<\/p>\n<p><strong>Etapa 6 \u2013 jueves 22 de octubre<\/strong><br \/>Palmira \u2013 Anserma | 225,2 km.<br \/>Palmira \u2013 Amaime \u2013 Buga \u2013 Tulu\u00e1 \u2013 Andaluc\u00eda \u2013 La Uribe \u2013 Zarzal \u2013 La Victoria \u2013 Obando \u2013 Cartago \u2013 Cerritos \u2013 La Virginia \u2013 Viterbo \u2013 Anserma.<\/p>\n<p><strong>Etapa 7 \u2013 viernes 23 de octubre<\/strong><br \/>Sup\u00eda \u2013 La Estrella | 121,6 km.<br \/>Sup\u00eda \u2013 La Pintada \u2013 Caldas \u2013 La Estrella.<\/p>\n<p><strong>Etapa 8 \u2013 s\u00e1bado 24 de octubre<\/strong><br \/>Bello \u2013 Santo Domingo | 136 km.<br \/>Bello \u2013 Copacabana \u2013 Girardota \u2013 Hatillo \u2013 Barbosa \u2013 Cisneros \u2013 Alto de La Quiebra \u2013 Barbosa \u2013 Santo Domingo.<\/p>\n<p><strong>Etapa 9 \u2013 domingo 25 de octubre<\/strong><br \/>Medell\u00edn \u2013 Alto de Las Palmas | 17,2 km.<br \/>Contrarreloj individual con salida en el Edificio Inteligente de EPM y llegada en el Alto de Las Palmas.<\/p>\n<p class=\"has-medium-font-size\"><strong><em>*Con Informaci\u00f3n Prensa Cl\u00e1sico RCN<\/em><\/strong><\/p>\n<\/div>\n","protected":false},"excerpt":{"rendered":"<p>El \u2018Duelo de Titanes\u2019 se disputar\u00e1 del 17 al 25 de octubre, con las mismas nueve etapas y los 1.272 kil\u00f3metros inicialmente anunciados. En atenci\u00f3n a la emergencia que vive&hellip; <\/p>\n","protected":false},"author":1,"featured_media":0,"comment_status":"open","ping_status":"closed","sticky":false,"template":"Default","format":"standard","meta":{"om_disable_all_campaigns":false,"_monsterinsights_skip_tracking":false,"fifu_image_url":"","fifu_image_alt":"","footnotes":""},"categories":[9],"tags":[],"class_list":["post-2563","post","type-post","status-publish","format-standard","hentry","category-deportes"],"_links":{"self":[{"href":"https:\/\/radiomiaboyaca.com\/index.php\/wp-json\/wp\/v2\/posts\/2563","targetHints":{"allow":["GET"]}}],"collection":[{"href":"https:\/\/radiomiaboyaca.com\/index.php\/wp-json\/wp\/v2\/posts"}],"about":[{"href":"https:\/\/radiomiaboyaca.com\/index.php\/wp-json\/wp\/v2\/types\/post"}],"author":[{"embeddable":true,"href":"https:\/\/radiomiaboyaca.com\/index.php\/wp-json\/wp\/v2\/users\/1"}],"replies":[{"embeddable":true,"href":"https:\/\/radiomiaboyaca.com\/index.php\/wp-json\/wp\/v2\/comments?post=2563"}],"version-history":[{"count":1,"href":"https:\/\/radiomiaboyaca.com\/index.php\/wp-json\/wp\/v2\/posts\/2563\/revisions"}],"predecessor-version":[{"id":2564,"href":"https:\/\/radiomiaboyaca.com\/index.php\/wp-json\/wp\/v2\/posts\/2563\/revisions\/2564"}],"wp:attachment":[{"href":"https:\/\/radiomiaboyaca.com\/index.php\/wp-json\/wp\/v2\/media?parent=2563"}],"wp:term":[{"taxonomy":"category","embeddable":true,"href":"https:\/\/radiomiaboyaca.com\/index.php\/wp-json\/wp\/v2\/categories?post=2563"},{"taxonomy":"post_tag","embeddable":true,"href":"https:\/\/radiomiaboyaca.com\/index.php\/wp-json\/wp\/v2\/tags?post=2563"}],"curies":[{"name":"wp","href":"https:\/\/api.w.org\/{rel}","templated":true}]}}