{"id":2560,"date":"2026-08-31T13:30:00","date_gmt":"2026-08-31T18:30:00","guid":{"rendered":"https:\/\/radiomiaboyaca.com\/?p=2560"},"modified":"2026-09-01T01:19:06","modified_gmt":"2026-09-01T06:19:06","slug":"la-clasica-de-marinilla-reanuda-el-calendario-ciclistico-nacional","status":"publish","type":"post","link":"https:\/\/radiomiaboyaca.com\/index.php\/2026\/08\/31\/la-clasica-de-marinilla-reanuda-el-calendario-ciclistico-nacional\/","title":{"rendered":"La Cl\u00e1sica de Marinilla reanuda el calendario cicl\u00edstico nacional"},"content":{"rendered":"<div id=\"modal-ready\">\n<p>Tras la para obligada por el terremoto que sacudi\u00f3 al pa\u00eds el pasado 10 de agosto,<strong> se reanuda el calendario cicl\u00edstico nacional <\/strong>con la <strong>Cl\u00e1sica de Marinilla &#8211; Ram\u00f3n Emilio Arcila,<\/strong> que se correr\u00e1 por las carreteras del Oriente Antioque\u00f1o entre el 1 y el 4 de septiembre por diferentes municipios de la regi\u00f3n.<\/p>\n<p>La edici\u00f3n n\u00famero 35 de la tradicional carrera paisa, organizada por la <strong>Alcald\u00eda de Marinilla<\/strong>, el <strong>Instituto de Deporte y Recreaci\u00f3n de Marinilla<\/strong> (INDERMA) y la<strong> Liga de Ciclismo de Antioquia<\/strong>, cuenta con el aval de la<strong> Federaci\u00f3n Colombiana de Ciclismo<\/strong> y reunir\u00e1 durante cuatro jornadas a la rama femenina y masculina.<\/p>\n<p>En la prueba que tiene como escenario el <strong>oriente antioque\u00f1o<\/strong> tomar\u00e1n parte equipos y corredores de la categor\u00eda \u00e9lite masculina, Sub 23 y juveniles, as\u00ed como la categor\u00eda femenina \u00e9lite. Los campeones de la carrera el a\u00f1o anterior fueron el antioque\u00f1o Jos\u00e9 Manuel Posada, entre los juveniles, el carmelitano <strong>Alejandro Osorio<\/strong> en la \u00e9lite masculina y la chilena<strong> Aranza Villal\u00f3n<\/strong> en la rama femenina.<\/p>\n<\/p>\n<figure class=\"wp-block-image size-large\"><img fetchpriority=\"high\" decoding=\"async\" width=\"1024\" height=\"683\" src=\"https:\/\/www.revistamundociclistico.com\/wp-content\/uploads\/2025\/10\/Podio-Femenino-Clasica-Marinilla-2025-1024x683.jpg\" alt=\"\" class=\"wp-image-197486\" srcset=\"https:\/\/www.revistamundociclistico.com\/wp-content\/uploads\/2025\/10\/Podio-Femenino-Clasica-Marinilla-2025-1024x683.jpg 1024w, https:\/\/www.revistamundociclistico.com\/wp-content\/uploads\/2025\/10\/Podio-Femenino-Clasica-Marinilla-2025-300x200.jpg 300w, https:\/\/www.revistamundociclistico.com\/wp-content\/uploads\/2025\/10\/Podio-Femenino-Clasica-Marinilla-2025-768x512.jpg 768w, https:\/\/www.revistamundociclistico.com\/wp-content\/uploads\/2025\/10\/Podio-Femenino-Clasica-Marinilla-2025-500x333.jpg 500w, https:\/\/www.revistamundociclistico.com\/wp-content\/uploads\/2025\/10\/Podio-Femenino-Clasica-Marinilla-2025-700x467.jpg 700w, https:\/\/www.revistamundociclistico.com\/wp-content\/uploads\/2025\/10\/Podio-Femenino-Clasica-Marinilla-2025.jpg 1200w\" sizes=\"(max-width: 1024px) 100vw, 1024px\" \/><figcaption class=\"wp-element-caption\"><em>Stefan\u00eda S\u00e1nchez, Aranza Villal\u00f3n y Diana Pe\u00f1uela, el podio femenino de la Clasica de Marinilla 2025. (Foto \u00a9 RMC)<\/em><\/figcaption><\/figure>\n<p>El vigente campe\u00f3n de la carrera, <strong>Alejandro &#8216;El Pony Osorio (Orgullo Paisa)<\/strong>, encabeza el cartel de lujo que se dar\u00e1 cita en Marinilla con varios de los mejores equipos del circuito nacional como: <strong>NU Colombia<\/strong>, <strong>Team Sistecr\u00e9dito<\/strong>, <strong>GW Erco Sportfitness <\/strong>y <strong>Avinal-Alcald\u00eda El Carmen de Viboral<\/strong>, entre otros.<\/p>\n<p>La jornada inaugural se correr\u00e1 este martes 1 de septiembre, una <strong>contrarreloj individual <\/strong>de 18 kil\u00f3metros entre El Pe\u00f1ol y el <strong>Parque Principal de Marinilla<\/strong>. El segundo cap\u00edtulo tendr\u00e1 67 kil\u00f3metros y se correr\u00e1 el mi\u00e9rcoles desde el parque de <strong>Alejandr\u00eda<\/strong>, pasando por <strong>Concepci\u00f3n <\/strong>y <strong>San Vicente<\/strong> hasta llegar nuevamente al Parque Principal de Marinilla.<\/p>\n<p>La jornada m\u00e1s larga se disputar\u00e1 el jueves 3 de septiembre. La caravana afrontar\u00e1 un recorrido de <strong>155 kil\u00f3metros<\/strong> que partir\u00e1 de Marinilla y atravesar\u00e1 El Santuario, Granada, San Carlos, San Rafael, Guatap\u00e9 y El Pe\u00f1ol, antes de regresar al municipio anfitri\u00f3n. L<strong>a Cl\u00e1sica concluir\u00e1 el viernes 4 de septiembre<\/strong> con un circuito urbano por las calles de Marinilla.<\/p>\n<\/p>\n<p class=\"has-large-font-size\"><strong>LISTA DE INSCRITOS<\/strong><\/p>\n<div data-wp-interactive=\"\" class=\"wp-block-file\"><object data-wp-bind--hidden=\"!selectors.core.file.hasPdfPreview\" hidden class=\"wp-block-file__embed\" data=\"https:\/\/www.revistamundociclistico.com\/wp-content\/uploads\/2026\/08\/listado-de-inscritos-marinilla-2026-4.pdf\" type=\"application\/pdf\" style=\"width:100%;height:600px\" aria-label=\"Incrustado de listado-de-inscritos-marinilla-2026-4.\"><\/object><a id=\"wp-block-file--media-7410d4c9-8747-4207-8e31-1ecddff0671a\" href=\"https:\/\/www.revistamundociclistico.com\/wp-content\/uploads\/2026\/08\/listado-de-inscritos-marinilla-2026-4.pdf\">listado-de-inscritos-marinilla-2026-4<\/a><a href=\"https:\/\/www.revistamundociclistico.com\/wp-content\/uploads\/2026\/08\/listado-de-inscritos-marinilla-2026-4.pdf\" class=\"wp-block-file__button wp-element-button\" download aria-describedby=\"wp-block-file--media-7410d4c9-8747-4207-8e31-1ecddff0671a\">Descarga<\/a><\/div>\n<\/div>\n","protected":false},"excerpt":{"rendered":"<p>Tras la para obligada por el terremoto que sacudi\u00f3 al pa\u00eds el pasado 10 de agosto, se reanuda el calendario cicl\u00edstico nacional con la Cl\u00e1sica de Marinilla &#8211; Ram\u00f3n Emilio&hellip; <\/p>\n","protected":false},"author":1,"featured_media":2561,"comment_status":"open","ping_status":"closed","sticky":false,"template":"Default","format":"standard","meta":{"om_disable_all_campaigns":false,"_monsterinsights_skip_tracking":false,"fifu_image_url":"https:\/\/www.revistamundociclistico.com\/wp-content\/uploads\/2025\/10\/Podio-Femenino-Clasica-Marinilla-2025-1024x683.jpg","fifu_image_alt":"","footnotes":""},"categories":[9],"tags":[],"class_list":["post-2560","post","type-post","status-publish","format-standard","has-post-thumbnail","hentry","category-deportes"],"_links":{"self":[{"href":"https:\/\/radiomiaboyaca.com\/index.php\/wp-json\/wp\/v2\/posts\/2560","targetHints":{"allow":["GET"]}}],"collection":[{"href":"https:\/\/radiomiaboyaca.com\/index.php\/wp-json\/wp\/v2\/posts"}],"about":[{"href":"https:\/\/radiomiaboyaca.com\/index.php\/wp-json\/wp\/v2\/types\/post"}],"author":[{"embeddable":true,"href":"https:\/\/radiomiaboyaca.com\/index.php\/wp-json\/wp\/v2\/users\/1"}],"replies":[{"embeddable":true,"href":"https:\/\/radiomiaboyaca.com\/index.php\/wp-json\/wp\/v2\/comments?post=2560"}],"version-history":[{"count":1,"href":"https:\/\/radiomiaboyaca.com\/index.php\/wp-json\/wp\/v2\/posts\/2560\/revisions"}],"predecessor-version":[{"id":2562,"href":"https:\/\/radiomiaboyaca.com\/index.php\/wp-json\/wp\/v2\/posts\/2560\/revisions\/2562"}],"wp:featuredmedia":[{"embeddable":true,"href":"https:\/\/radiomiaboyaca.com\/index.php\/wp-json\/wp\/v2\/media\/2561"}],"wp:attachment":[{"href":"https:\/\/radiomiaboyaca.com\/index.php\/wp-json\/wp\/v2\/media?parent=2560"}],"wp:term":[{"taxonomy":"category","embeddable":true,"href":"https:\/\/radiomiaboyaca.com\/index.php\/wp-json\/wp\/v2\/categories?post=2560"},{"taxonomy":"post_tag","embeddable":true,"href":"https:\/\/radiomiaboyaca.com\/index.php\/wp-json\/wp\/v2\/tags?post=2560"}],"curies":[{"name":"wp","href":"https:\/\/api.w.org\/{rel}","templated":true}]}}