{"id":2558,"date":"2026-08-30T09:24:41","date_gmt":"2026-08-30T14:24:41","guid":{"rendered":"https:\/\/radiomiaboyaca.com\/?p=2558"},"modified":"2026-08-31T01:18:54","modified_gmt":"2026-08-31T06:18:54","slug":"la-vila-joiosa-fundacion-euskadi-nombre-oficial-del-equipo-de-ciclocross-de-felipe-orts","status":"publish","type":"post","link":"https:\/\/radiomiaboyaca.com\/index.php\/2026\/08\/30\/la-vila-joiosa-fundacion-euskadi-nombre-oficial-del-equipo-de-ciclocross-de-felipe-orts\/","title":{"rendered":"La Vila Joiosa-Fundaci\u00f3n Euskadi, nombre oficial del equipo de ciclocross de Felipe Orts"},"content":{"rendered":"<p>Hasta ahora sab\u00edamos que Felipe Orts se integraba en la Fundaci\u00f3n Ciclista Euskadi a partir del 1 de octubre de 2026, pero desconoc\u00edamos el nombre oficial del nuevo proyecto de ciclocross. Ahora ya es oficial: La Vila Joiosa-Fundaci\u00f3n Euskadi es el doble nombre con el que el ciclista alicantino intentar\u00e1 brillar en el ciclocross mundial.<\/p>\n<p>Esta ma\u00f1ana se ha presentado oficialmente en la <strong>Casa de la Juventud del Ayuntamiento de La Vila Joiosa<\/strong> el proyecto de ciclocross impulsado por la Fundaci\u00f3n Euskadi y con Felipe Orts, ocho veces campe\u00f3n de Espa\u00f1a, al frente. En el acto se ha confirmado a <strong>La Vila Joiosa<\/strong> como patrocinador principal del equipo, consolidando una alianza estrat\u00e9gica de gran proyecci\u00f3n internacional que sit\u00faa al proyecto en la \u00e9lite, bajo el nombre de <strong>La Vila Joiosa-Fundaci\u00f3n Euskadi.<\/strong><\/p>\n<p>La presentaci\u00f3n se ha llevado a tan solo 350 metros de la l\u00ednea de salida neutralizada de la novena etapa de La Vuelta a Espa\u00f1a, convirtiendo a La Vila Joiosa en el foco del ciclismo internacional durante la jornada. El acto ha contado con las intervenciones de <strong>Marcos Zaragoza, alcalde de La Vila Joiosa; I\u00f1aki Isasi, presidente de la Fundaci\u00f3n Euskadi; y el propio corredor Felipe Orts, conducido por el periodista deportivo Nico van Looy. El presidente de la Diputaci\u00f3n de Alicante y alcalde de Benidorm, Toni P\u00e9rez, ha cerrado el acto.<\/strong> Fernando Escart\u00edn, Kiko Garc\u00eda y Roberto Laiseka, de Unipublic, organizador de La Vuelta, han asistido a la presentaci\u00f3n.<\/p>\n<p>Durante la presentaci\u00f3n, los responsables del proyecto han avanzado la hoja de ruta deportiva del equipo. <strong>La Copa del Mundo<\/strong> se ha fijado como el objetivo prioritario para la temporada 2026-2027, con el aliciente especial de la puntuable en Benidorm, junto con la disputa del Campeonato de Espa\u00f1a en Gij\u00f3n y el Campeonato del Mundo de Ciclocross, en Ostende, B\u00e9lgica, as\u00ed como estar presente en algunas carreras UCI del calendario vasco.<\/p>\n<p>La alianza presentada esta ma\u00f1ana garantiza una visibilidad ininterrumpida a lo largo de todo el a\u00f1o. Entre los meses de octubre y febrero, Orts encabezar\u00e1 la estructura de ciclocross de la Fundaci\u00f3n Euskadi. Posteriormente, <strong>de marzo a septiembre, el ciclista alicantino competir\u00e1 en carretera en las filas del Euskaltel-Euskadi<\/strong>, sumando adem\u00e1s sus puntos UCI en ambas modalidades. La Fundaci\u00f3n Euskadi y el ciclista de La Vila Joiosa han firmado un acuerdo para las temporadas 2026, 2027 y 2028.<\/p>\n<p>Orts, s\u00e9ptimo en el r\u00e1nking mundial UCI, afronta este proyecto en plena madurez y con la m\u00e1xima ambici\u00f3n. En su palmar\u00e9s, destacan sus ocho t\u00edtulos consecutivos de campe\u00f3n, de Espa\u00f1a, el subcampeonato de Europa, los podios en las Copas del Mundo de Hulst 2025 y Benidorm 2026, y el s\u00e9ptimo puesto en el \u00faltimo Campeonato del Mundo, adem\u00e1s de m\u00faltiples victorias internacionales.<\/p>\n<p>La Fundaci\u00f3n Euskadi, adem\u00e1s de esta estructura de ciclocross, integra el equipo profesional masculino <strong>Euskaltel-Euskadi<\/strong>, el femenino profesional <strong>Laboral Kutxa-Euskadi<\/strong>, el sub23 <strong>BBK-Euskadi<\/strong> y una divisi\u00f3n de <strong>Ciclismo adaptado.<\/strong><\/p>\n<p><strong>DECLARACIONES<\/strong><\/p>\n<p>Marcos Zaragoza, alcalde de La Vila Joiosa: \u201cPara La Vila Joiosa es una enorme satisfacci\u00f3n volver a estar al lado de Felipe Orts y volver a ver el nombre de nuestra ciudad en el maillot de un deportista que representa como pocos los valores de nuestra tierra: <strong>el esfuerzo, la constancia, la humildad y la capacidad de competir al m\u00e1ximo nivel sin olvidar nunca sus ra\u00edces<\/strong>. Para nosotros es, sobre todo, un vilero que lleva el nombre de La Vila Joiosa all\u00e1 donde compite y un referente para los ni\u00f1os y ni\u00f1as de La Vila. La uni\u00f3n con la Fundaci\u00f3n Euskadi supone, adem\u00e1s, dar un paso adelante. Estamos hablando de una estructura de enorme prestigio dentro del ciclismo y de un proyecto que permitir\u00e1 a Felipe seguir creciendo y competir con las mejores garant\u00edas en las pr\u00f3ximas temporadas. Esta nueva etapa tiene un significado muy especial porque estamos convencidos de que <strong>esta uni\u00f3n con la Fundaci\u00f3n Euskadi nos va a dar muchas alegr\u00edas durante las pr\u00f3ximas temporadas<\/strong>\u201d.<\/p>\n<p>I\u00f1aki Isasi, presidente de la Fundaci\u00f3n Euskadi: \u00abLa incorporaci\u00f3n de La Vila Joiosa a la Fundaci\u00f3n Euskadi como patrocinador principal de la estructura de ciclocross consolida nuestro proyecto global de ciclismo. Contar con un <strong>referente de talla internacional como Felipe Orts<\/strong> nos permite honrar la enorme tradici\u00f3n del ciclocross en nuestro territorio y proyectar nuestros valores de esfuerzo y superaci\u00f3n durante los 12 meses del a\u00f1o\u00bb.<\/p>\n<p>Felipe Orts: \u201cHe estado concentrado en altitud durante unas semanas y al mismo tiempo estamos engranando todos los detalles para que el proyecto sea una realidad desde la primera semana de octubre. Y todo con una ilusi\u00f3n enorme. S\u00f3lo tengo palabras de agradecimiento hacia la <strong>Fundaci\u00f3n Ciclista Euskadi<\/strong>, que me ha dado la oportunidad de integrarme dentro de su estructura, y por supuesto tambi\u00e9n hacia el<strong> Ayuntamiento de La Vila Joiosa,<\/strong> que apuesta por m\u00ed como embajador internacional. Para la temporada 2026-2027 s\u00ed que puedo adelantar una peque\u00f1a novedad: vamos a centrar nuestros esfuerzos en la Copa del Mundo y el Campeonato del Mundo, pero tambi\u00e9n vamos a intentar correr alguna prueba en Euskadi para estar m\u00e1s cerca de la afici\u00f3n\u00bb.<\/p>\n<p>Toni P\u00e9rez, presidente de la Diputaci\u00f3n de Alicante y alcalde de Benidorm: \u201cEste acuerdo representa mucho m\u00e1s que una colaboraci\u00f3n deportiva: <strong>es una apuesta estrat\u00e9gica por el ciclismo<\/strong>, por el talento y por la proyecci\u00f3n de nuestra provincia a nivel nacional e internacional. La provincia de Alicante mantiene una vinculaci\u00f3n extraordinariamente estrecha con el ciclismo desde hace muchos a\u00f1os, con unas condiciones privilegiadas para la pr\u00e1ctica de este deporte, tanto por nuestro clima y nuestra orograf\u00eda como por la tradici\u00f3n y la afici\u00f3n que existe. Felipe Orts representa el talento, la capacidad de esfuerzo y la excelencia deportiva que tambi\u00e9n queremos proyectar desde la Costa Blanca. Desde la Diputaci\u00f3n de Alicante valoramos este v\u00ednculo estrat\u00e9gico porque contribuye a promocionar el deporte, a respaldar a los deportistas y, al mismo tiempo, a dar mayor visibilidad a nuestra provincia\u201d.<\/p>\n<p>La entrada <a rel=\"nofollow\" href=\"https:\/\/www.zikloland.com\/la-vila-joiosa-fundacion-euskadi-nombre-oficial-del-equipo-de-ciclocross-de-felipe-orts\/\">La Vila Joiosa-Fundaci\u00f3n Euskadi, nombre oficial del equipo de ciclocross de Felipe Orts<\/a> aparece primero en <a rel=\"nofollow\" href=\"https:\/\/www.zikloland.com\">Zikloland<\/a>.<\/p>\n","protected":false},"excerpt":{"rendered":"<p>Hasta ahora sab\u00edamos que Felipe Orts se integraba en la Fundaci\u00f3n Ciclista Euskadi a partir del 1 de octubre de 2026, pero desconoc\u00edamos el nombre oficial del nuevo proyecto de&hellip; <\/p>\n","protected":false},"author":1,"featured_media":0,"comment_status":"open","ping_status":"closed","sticky":false,"template":"Default","format":"standard","meta":{"om_disable_all_campaigns":false,"_monsterinsights_skip_tracking":false,"fifu_image_url":"","fifu_image_alt":"","footnotes":""},"categories":[9,1],"tags":[],"class_list":["post-2558","post","type-post","status-publish","format-standard","hentry","category-deportes","category-sin-categoria"],"_links":{"self":[{"href":"https:\/\/radiomiaboyaca.com\/index.php\/wp-json\/wp\/v2\/posts\/2558","targetHints":{"allow":["GET"]}}],"collection":[{"href":"https:\/\/radiomiaboyaca.com\/index.php\/wp-json\/wp\/v2\/posts"}],"about":[{"href":"https:\/\/radiomiaboyaca.com\/index.php\/wp-json\/wp\/v2\/types\/post"}],"author":[{"embeddable":true,"href":"https:\/\/radiomiaboyaca.com\/index.php\/wp-json\/wp\/v2\/users\/1"}],"replies":[{"embeddable":true,"href":"https:\/\/radiomiaboyaca.com\/index.php\/wp-json\/wp\/v2\/comments?post=2558"}],"version-history":[{"count":1,"href":"https:\/\/radiomiaboyaca.com\/index.php\/wp-json\/wp\/v2\/posts\/2558\/revisions"}],"predecessor-version":[{"id":2559,"href":"https:\/\/radiomiaboyaca.com\/index.php\/wp-json\/wp\/v2\/posts\/2558\/revisions\/2559"}],"wp:attachment":[{"href":"https:\/\/radiomiaboyaca.com\/index.php\/wp-json\/wp\/v2\/media?parent=2558"}],"wp:term":[{"taxonomy":"category","embeddable":true,"href":"https:\/\/radiomiaboyaca.com\/index.php\/wp-json\/wp\/v2\/categories?post=2558"},{"taxonomy":"post_tag","embeddable":true,"href":"https:\/\/radiomiaboyaca.com\/index.php\/wp-json\/wp\/v2\/tags?post=2558"}],"curies":[{"name":"wp","href":"https:\/\/api.w.org\/{rel}","templated":true}]}}