{"id":2556,"date":"2026-08-30T14:00:00","date_gmt":"2026-08-30T19:00:00","guid":{"rendered":"https:\/\/radiomiaboyaca.com\/?p=2556"},"modified":"2026-08-31T01:18:53","modified_gmt":"2026-08-31T06:18:53","slug":"tommaso-bessega-gana-el-grand-prix-de-plouay-con-jonathan-guatibonza-y-jose-juan-prieto-en-el-top-10","status":"publish","type":"post","link":"https:\/\/radiomiaboyaca.com\/index.php\/2026\/08\/30\/tommaso-bessega-gana-el-grand-prix-de-plouay-con-jonathan-guatibonza-y-jose-juan-prieto-en-el-top-10\/","title":{"rendered":"Tommaso Bessega gana el Grand Prix de Plouay con Jonathan Guatibonza y Jos\u00e9 Juan Prieto en el top 10"},"content":{"rendered":"<div id=\"modal-ready\">\n<p>El sprint final del <strong>Grand Prix de Plouay<\/strong> tuvo un cierre con mucho suspenso y pura estrategia, marcado por una feroz persecuci\u00f3n en los kil\u00f3metros decisivos de la cl\u00e1sica bretona. Al final, la victoria qued\u00f3 en manos del italiano <strong>Tommaso Bessega (Team Polti VisitMalta)<\/strong>, luego de recorrer 178,8 kil\u00f3metros en la poblaci\u00f3n de Plouay, situada en la regi\u00f3n de Breta\u00f1a.<\/p>\n<p>El podio de la carrera francesa lo completaron dos corredores galos:<strong> Nolann Mahoudo (VC Pays de Loud\u00e9ac)<\/strong>, gran protagonista en la fase final y <strong>Hans Rullier (Mayenne-Monbana)<\/strong>, quienes terminaron ocupando el 2\u00b0 y 3\u00b0 puesto, respectivamente.<\/p>\n<p>En cuanto a los tres latinoamericanos en competencia, el colombiano <strong>Jonathan<\/strong> <strong>Guatibonza (Movistar Team Academy)<\/strong> fue el mejor en la 7\u00b0 posici\u00f3n, seguido del mexicano<strong> Jos\u00e9 Juan Prieto (Centre Mondial du Cyclisme)<\/strong>, quien finaliz\u00f3 en la 8\u00b0 casilla y del boliviano <strong>Mario S\u00e1nchez (Centre Mondial du Cyclisme)<\/strong>, que cerr\u00f3 el top 10.<\/p>\n<p><strong>Los \u00faltimos kil\u00f3metros fueron espectaculares<\/strong>, con un pelot\u00f3n rodando completamente estirado intentando cazar al ciclista local <strong>Nolann Mahoudo<\/strong>, quien se lanz\u00f3 con valent\u00eda al ataque, logrando abrir una brecha que parec\u00eda definitiva con respecto al grupo perseguidor.<\/p>\n<p><strong>Mahoudo entreg\u00f3 sus \u00faltimas fuerzas en solitario frente al viento de Breta\u00f1a<\/strong>, pero la presi\u00f3n del pelot\u00f3n fue implacable y el corredor franc\u00e9s fue cazado justo antes del inicio del \u00faltimo kil\u00f3metro de la carrera. A pesar de haber sido alcanzado de forma ag\u00f3nica, <strong>Mahoudo resisti\u00f3 en las posiciones de vanguardia para disputar la victoria<\/strong>. Sin embargo, en el embalaje masivo definitivo, <strong>Tommaso Bessega <\/strong>hizo valer su tremenda punta de velocidad para llevarse con el triunfo.<\/p>\n<p class=\"has-medium-font-size\"><strong>Resultados Grand Prix de Plouay (1.2)<\/strong><br \/><strong>Plouay &#8211; Plouay (178,8 km)<\/strong> <\/p>\n<figure class=\"wp-block-table\">\n<table>\n<tbody>\n<tr>\n<td>1<\/td>\n<td><\/td>\n<td><\/td>\n<td>Tommaso Bessega <\/td>\n<td>Team Polti VisitMalta<\/td>\n<td><\/td>\n<td>3:59:55<\/td>\n<\/tr>\n<tr>\n<td>2<\/td>\n<td><\/td>\n<td><\/td>\n<td>Nolann Mahoudo<\/td>\n<td>VC Pays de Loud\u00e9ac<\/td>\n<td><\/td>\n<td>m.t.<\/td>\n<\/tr>\n<tr>\n<td>3<\/td>\n<td><\/td>\n<td><\/td>\n<td>Hans Rullier <\/td>\n<td>Mayenne-Monbana-Rapido<\/td>\n<td><\/td>\n<td>m.t.<\/td>\n<\/tr>\n<tr>\n<td>4<\/td>\n<td><\/td>\n<td><\/td>\n<td>Alexis Pierre <\/td>\n<td>Moyon Percy Manche Normandie<\/td>\n<td><\/td>\n<td>m.t.<\/td>\n<\/tr>\n<tr>\n<td>5<\/td>\n<td><\/td>\n<td><\/td>\n<td>Simon Baran <\/td>\n<td>V\u00e9lo Club Villefranche Beaujolais<\/td>\n<td><\/td>\n<td>m.t.<\/td>\n<\/tr>\n<tr>\n<td>6<\/td>\n<td><\/td>\n<td><\/td>\n<td>Gaspard Paulouin <\/td>\n<td>SCO Dijon-Team Material-velo.com<\/td>\n<td><\/td>\n<td>+ 00<\/td>\n<\/tr>\n<tr>\n<td><strong>7<\/strong><\/td>\n<td><\/td>\n<td><\/td>\n<td><strong>Jonathan Guatibonza <\/strong><\/td>\n<td><strong>Movistar Team Academy<\/strong><\/td>\n<td><\/td>\n<td><strong>m.t.<\/strong><\/td>\n<\/tr>\n<tr>\n<td>8<\/td>\n<td><\/td>\n<td><\/td>\n<td>Jos\u00e9 Juan Prieto <\/td>\n<td>Centre Mondial du Cyclisme<\/td>\n<td><\/td>\n<td>m.t.<\/td>\n<\/tr>\n<tr>\n<td>9<\/td>\n<td><\/td>\n<td><\/td>\n<td>Enzo Boulet <\/td>\n<td>V\u00e9lo Club Villefranche Beaujolais<\/td>\n<td><\/td>\n<td>m.t.<\/td>\n<\/tr>\n<tr>\n<td>10<\/td>\n<td><\/td>\n<td><\/td>\n<td>Mario S\u00e1nchez <\/td>\n<td>Centre Mondial du Cyclisme<\/td>\n<td><\/td>\n<td>m.t.<\/td>\n<\/tr>\n<\/tbody>\n<\/table>\n<\/figure>\n<\/div>\n","protected":false},"excerpt":{"rendered":"<p>El sprint final del Grand Prix de Plouay tuvo un cierre con mucho suspenso y pura estrategia, marcado por una feroz persecuci\u00f3n en los kil\u00f3metros decisivos de la cl\u00e1sica bretona.&hellip; <\/p>\n","protected":false},"author":1,"featured_media":0,"comment_status":"open","ping_status":"closed","sticky":false,"template":"Default","format":"standard","meta":{"om_disable_all_campaigns":false,"_monsterinsights_skip_tracking":false,"fifu_image_url":"","fifu_image_alt":"","footnotes":""},"categories":[9],"tags":[],"class_list":["post-2556","post","type-post","status-publish","format-standard","hentry","category-deportes"],"_links":{"self":[{"href":"https:\/\/radiomiaboyaca.com\/index.php\/wp-json\/wp\/v2\/posts\/2556","targetHints":{"allow":["GET"]}}],"collection":[{"href":"https:\/\/radiomiaboyaca.com\/index.php\/wp-json\/wp\/v2\/posts"}],"about":[{"href":"https:\/\/radiomiaboyaca.com\/index.php\/wp-json\/wp\/v2\/types\/post"}],"author":[{"embeddable":true,"href":"https:\/\/radiomiaboyaca.com\/index.php\/wp-json\/wp\/v2\/users\/1"}],"replies":[{"embeddable":true,"href":"https:\/\/radiomiaboyaca.com\/index.php\/wp-json\/wp\/v2\/comments?post=2556"}],"version-history":[{"count":1,"href":"https:\/\/radiomiaboyaca.com\/index.php\/wp-json\/wp\/v2\/posts\/2556\/revisions"}],"predecessor-version":[{"id":2557,"href":"https:\/\/radiomiaboyaca.com\/index.php\/wp-json\/wp\/v2\/posts\/2556\/revisions\/2557"}],"wp:attachment":[{"href":"https:\/\/radiomiaboyaca.com\/index.php\/wp-json\/wp\/v2\/media?parent=2556"}],"wp:term":[{"taxonomy":"category","embeddable":true,"href":"https:\/\/radiomiaboyaca.com\/index.php\/wp-json\/wp\/v2\/categories?post=2556"},{"taxonomy":"post_tag","embeddable":true,"href":"https:\/\/radiomiaboyaca.com\/index.php\/wp-json\/wp\/v2\/tags?post=2556"}],"curies":[{"name":"wp","href":"https:\/\/api.w.org\/{rel}","templated":true}]}}