{"id":2554,"date":"2026-08-30T15:00:30","date_gmt":"2026-08-30T20:00:30","guid":{"rendered":"https:\/\/radiomiaboyaca.com\/?p=2554"},"modified":"2026-08-31T01:18:53","modified_gmt":"2026-08-31T06:18:53","slug":"cumplido-el-segundo-reto-de-la-seleccion-colombia-junior-bicicletas-benros-con-el-trofeo-emilio-paganessi","status":"publish","type":"post","link":"https:\/\/radiomiaboyaca.com\/index.php\/2026\/08\/30\/cumplido-el-segundo-reto-de-la-seleccion-colombia-junior-bicicletas-benros-con-el-trofeo-emilio-paganessi\/","title":{"rendered":"Cumplido el segundo reto de la Selecci\u00f3n Colombia Junior \u2013 Bicicletas Benros con el Trofeo Emilio Paganessi"},"content":{"rendered":"<div id=\"modal-ready\">\n<p>La <strong>Selecci\u00f3n Colombia Junior &#8211; Bicicletas Benros<\/strong> corri\u00f3 una competencias m\u00e1s en territorio italiano este domingo. La formaci\u00f3n colombiana dirigida por Alex Cano hizo parte del <strong>Trofeo Emilio Paganessi<\/strong>, que se disput\u00f3 en el municipio de Vertova, en la provincia de B\u00e9rgamo con un recorrido de 136,1 kil\u00f3metros.<\/p>\n<p>En esta carrera dominical, el mejor de los nuestros fue <strong>Juan Esteban Canch\u00f3n<\/strong>, quien termin\u00f3 en el puesto 31\u00b0. <strong>Mat\u00edas S\u00e1nchez <\/strong>termin\u00f3 40\u00b0, <strong>Andr\u00e9s Felipe Walteros<\/strong> 57\u00b0 y <strong>Santiago Delgado <\/strong>66\u00b0, todos a 3:54 del ganador, mientras que<strong> Santiago Parra <\/strong>y <strong>Thomas Mej\u00eda <\/strong>no concluyeron la prueba.<\/p>\n<p>Al final, el triunfo fue para el italiano <strong>Brandon Fedrizzi<\/strong>, quien hizo respetar la casa. El podio lo completaron el dan\u00e9s <strong>Julius Birkedal (Grenke &#8211; Auto Eder)<\/strong> y el local <strong>Guido Viero (Nordest Petrucci Assali Stefen GS Cadidavid)<\/strong>, quienes terminaron 2\u00b0 y 3\u00b0, respectivamente.<\/p>\n<p>Los pedalistas juveniles continuar\u00e1n con la gira por el viejo continente corriendo este 2 de septiembre el <strong>GP Comune di Cerreto<\/strong> <strong>Guidi,<\/strong> en Toscana; y el 6 de septiembre con el <strong>Trofeo San Rocco<\/strong>. El gran objetivo llegar\u00e1 del 9 al 12 de septiembre con el <strong>Giro della Lunigiana<\/strong>, en la Liguria, de categor\u00eda 2.1, antes de cerrar el ciclo de carreras el 13 de septiembre con el Trofeo Buffoni, en Toscana.<\/p>\n<p class=\"has-medium-font-size\"><strong>Resultados Trofeo Emilio Paganessi (1.1)<\/strong><br \/><strong>Vertova &#8211; Vertova (136,1 km)<\/strong><\/p>\n<figure class=\"wp-block-table\">\n<table>\n<tbody>\n<tr>\n<td>1<\/td>\n<td>Brandon Fedrizzi <\/td>\n<td><\/td>\n<td>Borgo Molino Vigna Fiorita<\/td>\n<td>3:08:29<\/td>\n<\/tr>\n<tr>\n<td>2<\/td>\n<td>Julius Birkedal <\/td>\n<td><\/td>\n<td>Grenke &#8211; Auto Eder<\/td>\n<td>m.t.<\/td>\n<\/tr>\n<tr>\n<td>3<\/td>\n<td>Guido Viero <\/td>\n<td><\/td>\n<td>Team Nordest Petrucci Assali Stefen<\/td>\n<td>0:06<\/td>\n<\/tr>\n<tr>\n<td>4<\/td>\n<td>Pietro Ferronato <\/td>\n<td><\/td>\n<td>Team Nordest Petrucci Assali Stefen<\/td>\n<td>0:08<\/td>\n<\/tr>\n<tr>\n<td>5<\/td>\n<td>Marek Stiblik <\/td>\n<td><\/td>\n<td>Roman Kreuziger Cycling Academy<\/td>\n<td>0:08<\/td>\n<\/tr>\n<tr>\n<td>6<\/td>\n<td>Marco Zoco <\/td>\n<td><\/td>\n<td>U.C Bustese Olonia ASD<\/td>\n<td>0:11<\/td>\n<\/tr>\n<tr>\n<td>7<\/td>\n<td>Filippo Colella <\/td>\n<td><\/td>\n<td>Lombardia<\/td>\n<td>0:33<\/td>\n<\/tr>\n<tr>\n<td>8<\/td>\n<td>Marco Pierotto <\/td>\n<td><\/td>\n<td>Autozai Contri Team<\/td>\n<td>0:45<\/td>\n<\/tr>\n<tr>\n<td>9<\/td>\n<td>Karl Herzog <\/td>\n<td><\/td>\n<td>Grenke &#8211; Auto Eder<\/td>\n<td>0:51<\/td>\n<\/tr>\n<tr>\n<td>10<\/td>\n<td>Patrik Pezzo <\/td>\n<td><\/td>\n<td>Team Nordest Petrucci Assali Stefen<\/td>\n<td>0:51<\/td>\n<\/tr>\n<\/tbody>\n<\/table>\n<\/figure>\n<figure class=\"wp-block-table\">\n<table>\n<tbody>\n<tr>\n<td><strong>31<\/strong><\/td>\n<td><strong>Juan Esteban Canch\u00f3n <\/strong><\/td>\n<td><strong>Selecci\u00f3n Colombia<\/strong><\/td>\n<td><\/td>\n<td><strong>3:54<\/strong><\/td>\n<\/tr>\n<tr>\n<td><strong>40<\/strong><\/td>\n<td><strong>Mat\u00edas S\u00e1nchez <\/strong><\/td>\n<td><strong>Selecci\u00f3n Colombia<\/strong><\/td>\n<td><\/td>\n<td><strong>3:54<\/strong><\/td>\n<\/tr>\n<tr>\n<td><strong>57<\/strong><\/td>\n<td><strong>Andr\u00e9s Felipe Walteros<\/strong><\/td>\n<td><strong>Selecci\u00f3n Colombia<\/strong><\/td>\n<td><\/td>\n<td><strong>3:54<\/strong><\/td>\n<\/tr>\n<tr>\n<td><strong>66<\/strong><\/td>\n<td><strong>Santiago Delgado <\/strong><\/td>\n<td><strong>Selecci\u00f3n Colombia<\/strong><\/td>\n<td><\/td>\n<td><strong>3:54<\/strong><\/td>\n<\/tr>\n<tr>\n<td><strong>DNF<\/strong><\/td>\n<td><strong>Santiago Parra <\/strong><\/td>\n<td><strong>Selecci\u00f3n Colombia<\/strong><\/td>\n<td><\/td>\n<td><strong>No finaliz\u00f3<\/strong><\/td>\n<\/tr>\n<tr>\n<td><strong>DNF<\/strong><\/td>\n<td><strong>Thomas Mej\u00eda <\/strong><\/td>\n<td><strong>Selecci\u00f3n Colombia<\/strong><\/td>\n<td><\/td>\n<td><strong>No finaliz\u00f3<\/strong><\/td>\n<\/tr>\n<\/tbody>\n<\/table>\n<\/figure>\n<\/div>\n","protected":false},"excerpt":{"rendered":"<p>La Selecci\u00f3n Colombia Junior &#8211; Bicicletas Benros corri\u00f3 una competencias m\u00e1s en territorio italiano este domingo. La formaci\u00f3n colombiana dirigida por Alex Cano hizo parte del Trofeo Emilio Paganessi, que&hellip; <\/p>\n","protected":false},"author":1,"featured_media":0,"comment_status":"open","ping_status":"closed","sticky":false,"template":"Default","format":"standard","meta":{"om_disable_all_campaigns":false,"_monsterinsights_skip_tracking":false,"fifu_image_url":"","fifu_image_alt":"","footnotes":""},"categories":[9],"tags":[],"class_list":["post-2554","post","type-post","status-publish","format-standard","hentry","category-deportes"],"_links":{"self":[{"href":"https:\/\/radiomiaboyaca.com\/index.php\/wp-json\/wp\/v2\/posts\/2554","targetHints":{"allow":["GET"]}}],"collection":[{"href":"https:\/\/radiomiaboyaca.com\/index.php\/wp-json\/wp\/v2\/posts"}],"about":[{"href":"https:\/\/radiomiaboyaca.com\/index.php\/wp-json\/wp\/v2\/types\/post"}],"author":[{"embeddable":true,"href":"https:\/\/radiomiaboyaca.com\/index.php\/wp-json\/wp\/v2\/users\/1"}],"replies":[{"embeddable":true,"href":"https:\/\/radiomiaboyaca.com\/index.php\/wp-json\/wp\/v2\/comments?post=2554"}],"version-history":[{"count":1,"href":"https:\/\/radiomiaboyaca.com\/index.php\/wp-json\/wp\/v2\/posts\/2554\/revisions"}],"predecessor-version":[{"id":2555,"href":"https:\/\/radiomiaboyaca.com\/index.php\/wp-json\/wp\/v2\/posts\/2554\/revisions\/2555"}],"wp:attachment":[{"href":"https:\/\/radiomiaboyaca.com\/index.php\/wp-json\/wp\/v2\/media?parent=2554"}],"wp:term":[{"taxonomy":"category","embeddable":true,"href":"https:\/\/radiomiaboyaca.com\/index.php\/wp-json\/wp\/v2\/categories?post=2554"},{"taxonomy":"post_tag","embeddable":true,"href":"https:\/\/radiomiaboyaca.com\/index.php\/wp-json\/wp\/v2\/tags?post=2554"}],"curies":[{"name":"wp","href":"https:\/\/api.w.org\/{rel}","templated":true}]}}