{"id":2551,"date":"2026-08-30T16:00:26","date_gmt":"2026-08-30T21:00:26","guid":{"rendered":"https:\/\/radiomiaboyaca.com\/?p=2551"},"modified":"2026-08-31T01:18:53","modified_gmt":"2026-08-31T06:18:53","slug":"enric-mas-gana-en-aitana-y-se-afianza-de-rojo-buitrago-nuevo-lider-de-la-montana-y-tejada-sigue-en-el-top-10","status":"publish","type":"post","link":"https:\/\/radiomiaboyaca.com\/index.php\/2026\/08\/30\/enric-mas-gana-en-aitana-y-se-afianza-de-rojo-buitrago-nuevo-lider-de-la-montana-y-tejada-sigue-en-el-top-10\/","title":{"rendered":"Enric Mas gana en Aitana y se afianza de rojo; Buitrago nuevo L\u00cdDER de la monta\u00f1a y Tejada sigue en el top 10"},"content":{"rendered":"<div id=\"modal-ready\">\n<p><strong>Enric Mas<\/strong>\u00a0confirm\u00f3 este domingo que est\u00e1 dispuesto a defender con autoridad el liderato de\u00a0<strong>La Vuelta a Espa\u00f1a 2026<\/strong>. El corredor del\u00a0<strong>Movistar Team<\/strong>\u00a0se impuso en la\u00a0<strong>novena etapa<\/strong>, una exigente jornada de\u00a0<strong>187,4 kil\u00f3metros entre La Vila Joiosa\/Villajoyosa y el Alto de Aitana<\/strong>, con un tiempo de\u00a0<strong>5:10:40<\/strong>, en el primer gran examen de monta\u00f1a tras el abandono de\u00a0<strong>Tadej Pogacar<\/strong>.<\/p>\n<p>El mallorqu\u00edn venci\u00f3 en un mano a mano cerrado al brit\u00e1nico\u00a0<strong>Oscar Onley<\/strong>\u00a0(<strong>Netcompany INEOS<\/strong>), quien termin\u00f3 segundo con el mismo tiempo, mientras\u00a0<strong>Primoz Roglic<\/strong>\u00a0(<strong>Red Bull-Bora-Hansgrohe<\/strong>) fue tercero a\u00a0<strong>12 segundos<\/strong>. Mas no solo gan\u00f3 la etapa: tambi\u00e9n reforz\u00f3 el maillot rojo en una Vuelta que cambi\u00f3 por completo despu\u00e9s de la ca\u00edda y retirada del cinco veces campe\u00f3n del Tour en la jornada anterior. <\/p>\n<p>La etapa tuvo el sello de las grandes jornadas de monta\u00f1a, con casi\u00a0<strong>5.000 metros de desnivel positivo<\/strong>\u00a0y seis puertos puntuables. Entre las principales dificultades estuvieron\u00a0<strong>El Miserat<\/strong>, de primera categor\u00eda, y el ascenso final al\u00a0<strong>Alto de Aitana<\/strong>, tambi\u00e9n de primera, con\u00a0<strong>21,9 kil\u00f3metros al 5,8 %<\/strong>\u00a0de pendiente media, un terreno ideal para que los favoritos se midieran antes del primer d\u00eda de descanso.<\/p>\n<figure class=\"wp-block-embed is-type-rich is-provider-x wp-block-embed-x\">\n<div class=\"wp-block-embed__wrapper\">\n<blockquote class=\"twitter-tweet\" data-width=\"550\" data-dnt=\"true\">\n<p lang=\"es\" dir=\"ltr\"><img decoding=\"async\" src=\"https:\/\/s.w.org\/images\/core\/emoji\/14.0.0\/72x72\/1f62e-200d-1f4a8.png\" alt=\"\ud83d\ude2e\u200d\ud83d\udca8\" class=\"wp-smiley\" style=\"height: 1em; max-height: 1em;\" \/> Our breakaway is still going strong over the mountain of misery<\/p>\n<p><img decoding=\"async\" src=\"https:\/\/s.w.org\/images\/core\/emoji\/14.0.0\/72x72\/1f62a.png\" alt=\"\ud83d\ude2a\" class=\"wp-smiley\" style=\"height: 1em; max-height: 1em;\" \/> La fuga corona el temible Miserat con algo m\u00e1s de 3&#39; de ventaja con el grupo del l\u00edder <\/p>\n<p><img decoding=\"async\" src=\"https:\/\/s.w.org\/images\/core\/emoji\/14.0.0\/72x72\/26f0.png\" alt=\"\u26f0\" class=\"wp-smiley\" style=\"height: 1em; max-height: 1em;\" \/> 1&#x20e3; \ud835\udc0f\ud835\udc14\ud835\udc04\ud835\udc11\ud835\udc13\ud835\udc0e \ud835\udc03\ud835\udc04 \ud835\udc04\ud835\udc0b \ud835\udc0c\ud835\udc08\ud835\udc12\ud835\udc04\ud835\udc11\ud835\udc00\ud835\udc13<\/p>\n<p>1&#x20e3; <img decoding=\"async\" src=\"https:\/\/s.w.org\/images\/core\/emoji\/14.0.0\/72x72\/1f1e8-1f1f4.png\" alt=\"\ud83c\udde8\ud83c\uddf4\" class=\"wp-smiley\" style=\"height: 1em; max-height: 1em;\" \/> Santiago Buitrago &#8211; <a href=\"https:\/\/x.com\/BHRVictorious?ref_src=twsrc%5Etfw\">@BHRVictorious<\/a> | 10p.<br \/>2&#x20e3; <img decoding=\"async\" src=\"https:\/\/s.w.org\/images\/core\/emoji\/14.0.0\/72x72\/1f1eb-1f1f7.png\" alt=\"\ud83c\uddeb\ud83c\uddf7\" class=\"wp-smiley\" style=\"height: 1em; max-height: 1em;\" \/>  Pavel Sivakov -\u2026 <a href=\"https:\/\/t.co\/9E9KLkQzdD\">pic.twitter.com\/9E9KLkQzdD<\/a><\/p>\n<p>&mdash; La Vuelta (@lavuelta) <a href=\"https:\/\/x.com\/lavuelta\/status\/2094038098141143206?ref_src=twsrc%5Etfw\">August 30, 2026<\/a><\/p><\/blockquote>\n<p><script async src=\"https:\/\/platform.x.com\/widgets.js\" charset=\"utf-8\"><\/script>\n<\/div>\n<\/figure>\n<p>La actuaci\u00f3n colombiana tuvo como gran protagonista a\u00a0<strong>Santiago Buitrago<\/strong>. El corredor del\u00a0<strong>Bahrain Victorious<\/strong>\u00a0se meti\u00f3 en la fuga, coron\u00f3 primero el puerto de\u00a0<strong>El Miserat<\/strong>\u00a0y tambi\u00e9n pas\u00f3 en cabeza por el\u00a0<strong>Puerto de Tudons<\/strong>, sumando puntos decisivos para ponerse al frente de la clasificaci\u00f3n de la monta\u00f1a de La Vuelta. En meta, el bogotano termin\u00f3\u00a0<strong>10\u00b0<\/strong>, a\u00a0<strong>1:41<\/strong>de Enric Mas, cerrando un gran d\u00eda para los escarabajos. <\/p>\n<p>Tambi\u00e9n volvi\u00f3 a brillar\u00a0<strong>Harold Tejada<\/strong>, quien sigue confirmando una de sus mejores actuaciones en una gran vuelta. El huilense del\u00a0<strong>XDS Astana Team<\/strong>\u00a0termin\u00f3\u00a0<strong>octavo<\/strong>\u00a0en la etapa, a\u00a0<strong>33 segundos<\/strong>\u00a0del vencedor, resistiendo con los mejores en el Alto de Aitana y consolid\u00e1ndose como el mejor colombiano de la clasificaci\u00f3n general. <\/p>\n<p>En la general, Mas lleg\u00f3 al primer d\u00eda de descanso como l\u00edder con un acumulado de\u00a0<strong>28:34:03<\/strong>.\u00a0<strong>Primoz Roglic<\/strong>\u00a0es segundo a\u00a0<strong>1:18<\/strong>, <strong>Felix Gall<\/strong>\u00a0tercero a\u00a0<strong>1:39<\/strong>,\u00a0<strong>Oscar Onley<\/strong>\u00a0cuarto a\u00a0<strong>2:20<\/strong>\u00a0y\u00a0<strong>Richard Carapaz<\/strong>\u00a0quinto a\u00a0<strong>3:26<\/strong>. Tejada se mantiene en el\u00a0<strong>octavo puesto<\/strong>, a\u00a0<strong>4:39<\/strong>, instalado en el top 10 y alimentando la ilusi\u00f3n colombiana en una Vuelta que todav\u00eda tiene mucha monta\u00f1a por delante.<\/p>\n<p>La carrera tendr\u00e1 este lunes su primer d\u00eda de descanso antes de retomar la acci\u00f3n con la\u00a0<strong>d\u00e9cima etapa<\/strong>, entre\u00a0<strong>Alcaraz y Elche de la Sierra<\/strong>, sobre\u00a0<strong>184,7 kil\u00f3metros<\/strong>. Despu\u00e9s de Aitana, La Vuelta llega a la pausa con Mas fortalecido, Roglic y Gall al acecho, Buitrago vestido de monta\u00f1a y Tejada firme entre los diez mejores de la clasificaci\u00f3n general. <\/p>\n<\/div>\n","protected":false},"excerpt":{"rendered":"<p>Enric Mas\u00a0confirm\u00f3 este domingo que est\u00e1 dispuesto a defender con autoridad el liderato de\u00a0La Vuelta a Espa\u00f1a 2026. El corredor del\u00a0Movistar Team\u00a0se impuso en la\u00a0novena etapa, una exigente jornada de\u00a0187,4&hellip; <\/p>\n","protected":false},"author":1,"featured_media":2552,"comment_status":"open","ping_status":"closed","sticky":false,"template":"Default","format":"standard","meta":{"om_disable_all_campaigns":false,"_monsterinsights_skip_tracking":false,"fifu_image_url":"https:\/\/s.w.org\/images\/core\/emoji\/14.0.0\/72x72\/1f62e-200d-1f4a8.png","fifu_image_alt":"","footnotes":""},"categories":[3,9],"tags":[],"class_list":["post-2551","post","type-post","status-publish","format-standard","has-post-thumbnail","hentry","category-colombia","category-deportes"],"_links":{"self":[{"href":"https:\/\/radiomiaboyaca.com\/index.php\/wp-json\/wp\/v2\/posts\/2551","targetHints":{"allow":["GET"]}}],"collection":[{"href":"https:\/\/radiomiaboyaca.com\/index.php\/wp-json\/wp\/v2\/posts"}],"about":[{"href":"https:\/\/radiomiaboyaca.com\/index.php\/wp-json\/wp\/v2\/types\/post"}],"author":[{"embeddable":true,"href":"https:\/\/radiomiaboyaca.com\/index.php\/wp-json\/wp\/v2\/users\/1"}],"replies":[{"embeddable":true,"href":"https:\/\/radiomiaboyaca.com\/index.php\/wp-json\/wp\/v2\/comments?post=2551"}],"version-history":[{"count":1,"href":"https:\/\/radiomiaboyaca.com\/index.php\/wp-json\/wp\/v2\/posts\/2551\/revisions"}],"predecessor-version":[{"id":2553,"href":"https:\/\/radiomiaboyaca.com\/index.php\/wp-json\/wp\/v2\/posts\/2551\/revisions\/2553"}],"wp:featuredmedia":[{"embeddable":true,"href":"https:\/\/radiomiaboyaca.com\/index.php\/wp-json\/wp\/v2\/media\/2552"}],"wp:attachment":[{"href":"https:\/\/radiomiaboyaca.com\/index.php\/wp-json\/wp\/v2\/media?parent=2551"}],"wp:term":[{"taxonomy":"category","embeddable":true,"href":"https:\/\/radiomiaboyaca.com\/index.php\/wp-json\/wp\/v2\/categories?post=2551"},{"taxonomy":"post_tag","embeddable":true,"href":"https:\/\/radiomiaboyaca.com\/index.php\/wp-json\/wp\/v2\/tags?post=2551"}],"curies":[{"name":"wp","href":"https:\/\/api.w.org\/{rel}","templated":true}]}}